{"id":979,"date":"2025-04-29T09:13:14","date_gmt":"2025-04-29T09:13:14","guid":{"rendered":"https:\/\/www.valenciablue.com\/?p=979"},"modified":"2025-05-01T18:16:01","modified_gmt":"2025-05-01T18:16:01","slug":"then-the-lights-went-out","status":"publish","type":"post","link":"https:\/\/www.valenciablue.com\/es\/then-the-lights-went-out\/","title":{"rendered":"Entonces las luces se apagaron"},"content":{"rendered":"<h2 class=\"wp-block-heading\">Estar en la oscuridad, literal y figurativamente<\/h2>\n\n\n\n<p>As\u00ed que ah\u00ed estaba, a mitad de mi sesi\u00f3n del lunes en el gimnasio, cuando se fue la luz. &quot;No hay problema&quot;, pens\u00e9. Solo estoy haciendo pesas y la energ\u00eda que uso proviene de mis m\u00fasculos. Ese es el prop\u00f3sito del ejercicio, \u00bfno? Al rato, la recepcionista se acerc\u00f3 para anunciar que, efectivamente, se hab\u00eda ido la luz. No solo eso, sino que tambi\u00e9n se vieron afectados el internet y el tel\u00e9fono. Y afect\u00f3 a Espa\u00f1a y Francia.<\/p>\n\n\n\n<p><a href=\"https:\/\/www.theguardian.com\/world\/2025\/apr\/28\/spain-portugal-power-outage\" target=\"_blank\" rel=\"noreferrer noopener\">Qu\u00e9 pas\u00f3<\/a>En ese momento no lo sab\u00eda. Y lo que es m\u00e1s importante, no me fue f\u00e1cil averiguarlo. Tras un mensaje r\u00e1pido a mi esposa en Estados Unidos explic\u00e1ndole lo sucedido, mi tel\u00e9fono dej\u00f3 de funcionar como dispositivo de telecomunicaciones. Sin internet, sin se\u00f1al. En ese momento, me di cuenta de que era grave. Apagu\u00e9 mi celular para ahorrar energ\u00eda. Semanas antes, funcionarios de la Uni\u00f3n Europea sugirieron tener provisiones para tres d\u00edas por si acaso. Este parec\u00eda ser el caso.<\/p>\n\n\n\n<p>Hice un inventario r\u00e1pido de lo que ten\u00eda en casa. Ni pan ni un pl\u00e1tano. S\u00ed ten\u00eda conservas, que hab\u00eda comprado semanas antes por recomendaci\u00f3n de la UE. Hasta ahora, todo bien. Uso agua embotellada para la cafetera, as\u00ed que me queda de reserva. Hice un recuento r\u00e1pido de la comida para gatos. Hay suficientes latas y pienso para tres d\u00edas. El agua para ba\u00f1arnos podr\u00eda ser un problema. La presi\u00f3n del agua baj\u00f3 much\u00edsimo porque usamos bombas para llevarla a los pisos superiores en Valencia. Me di una ducha r\u00e1pida con el agua caliente que quedaba.<\/p>\n\n\n\n<div class=\"wp-block-media-text has-media-on-the-right is-stacked-on-mobile\" style=\"grid-template-columns:auto 34%\"><div class=\"wp-block-media-text__content\">\n<p>Despu\u00e9s de recriminarme por no haber hecho la compra el s\u00e1bado como hab\u00eda planeado, empec\u00e9 a hacer inventario de lo que ten\u00eda. Por suerte, hace poco compr\u00e9 una caja de &quot;bricks&quot; de leche. Son los cartones de leche UHT. Hasta que los abras, se conservan bien a temperatura ambiente. \u00bfY el refrigerador? Estaba vac\u00edo, salvo por unas lonchas de pavo. Ser\u00edan las primeras en consumirse. Quien no desperdicia, no quiere. Lo del congelador se pod\u00eda descongelar y consumir sin calentar si el corte del suministro el\u00e9ctrico se prolongaba.<\/p>\n<\/div><figure class=\"wp-block-media-text__media\"><img data-opt-id=1489614516  fetchpriority=\"high\" decoding=\"async\" width=\"1000\" height=\"1333\" src=\"https:\/\/mlr04w2evrow.i.optimole.com\/cb:O59K.20376\/w:auto\/h:auto\/q:mauto\/f:best\/id:92e8090b736365d1c7d4dd431a330dbf\/https:\/\/www.valenciablue.com\/power-out-milk-bricks-scaled-1.png\" alt=\"Boxes of UHT-treated milk over transparent background.\" class=\"wp-image-1039 size-full\"\/><\/figure><\/div>\n\n\n\n<p>Mientras pasaba tiempo en el apartamento, observaba a los peatones ir y venir. No cundi\u00f3 el p\u00e1nico y los coches segu\u00edan circulando por las calles. Obviamente, todos los sem\u00e1foros dejaron de funcionar, pero no hab\u00eda colas. Pens\u00e9 que si hab\u00eda un \u00e9xodo masivo, tendr\u00eda que encargarme de sacar a los gatos y a m\u00ed. No tengo coche, as\u00ed que esa es la preocupaci\u00f3n.<\/p>\n\n\n\n<div class=\"wp-block-media-text is-stacked-on-mobile\"><figure class=\"wp-block-media-text__media\"><img data-opt-id=1501552560  fetchpriority=\"high\" decoding=\"async\" width=\"1200\" height=\"900\" src=\"https:\/\/mlr04w2evrow.i.optimole.com\/cb:O59K.20376\/w:auto\/h:auto\/q:mauto\/f:best\/id:6d16fed7ab7be5b7ff9f0e483067859b\/https:\/\/www.valenciablue.com\/power-out-cake-walk.jpg\" alt=\"A hand holds two bags.\" class=\"wp-image-983 size-full\"\/><\/figure><div class=\"wp-block-media-text__content\">\n<p>Finalmente, baj\u00e9 los siete tramos de escaleras para contemplar la ciudad. Todo parec\u00eda normal, salvo por la falta de luz. Fui a una pasteler\u00eda cercana, cuyo cartel indicaba que no hab\u00eda pan. No importaba, quer\u00eda el dulce de todos modos. Solo aceptaba efectivo y lo ped\u00ed para llevar. Regres\u00e9 al apartamento con mis dos bolsitas. Cruzar calles sin sem\u00e1foros requer\u00eda algo de valent\u00eda. Sin embargo, los conductores notaban la presencia de los peatones esperando en las intersecciones. Cuando hubo suficiente gente, nos metimos en la calle. Y los conductores cedieron el paso.<\/p>\n<\/div><\/div>\n\n\n\n<p>Me encontr\u00e9 con un vecino al volver de esa escapada r\u00e1pida, quien me dijo que el problema tardar\u00eda hasta tres d\u00edas en solucionarse. Sin embargo, segu\u00eda sin tener idea de la causa. Supuse que se trataba de alg\u00fan tipo de hackeo. Tal vez incluso la p\u00e9rdida de uno o dos sat\u00e9lites. A\u00f1os antes, cuando viv\u00eda en Houston, una tormenta solar hab\u00eda interrumpido la comunicaci\u00f3n satelital, lo que hizo que mi buscapersonas dejara de funcionar. Es incre\u00edble lo interconectada que est\u00e1 toda nuestra tecnolog\u00eda.<\/p>\n\n\n\n<p>El apag\u00f3n hab\u00eda comenzado alrededor de las 12:30 p. m., hora local. Me acostumbr\u00e9 a la idea de que as\u00ed ser\u00eda mi vida durante d\u00edas. Por suerte, alrededor de las 8:30 de la noche volvi\u00f3 la luz. Lo supe porque o\u00ed v\u00edtores desde afuera. Lo primero que hice fue revisar la casa y realizar el ritual post-apag\u00f3n de reiniciar los relojes. Tard\u00f3 un poco en restablecerse el servicio telef\u00f3nico y, en consecuencia, las conexiones de red.<\/p>\n\n\n\n<figure class=\"wp-block-image size-large\"><img data-opt-id=1417527371  fetchpriority=\"high\" decoding=\"async\" width=\"1200\" height=\"900\" src=\"https:\/\/mlr04w2evrow.i.optimole.com\/cb:O59K.20376\/w:auto\/h:auto\/q:mauto\/f:best\/id:7d8caeb6d7617fb27f4ca362ae0bb8e5\/https:\/\/www.valenciablue.com\/power-out-tv-report.jpg\" alt=\"A reporter on a TV screen describes the power outage.\" class=\"wp-image-986\"\/><\/figure>\n\n\n\n<p>Este episodio me trajo recuerdos de estar en Texas cuando la red el\u00e9ctrica se cay\u00f3 en medio de un severo invierno. Fue causado por un aumento repentino de la demanda y la congelaci\u00f3n de los generadores. Texas, al igual que la pen\u00ednsula Ib\u00e9rica, es una &quot;isla energ\u00e9tica&quot;. Al igual que Texas, hay un factor pol\u00edtico involucrado. Seg\u00fan se informa, Francia no quiere que la energ\u00eda renovable m\u00e1s barata socave su industria el\u00e9ctrica actual. La cordillera de los Pirineos tambi\u00e9n act\u00faa como un impedimento para la interconexi\u00f3n en algunos lugares. Por eso, Portugal, Espa\u00f1a y solo una parte de Francia, cerca de Barcelona, se vieron afectados. La UE ha pedido a Espa\u00f1a y Francia que aumenten la conectividad transfronteriza, pero la respuesta ha sido lenta. Quiz\u00e1s... <em>Gran Apag\u00f3n<\/em> acelerar\u00e1 las cosas.<\/p>\n\n\n\n<p>En esta etapa inicial de la investigaci\u00f3n, no es seguro que &quot;Green Power&quot; sea el culpable, como me aleg\u00f3 un conocido del movimiento MAGA. Espa\u00f1a es muy buena diversificando sus recursos. No dispone de mucho petr\u00f3leo, al igual que EE. UU. De hecho, <a href=\"https:\/\/www.statista.com\/statistics\/1196686\/share-of-spanish-crude-oil-imports-by-country\/\" data-type=\"link\" data-id=\"https:\/\/www.statista.com\/statistics\/1196686\/share-of-spanish-crude-oil-imports-by-country\/\" target=\"_blank\" rel=\"noreferrer noopener\">Obtiene una gran cantidad de sus productos petrol\u00edferos importados<\/a> De EE. UU., M\u00e9xico y Brasil, entre otros. Ha invertido fuertemente en energ\u00edas renovables como la e\u00f3lica, la solar y la hidroel\u00e9ctrica. Tambi\u00e9n incluye energ\u00eda nuclear. Tanto es as\u00ed que, recientemente, Espa\u00f1a tuvo un d\u00eda en que el coste del kilovatio hora fue negativo, lo que significa, en esencia, electricidad gratuita para los consumidores.<\/p>\n\n\n\n<p>Si hubo un problema con la sostenibilidad, podr\u00eda estar en la implementaci\u00f3n. Normalmente, las l\u00edneas tienen balance de carga, pero por alguna raz\u00f3n, una parte del sistema se qued\u00f3 sin electricidad. (EDITAR: Los primeros indicios indican que parte de la red colaps\u00f3 debido a un problema al no poder mantener la frecuencia de 50 hercios de la corriente alterna). El efecto cascada derrib\u00f3 el resto de la red.<\/p>\n\n\n\n<p>Tras la interrupci\u00f3n, cuando se convierta en una indignaci\u00f3n, preveo que habr\u00e1 muchas acusaciones y recriminaciones. Se requerir\u00e1n algunas soluciones, como una mayor interconectividad con el resto de Europa como respaldo. En cuanto a m\u00ed, voy a la vieja escuela. Eso significa que me comprar\u00e9 una radio de onda corta a pilas. Lo m\u00e1s aterrador de toda esta experiencia fue, literalmente, no saber nada y, figurativamente, quedarme a oscuras.<\/p>\n\n\n\n<figure class=\"wp-block-image size-full\"><img data-opt-id=1301411266  data-opt-src=\"https:\/\/mlr04w2evrow.i.optimole.com\/cb:O59K.20376\/w:auto\/h:auto\/q:mauto\/f:best\/id:158f5f421193a7f60d596c6226056325\/https:\/\/www.valenciablue.com\/pexels-photo-12689351.jpeg\"  decoding=\"async\" width=\"1733\" height=\"1300\" src=\"data:image/svg+xml,%3Csvg%20viewBox%3D%220%200%20100%%20100%%22%20width%3D%22100%%22%20height%3D%22100%%22%20xmlns%3D%22http%3A%2F%2Fwww.w3.org%2F2000%2Fsvg%22%3E%3Crect%20width%3D%22100%%22%20height%3D%22100%%22%20fill%3D%22transparent%22%2F%3E%3C%2Fsvg%3E\" alt=\"vintage radio in close up photography\" class=\"wp-image-988\"\/><figcaption class=\"wp-element-caption\">Fotograf\u00eda de Mehmet Turgut Kirkgoz en <a href=\"https:\/\/www.pexels.com\/photo\/vintage-radio-in-close-up-photography-12689351\/\" rel=\"nofollow\">Pexels.com<\/a><\/figcaption><\/figure>","protected":false},"excerpt":{"rendered":"<p>\u00bfQu\u00e9 pas\u00f3? En ese momento no lo sab\u00eda. Y lo que es m\u00e1s importante, no me fue f\u00e1cil averiguarlo. Mi tel\u00e9fono dej\u00f3 de funcionar como dispositivo de telecomunicaciones.<\/p>","protected":false},"author":2,"featured_media":987,"comment_status":"open","ping_status":"closed","sticky":false,"template":"","format":"standard","meta":{"advanced_seo_description":"","jetpack_seo_html_title":"","jetpack_seo_noindex":false,"jetpack_post_was_ever_published":false,"_jetpack_newsletter_access":"","_jetpack_dont_email_post_to_subs":false,"_jetpack_newsletter_tier_id":0,"_jetpack_memberships_contains_paywalled_content":false,"_jetpack_memberships_contains_paid_content":false,"footnotes":"","jetpack_publicize_message":"I have experienced blackouts before; this one was different. #SpainPower #iberianpowerout #LivingInSpain","jetpack_publicize_feature_enabled":true,"jetpack_social_post_already_shared":false,"jetpack_social_options":{"image_generator_settings":{"template":"highway","enabled":false},"version":2}},"categories":[1,9],"tags":[70],"class_list":["post-979","post","type-post","status-publish","format-standard","has-post-thumbnail","hentry","category-daily-life","category-updates","tag-spainpower-livinginspain-spanishenergy"],"jetpack_publicize_connections":[],"jetpack_featured_media_url":"https:\/\/mlr04w2evrow.i.optimole.com\/cb:O59K.20376\/w:1200\/h:900\/q:mauto\/f:best\/id:a3caab36c6a2748bf2b2052ed776f2a4\/https:\/\/www.valenciablue.com\/power-out-walk-sign.jpg","jetpack-related-posts":[{"id":335,"url":"https:\/\/www.valenciablue.com\/es\/maintaining-contact-with-your-online-accounts-in-the-u-s\/","url_meta":{"origin":979,"position":0},"title":"Mantener contacto con sus cuentas en l\u00ednea en los EE. UU.","author":"Admin","date":"15\/02\/2024","format":false,"excerpt":"Poder iniciar sesi\u00f3n en algunas cuentas desde el extranjero requiere una planificaci\u00f3n previa.","rel":"","context":"En \u00abDaily life\u00bb","block_context":{"text":"Daily life","link":"https:\/\/www.valenciablue.com\/es\/category\/daily-life\/"},"img":{"alt_text":"Reflection of a building on the front windshield of a bus in central Valencia, Spain.","src":"https:\/\/mlr04w2evrow.i.optimole.com\/cb:O59K.20376\/w:auto\/h:auto\/q:mauto\/f:best\/https:\/\/i0.wp.com\/mlr04w2evrow.i.optimole.com\/w%3A1200\/h%3A900\/q%3Amauto\/process%3A332\/id%3Aec1cd7eef441fe7b1be1b8284bc91c32\/https%3A\/\/www.valenciablue.com\/reflection-bus-feature.jpg?resize=350%2C200&ssl=1","width":350,"height":200,"srcset":"https:\/\/mlr04w2evrow.i.optimole.com\/cb:O59K.20376\/w:auto\/h:auto\/q:mauto\/f:best\/https:\/\/i0.wp.com\/mlr04w2evrow.i.optimole.com\/w%3A1200\/h%3A900\/q%3Amauto\/process%3A332\/id%3Aec1cd7eef441fe7b1be1b8284bc91c32\/https%3A\/\/www.valenciablue.com\/reflection-bus-feature.jpg?resize=350%2C200&ssl=1 1x, https:\/\/mlr04w2evrow.i.optimole.com\/cb:O59K.20376\/w:auto\/h:auto\/q:mauto\/f:best\/https:\/\/i0.wp.com\/mlr04w2evrow.i.optimole.com\/w%3A1200\/h%3A900\/q%3Amauto\/process%3A332\/id%3Aec1cd7eef441fe7b1be1b8284bc91c32\/https%3A\/\/www.valenciablue.com\/reflection-bus-feature.jpg?resize=525%2C300&ssl=1 1.5x, https:\/\/mlr04w2evrow.i.optimole.com\/cb:O59K.20376\/w:auto\/h:auto\/q:mauto\/f:best\/https:\/\/i0.wp.com\/mlr04w2evrow.i.optimole.com\/w%3A1200\/h%3A900\/q%3Amauto\/process%3A332\/id%3Aec1cd7eef441fe7b1be1b8284bc91c32\/https%3A\/\/www.valenciablue.com\/reflection-bus-feature.jpg?resize=700%2C400&ssl=1 2x, https:\/\/mlr04w2evrow.i.optimole.com\/cb:O59K.20376\/w:auto\/h:auto\/q:mauto\/f:best\/https:\/\/i0.wp.com\/mlr04w2evrow.i.optimole.com\/w%3A1200\/h%3A900\/q%3Amauto\/process%3A332\/id%3Aec1cd7eef441fe7b1be1b8284bc91c32\/https%3A\/\/www.valenciablue.com\/reflection-bus-feature.jpg?resize=1050%2C600&ssl=1 3x"},"classes":[]},{"id":821,"url":"https:\/\/www.valenciablue.com\/es\/exploring-new-paths-in-retirement\/","url_meta":{"origin":979,"position":1},"title":"Explorando nuevos caminos en la jubilaci\u00f3n","author":"Admin","date":"26\/01\/2025","format":false,"excerpt":"En cuanto a la raz\u00f3n por la que escribo estos art\u00edculos, es por lo que hay entre las rebanadas de pan, un bocadillo, por as\u00ed decirlo.","rel":"","context":"En \u00abDaily life\u00bb","block_context":{"text":"Daily life","link":"https:\/\/www.valenciablue.com\/es\/category\/daily-life\/"},"img":{"alt_text":"AI-generated image of mountain with lightbulb superimposed over it, and the light's reflection illuminating a path and silhouetting a figure standing before it on a red background.","src":"https:\/\/mlr04w2evrow.i.optimole.com\/cb:O59K.20376\/w:auto\/h:auto\/q:mauto\/f:best\/https:\/\/i0.wp.com\/mlr04w2evrow.i.optimole.com\/w%3A1200\/h%3A900\/q%3Amauto\/process%3A827\/id%3A3223f8b3f4a0c01ae3c1ff5d7ec323f5\/https%3A\/\/www.valenciablue.com\/featured-path-ai.png?resize=350%2C200&ssl=1","width":350,"height":200,"srcset":"https:\/\/mlr04w2evrow.i.optimole.com\/cb:O59K.20376\/w:auto\/h:auto\/q:mauto\/f:best\/https:\/\/i0.wp.com\/mlr04w2evrow.i.optimole.com\/w%3A1200\/h%3A900\/q%3Amauto\/process%3A827\/id%3A3223f8b3f4a0c01ae3c1ff5d7ec323f5\/https%3A\/\/www.valenciablue.com\/featured-path-ai.png?resize=350%2C200&ssl=1 1x, https:\/\/mlr04w2evrow.i.optimole.com\/cb:O59K.20376\/w:auto\/h:auto\/q:mauto\/f:best\/https:\/\/i0.wp.com\/mlr04w2evrow.i.optimole.com\/w%3A1200\/h%3A900\/q%3Amauto\/process%3A827\/id%3A3223f8b3f4a0c01ae3c1ff5d7ec323f5\/https%3A\/\/www.valenciablue.com\/featured-path-ai.png?resize=525%2C300&ssl=1 1.5x, https:\/\/mlr04w2evrow.i.optimole.com\/cb:O59K.20376\/w:auto\/h:auto\/q:mauto\/f:best\/https:\/\/i0.wp.com\/mlr04w2evrow.i.optimole.com\/w%3A1200\/h%3A900\/q%3Amauto\/process%3A827\/id%3A3223f8b3f4a0c01ae3c1ff5d7ec323f5\/https%3A\/\/www.valenciablue.com\/featured-path-ai.png?resize=700%2C400&ssl=1 2x, https:\/\/mlr04w2evrow.i.optimole.com\/cb:O59K.20376\/w:auto\/h:auto\/q:mauto\/f:best\/https:\/\/i0.wp.com\/mlr04w2evrow.i.optimole.com\/w%3A1200\/h%3A900\/q%3Amauto\/process%3A827\/id%3A3223f8b3f4a0c01ae3c1ff5d7ec323f5\/https%3A\/\/www.valenciablue.com\/featured-path-ai.png?resize=1050%2C600&ssl=1 3x"},"classes":[]},{"id":962,"url":"https:\/\/www.valenciablue.com\/es\/what-i-know-now-but-didnt-before-about-moving-to-spain\/","url_meta":{"origin":979,"position":2},"title":"Lo que s\u00e9 ahora, pero no sab\u00eda antes, sobre mudarme a Espa\u00f1a","author":"Admin","date":"06\/04\/2025","format":false,"excerpt":"Este es un resumen r\u00e1pido, y ciertamente no exhaustivo, de algunas de las cosas que descubr\u00ed.","rel":"","context":"En \u00abDaily life\u00bb","block_context":{"text":"Daily life","link":"https:\/\/www.valenciablue.com\/es\/category\/daily-life\/"},"img":{"alt_text":"man and woman sitting on brown wooden bench","src":"https:\/\/mlr04w2evrow.i.optimole.com\/cb:O59K.20376\/w:auto\/h:auto\/q:mauto\/f:best\/https:\/\/i0.wp.com\/mlr04w2evrow.i.optimole.com\/w%3A1674\/h%3A1300\/q%3Amauto\/process%3A966\/id%3A1b83fd08418fce20f946e72b8ce13097\/https%3A\/\/www.valenciablue.com\/pexels-photo-1034597.jpeg?resize=350%2C200&ssl=1","width":350,"height":200,"srcset":"https:\/\/mlr04w2evrow.i.optimole.com\/cb:O59K.20376\/w:auto\/h:auto\/q:mauto\/f:best\/https:\/\/i0.wp.com\/mlr04w2evrow.i.optimole.com\/w%3A1674\/h%3A1300\/q%3Amauto\/process%3A966\/id%3A1b83fd08418fce20f946e72b8ce13097\/https%3A\/\/www.valenciablue.com\/pexels-photo-1034597.jpeg?resize=350%2C200&ssl=1 1x, https:\/\/mlr04w2evrow.i.optimole.com\/cb:O59K.20376\/w:auto\/h:auto\/q:mauto\/f:best\/https:\/\/i0.wp.com\/mlr04w2evrow.i.optimole.com\/w%3A1674\/h%3A1300\/q%3Amauto\/process%3A966\/id%3A1b83fd08418fce20f946e72b8ce13097\/https%3A\/\/www.valenciablue.com\/pexels-photo-1034597.jpeg?resize=525%2C300&ssl=1 1.5x, https:\/\/mlr04w2evrow.i.optimole.com\/cb:O59K.20376\/w:auto\/h:auto\/q:mauto\/f:best\/https:\/\/i0.wp.com\/mlr04w2evrow.i.optimole.com\/w%3A1674\/h%3A1300\/q%3Amauto\/process%3A966\/id%3A1b83fd08418fce20f946e72b8ce13097\/https%3A\/\/www.valenciablue.com\/pexels-photo-1034597.jpeg?resize=700%2C400&ssl=1 2x, https:\/\/mlr04w2evrow.i.optimole.com\/cb:O59K.20376\/w:auto\/h:auto\/q:mauto\/f:best\/https:\/\/i0.wp.com\/mlr04w2evrow.i.optimole.com\/w%3A1674\/h%3A1300\/q%3Amauto\/process%3A966\/id%3A1b83fd08418fce20f946e72b8ce13097\/https%3A\/\/www.valenciablue.com\/pexels-photo-1034597.jpeg?resize=1050%2C600&ssl=1 3x, https:\/\/mlr04w2evrow.i.optimole.com\/cb:O59K.20376\/w:auto\/h:auto\/q:mauto\/f:best\/https:\/\/i0.wp.com\/mlr04w2evrow.i.optimole.com\/w%3A1674\/h%3A1300\/q%3Amauto\/process%3A966\/id%3A1b83fd08418fce20f946e72b8ce13097\/https%3A\/\/www.valenciablue.com\/pexels-photo-1034597.jpeg?resize=1400%2C800&ssl=1 4x"},"classes":[]},{"id":1073,"url":"https:\/\/www.valenciablue.com\/es\/fear-as-a-positive-motivator\/","url_meta":{"origin":979,"position":3},"title":"El miedo como motivador positivo","author":"Admin","date":"23\/05\/2025","format":false,"excerpt":"El miedo puede frenarte, pero tambi\u00e9n puede impulsarte a realizar cambios positivos.","rel":"","context":"En \u00abDaily life\u00bb","block_context":{"text":"Daily life","link":"https:\/\/www.valenciablue.com\/es\/category\/daily-life\/"},"img":{"alt_text":"The letters \"FOMO\" spraypainted on a brick wall.","src":"https:\/\/mlr04w2evrow.i.optimole.com\/cb:O59K.20376\/w:auto\/h:auto\/q:mauto\/f:best\/https:\/\/i0.wp.com\/mlr04w2evrow.i.optimole.com\/w%3A1200\/h%3A900\/q%3Amauto\/process%3A1071\/id%3A9bd172732a532f1732d631e819f61ae0\/https%3A\/\/www.valenciablue.com\/fomo-on-wall-featured-image.jpg?resize=350%2C200&ssl=1","width":350,"height":200,"srcset":"https:\/\/mlr04w2evrow.i.optimole.com\/cb:O59K.20376\/w:auto\/h:auto\/q:mauto\/f:best\/https:\/\/i0.wp.com\/mlr04w2evrow.i.optimole.com\/w%3A1200\/h%3A900\/q%3Amauto\/process%3A1071\/id%3A9bd172732a532f1732d631e819f61ae0\/https%3A\/\/www.valenciablue.com\/fomo-on-wall-featured-image.jpg?resize=350%2C200&ssl=1 1x, https:\/\/mlr04w2evrow.i.optimole.com\/cb:O59K.20376\/w:auto\/h:auto\/q:mauto\/f:best\/https:\/\/i0.wp.com\/mlr04w2evrow.i.optimole.com\/w%3A1200\/h%3A900\/q%3Amauto\/process%3A1071\/id%3A9bd172732a532f1732d631e819f61ae0\/https%3A\/\/www.valenciablue.com\/fomo-on-wall-featured-image.jpg?resize=525%2C300&ssl=1 1.5x, https:\/\/mlr04w2evrow.i.optimole.com\/cb:O59K.20376\/w:auto\/h:auto\/q:mauto\/f:best\/https:\/\/i0.wp.com\/mlr04w2evrow.i.optimole.com\/w%3A1200\/h%3A900\/q%3Amauto\/process%3A1071\/id%3A9bd172732a532f1732d631e819f61ae0\/https%3A\/\/www.valenciablue.com\/fomo-on-wall-featured-image.jpg?resize=700%2C400&ssl=1 2x, https:\/\/mlr04w2evrow.i.optimole.com\/cb:O59K.20376\/w:auto\/h:auto\/q:mauto\/f:best\/https:\/\/i0.wp.com\/mlr04w2evrow.i.optimole.com\/w%3A1200\/h%3A900\/q%3Amauto\/process%3A1071\/id%3A9bd172732a532f1732d631e819f61ae0\/https%3A\/\/www.valenciablue.com\/fomo-on-wall-featured-image.jpg?resize=1050%2C600&ssl=1 3x"},"classes":[]},{"id":1184,"url":"https:\/\/www.valenciablue.com\/es\/what-a-long-strange-trip-it-has-been-for-my-bike\/","url_meta":{"origin":979,"position":4},"title":"\u00a1Qu\u00e9 viaje tan largo y extra\u00f1o ha sido (para mi bicicleta)!","author":"Admin","date":"14\/09\/2025","format":false,"excerpt":"En septiembre de 2025, mi bicicleta finalmente regres\u00f3 conmigo a Espa\u00f1a.","rel":"","context":"En \u00abDaily life\u00bb","block_context":{"text":"Daily life","link":"https:\/\/www.valenciablue.com\/es\/category\/daily-life\/"},"img":{"alt_text":"A taped and sealed bike box over transparent background.","src":"https:\/\/mlr04w2evrow.i.optimole.com\/cb:O59K.20376\/w:auto\/h:auto\/q:mauto\/f:best\/https:\/\/i0.wp.com\/mlr04w2evrow.i.optimole.com\/w%3A1200\/h%3A900\/q%3Amauto\/process%3A1205\/id%3A8509ef52993a44ca0d4d66b93eb137a6\/https%3A\/\/www.valenciablue.com\/box-condition-start-edge.png?resize=350%2C200&ssl=1","width":350,"height":200,"srcset":"https:\/\/mlr04w2evrow.i.optimole.com\/cb:O59K.20376\/w:auto\/h:auto\/q:mauto\/f:best\/https:\/\/i0.wp.com\/mlr04w2evrow.i.optimole.com\/w%3A1200\/h%3A900\/q%3Amauto\/process%3A1205\/id%3A8509ef52993a44ca0d4d66b93eb137a6\/https%3A\/\/www.valenciablue.com\/box-condition-start-edge.png?resize=350%2C200&ssl=1 1x, https:\/\/mlr04w2evrow.i.optimole.com\/cb:O59K.20376\/w:auto\/h:auto\/q:mauto\/f:best\/https:\/\/i0.wp.com\/mlr04w2evrow.i.optimole.com\/w%3A1200\/h%3A900\/q%3Amauto\/process%3A1205\/id%3A8509ef52993a44ca0d4d66b93eb137a6\/https%3A\/\/www.valenciablue.com\/box-condition-start-edge.png?resize=525%2C300&ssl=1 1.5x, https:\/\/mlr04w2evrow.i.optimole.com\/cb:O59K.20376\/w:auto\/h:auto\/q:mauto\/f:best\/https:\/\/i0.wp.com\/mlr04w2evrow.i.optimole.com\/w%3A1200\/h%3A900\/q%3Amauto\/process%3A1205\/id%3A8509ef52993a44ca0d4d66b93eb137a6\/https%3A\/\/www.valenciablue.com\/box-condition-start-edge.png?resize=700%2C400&ssl=1 2x, https:\/\/mlr04w2evrow.i.optimole.com\/cb:O59K.20376\/w:auto\/h:auto\/q:mauto\/f:best\/https:\/\/i0.wp.com\/mlr04w2evrow.i.optimole.com\/w%3A1200\/h%3A900\/q%3Amauto\/process%3A1205\/id%3A8509ef52993a44ca0d4d66b93eb137a6\/https%3A\/\/www.valenciablue.com\/box-condition-start-edge.png?resize=1050%2C600&ssl=1 3x"},"classes":[]},{"id":615,"url":"https:\/\/www.valenciablue.com\/es\/bicycling-in-the-valencian-countryside\/","url_meta":{"origin":979,"position":5},"title":"En bicicleta por el campo valenciano","author":"Admin","date":"20\/09\/2024","format":false,"excerpt":"Los temas de mis im\u00e1genes suelen ser objetos cotidianos. Me intrigan, por ejemplo, las estructuras que se encuentran en medio de las rotondas cuando uno entra a la ciudad.","rel":"","context":"En \u00abDaily life\u00bb","block_context":{"text":"Daily life","link":"https:\/\/www.valenciablue.com\/es\/category\/daily-life\/"},"img":{"alt_text":"Spanish word \"Vamos\" spraypainted on brick wall behind bicycle.","src":"https:\/\/mlr04w2evrow.i.optimole.com\/cb:O59K.20376\/w:auto\/h:auto\/q:mauto\/f:best\/https:\/\/i0.wp.com\/mlr04w2evrow.i.optimole.com\/w%3A1200\/h%3A900\/q%3Amauto\/process%3A643\/id%3A101275d86da7307415db500d3cbd905d\/https%3A\/\/www.valenciablue.com\/vamos-and-bicycle.jpg?resize=350%2C200&ssl=1","width":350,"height":200,"srcset":"https:\/\/mlr04w2evrow.i.optimole.com\/cb:O59K.20376\/w:auto\/h:auto\/q:mauto\/f:best\/https:\/\/i0.wp.com\/mlr04w2evrow.i.optimole.com\/w%3A1200\/h%3A900\/q%3Amauto\/process%3A643\/id%3A101275d86da7307415db500d3cbd905d\/https%3A\/\/www.valenciablue.com\/vamos-and-bicycle.jpg?resize=350%2C200&ssl=1 1x, https:\/\/mlr04w2evrow.i.optimole.com\/cb:O59K.20376\/w:auto\/h:auto\/q:mauto\/f:best\/https:\/\/i0.wp.com\/mlr04w2evrow.i.optimole.com\/w%3A1200\/h%3A900\/q%3Amauto\/process%3A643\/id%3A101275d86da7307415db500d3cbd905d\/https%3A\/\/www.valenciablue.com\/vamos-and-bicycle.jpg?resize=525%2C300&ssl=1 1.5x, https:\/\/mlr04w2evrow.i.optimole.com\/cb:O59K.20376\/w:auto\/h:auto\/q:mauto\/f:best\/https:\/\/i0.wp.com\/mlr04w2evrow.i.optimole.com\/w%3A1200\/h%3A900\/q%3Amauto\/process%3A643\/id%3A101275d86da7307415db500d3cbd905d\/https%3A\/\/www.valenciablue.com\/vamos-and-bicycle.jpg?resize=700%2C400&ssl=1 2x, https:\/\/mlr04w2evrow.i.optimole.com\/cb:O59K.20376\/w:auto\/h:auto\/q:mauto\/f:best\/https:\/\/i0.wp.com\/mlr04w2evrow.i.optimole.com\/w%3A1200\/h%3A900\/q%3Amauto\/process%3A643\/id%3A101275d86da7307415db500d3cbd905d\/https%3A\/\/www.valenciablue.com\/vamos-and-bicycle.jpg?resize=1050%2C600&ssl=1 3x"},"classes":[]}],"jetpack_shortlink":"https:\/\/wp.me\/pftBvt-fN","jetpack_sharing_enabled":true,"jetpack_likes_enabled":true,"_links":{"self":[{"href":"https:\/\/www.valenciablue.com\/es\/wp-json\/wp\/v2\/posts\/979","targetHints":{"allow":["GET"]}}],"collection":[{"href":"https:\/\/www.valenciablue.com\/es\/wp-json\/wp\/v2\/posts"}],"about":[{"href":"https:\/\/www.valenciablue.com\/es\/wp-json\/wp\/v2\/types\/post"}],"author":[{"embeddable":true,"href":"https:\/\/www.valenciablue.com\/es\/wp-json\/wp\/v2\/users\/2"}],"replies":[{"embeddable":true,"href":"https:\/\/www.valenciablue.com\/es\/wp-json\/wp\/v2\/comments?post=979"}],"version-history":[{"count":13,"href":"https:\/\/www.valenciablue.com\/es\/wp-json\/wp\/v2\/posts\/979\/revisions"}],"predecessor-version":[{"id":1040,"href":"https:\/\/www.valenciablue.com\/es\/wp-json\/wp\/v2\/posts\/979\/revisions\/1040"}],"wp:featuredmedia":[{"embeddable":true,"href":"https:\/\/www.valenciablue.com\/es\/wp-json\/wp\/v2\/media\/987"}],"wp:attachment":[{"href":"https:\/\/www.valenciablue.com\/es\/wp-json\/wp\/v2\/media?parent=979"}],"wp:term":[{"taxonomy":"category","embeddable":true,"href":"https:\/\/www.valenciablue.com\/es\/wp-json\/wp\/v2\/categories?post=979"},{"taxonomy":"post_tag","embeddable":true,"href":"https:\/\/www.valenciablue.com\/es\/wp-json\/wp\/v2\/tags?post=979"}],"curies":[{"name":"gracias","href":"https:\/\/api.w.org\/{rel}","templated":true}]}}