{"id":871,"date":"2025-03-04T10:46:23","date_gmt":"2025-03-04T10:46:23","guid":{"rendered":"https:\/\/www.valenciablue.com\/?p=871"},"modified":"2025-03-05T08:11:30","modified_gmt":"2025-03-05T08:11:30","slug":"the-lift-is-letting-me-down","status":"publish","type":"post","link":"https:\/\/www.valenciablue.com\/es\/the-lift-is-letting-me-down\/","title":{"rendered":"El ascensor me est\u00e1 decepcionando"},"content":{"rendered":"<h2 class=\"wp-block-heading\">\u00bfCu\u00e1l es el lado positivo de verse obligado a usar las escaleras?<\/h2>\n\n\n\n<p>Es el fin de los tiempos. Vale, no es tan extremo, pero lo parece. <a href=\"https:\/\/www.spanishpropertyinsight.com\/guides\/community-of-owners-in-spain\" target=\"_blank\" rel=\"noreferrer noopener\"><em>Comunidad de Propietarios<\/em><\/a>, el grupo de propietarios del edificio, est\u00e1 rehaciendo el acceso al <em><a href=\"https:\/\/es.wikipedia.org\/wiki\/Ascensor\" target=\"_blank\" rel=\"noreferrer noopener\">Ascensor<\/a><\/em>, que es el ascensor o elevador. Adem\u00e1s del martilleo matutino, puedo esperar tres semanas de subir y bajar escaleras constantemente.<\/p>\n\n\n\n<div class=\"wp-block-media-text has-media-on-the-right is-stacked-on-mobile\" style=\"grid-template-columns:auto 72%\"><div class=\"wp-block-media-text__content\">\n<p>Como vivo en el s\u00e9ptimo piso (octavo piso para mis compatriotas estadounidenses), ser\u00e1 una <a href=\"https:\/\/welltech.com\/content\/stair-stepper-muscles-worked-benefits-workout-time\/\" target=\"_blank\" rel=\"noreferrer noopener\">Entrenamiento con step<\/a>.<\/p>\n\n\n\n<p>No s\u00e9 si son 15 d\u00edas de trabajo (sin contar los fines de semana) o 15 d\u00edas en total. De cualquier manera, estoy planeando un cierre de tres semanas. De esa manera, me llevar\u00e9 una grata sorpresa si termina antes.<\/p>\n<\/div><figure class=\"wp-block-media-text__media\"><img data-opt-id=668002741  fetchpriority=\"high\" decoding=\"async\" src=\"https:\/\/mlr04w2evrow.i.optimole.com\/cb:O59K.20376\/w:1024\/h:768\/q:mauto\/f:best\/id:93ac8f7dff44d90645fedcf2ce28b486\/https:\/\/www.valenciablue.com\/EYVhjbdR424-_2t8zlrLg.jpeg\" alt=\"\" class=\"wp-image-885 size-full\"\/><\/figure><\/div>\n\n\n\n<p>No es un problema para m\u00ed, hasta que tengo que subir y bajar esos ocho tramos de escaleras con la bicicleta. Como ya lo he hecho antes, las ruedas y el manillar chocan intermitentemente contra las paredes. Es una escalera estrecha, por lo que intentar evitar este impacto es dif\u00edcil. <\/p>\n\n\n\n<p>Hace a\u00f1os, cuando yo <a href=\"https:\/\/www.timesnewromanbook.com\/\" data-type=\"link\" data-id=\"https:\/\/www.timesnewromanbook.com\/\" target=\"_blank\" rel=\"noreferrer noopener\">estudi\u00f3 en Roma<\/a>Viv\u00edamos en un edificio de cuatro pisos sin ascensor. Mi esposa me llamaba desde la entrada de la planta baja para que subiera las compras. No estoy familiarizado con eso de las escaleras.<\/p>\n\n\n\n<p>(Des)afortunadamente, se pronostica lluvia para la pr\u00f3xima semana. No tendr\u00e9 que lidiar con el clima hasta la salida grupal del s\u00e1bado. Cuando traje un par de mis bicicletas desde los EE. UU., inclu\u00ed el entrenador para andar en interiores. Esto significa que a\u00fan puedo tener tiempo en el sill\u00edn. Existe el beneficio adicional de llevar cajas de arena para gatos, cartones de leche y botellas de agua de las compras. Voy a estar muy <a href=\"https:\/\/www.merriam-webster.com\/dictionary\/swole\" target=\"_blank\" rel=\"noreferrer noopener\">hinchado<\/a> \u2013 o dolorido.<\/p>\n\n\n\n<figure class=\"wp-block-image aligncenter size-large\"><img data-opt-id=781915523  fetchpriority=\"high\" decoding=\"async\" width=\"719\" height=\"439\" src=\"https:\/\/mlr04w2evrow.i.optimole.com\/cb:O59K.20376\/w:auto\/h:auto\/q:mauto\/f:best\/id:49da6d87977c60774b9f6f2099026f0e\/https:\/\/www.valenciablue.com\/rain-forecast-screengrab.png\" alt=\"\" class=\"wp-image-874\"\/><figcaption class=\"wp-element-caption\">Pron\u00f3stico del tiempo para el 4 de marzo de 2025<\/figcaption><\/figure>\n\n\n\n<p>\u00bfMencion\u00e9 que cortaron el servicio de agua? Ahora es intermitente y cuando funciona, el agua simplemente gotea de los grifos debido a la baja presi\u00f3n. Es como una excavaci\u00f3n arqueol\u00f3gica cuando se hace una remodelaci\u00f3n. Nunca se sabe lo que se descubrir\u00e1 antes de comenzar la excavaci\u00f3n.<\/p>\n\n\n\n<p>Nuestros vecinos nos avisaron de este proyecto hace semanas con un encogimiento de hombros en se\u00f1al de resignaci\u00f3n. Por lo que he podido deducir, se trata de una respuesta a una directiva para facilitar el acceso a los ascensores a las personas con movilidad reducida. La rampa del vest\u00edbulo es algo empinada, pero no s\u00e9 si se debe a un problema de movilidad. <a href=\"https:\/\/www.aszende.com\/en\/blog\/accessibility-elevators\/\" target=\"_blank\" rel=\"noreferrer noopener\">cumplimiento<\/a> con la nueva normativa.<\/p>\n\n\n\n<p>Adem\u00e1s, el ascensor es un poco extra\u00f1o y, a veces, no se alinea del todo con el piso cuando se abren las puertas. Con suerte, eso se solucionar\u00e1 durante la renovaci\u00f3n.<\/p>\n\n\n\n<p>En general, despu\u00e9s de las molestias temporales, ser\u00e1 bueno para todos. Espa\u00f1a tiene una <a href=\"https:\/\/www.statista.com\/statistics\/1231682\/population-of-spain-over-65-year\" data-type=\"link\" data-id=\"https:\/\/www.statista.com\/statistics\/1231682\/population-of-spain-over-65-year\" target=\"_blank\" rel=\"noreferrer noopener\">poblaci\u00f3n que envejece<\/a>, por lo que manejar esto ahora permite que las personas permanezcan en sus hogares por m\u00e1s tiempo. Tendr\u00e9 el beneficio adicional de encontrarme con mis compa\u00f1eros residentes m\u00e1s a menudo mientras subimos y bajamos las escaleras. Y puedo mejorar mi espa\u00f1ol mientras nos lamentamos por c\u00f3mo va el trabajo.<\/p>\n\n\n\n<div class=\"wp-block-jetpack-slideshow aligncenter\" data-effect=\"slide\"><div class=\"wp-block-jetpack-slideshow_container swiper-container\"><ul class=\"wp-block-jetpack-slideshow_swiper-wrapper swiper-wrapper\"><li class=\"wp-block-jetpack-slideshow_slide swiper-slide\"><figure><img data-opt-id=446311647  fetchpriority=\"high\" decoding=\"async\" width=\"779\" height=\"1039\" alt=\"Worker standing among the rubble from renovating the elevator access.\" class=\"wp-block-jetpack-slideshow_image wp-image-876\" data-id=\"876\" src=\"https:\/\/mlr04w2evrow.i.optimole.com\/cb:O59K.20376\/w:auto\/h:auto\/q:mauto\/f:best\/id:994e6ef24570cf310bde0405bb2edbae\/https:\/\/www.valenciablue.com\/workers-sildeshow-vertical.jpeg\"\/><figcaption class=\"wp-block-jetpack-slideshow_caption gallery-caption\">Primer d\u00eda de obras en el acceso al ascensor. Se puede ver la rampa a la izquierda de la foto.<\/figcaption><\/figure><\/li><li class=\"wp-block-jetpack-slideshow_slide swiper-slide\"><figure><img data-opt-id=960438357  data-opt-src=\"https:\/\/mlr04w2evrow.i.optimole.com\/cb:O59K.20376\/w:auto\/h:auto\/q:mauto\/f:best\/id:79c5d2e492789befb5f07d424353964d\/https:\/\/www.valenciablue.com\/unknown-pipe-sildeshow-vertical.jpeg\"  decoding=\"async\" width=\"779\" height=\"1039\" alt=\"Pipe uncovered during the renovation of the ramp leading to the elevator.\" class=\"wp-block-jetpack-slideshow_image wp-image-877\" data-id=\"877\" src=\"data:image/svg+xml,%3Csvg%20viewBox%3D%220%200%20100%%20100%%22%20width%3D%22100%%22%20height%3D%22100%%22%20xmlns%3D%22http%3A%2F%2Fwww.w3.org%2F2000%2Fsvg%22%3E%3Crect%20width%3D%22100%%22%20height%3D%22100%%22%20fill%3D%22transparent%22%2F%3E%3C%2Fsvg%3E\"\/><figcaption class=\"wp-block-jetpack-slideshow_caption gallery-caption\">Tuber\u00eda descubierta durante la renovaci\u00f3n de la rampa que conduce al ascensor.<\/figcaption><\/figure><\/li><li class=\"wp-block-jetpack-slideshow_slide swiper-slide\"><figure><img data-opt-id=53429958  data-opt-src=\"https:\/\/mlr04w2evrow.i.optimole.com\/cb:O59K.20376\/w:auto\/h:auto\/q:mauto\/f:best\/id:1b91ce98d1e6cefd90b48f75d7e4e057\/https:\/\/www.valenciablue.com\/aftermath-buzones-sildeshow-vertical.jpeg\"  decoding=\"async\" width=\"779\" height=\"1039\" alt=\"A tarp covers the entrance to the elevator and debris is on the floor from the reconstruction of the floor.\" class=\"wp-block-jetpack-slideshow_image wp-image-875\" data-id=\"875\" src=\"data:image/svg+xml,%3Csvg%20viewBox%3D%220%200%20100%%20100%%22%20width%3D%22100%%22%20height%3D%22100%%22%20xmlns%3D%22http%3A%2F%2Fwww.w3.org%2F2000%2Fsvg%22%3E%3Crect%20width%3D%22100%%22%20height%3D%22100%%22%20fill%3D%22transparent%22%2F%3E%3C%2Fsvg%3E\"\/><figcaption class=\"wp-block-jetpack-slideshow_caption gallery-caption\">Tras el primer d\u00eda de trabajo, una lona cubre la entrada del ascensor y a la derecha de la foto se encuentra la puerta de los buzones.<\/figcaption><\/figure><\/li><li class=\"wp-block-jetpack-slideshow_slide swiper-slide\"><figure><img data-opt-id=1926604648  data-opt-src=\"https:\/\/mlr04w2evrow.i.optimole.com\/cb:O59K.20376\/w:auto\/h:auto\/q:mauto\/f:best\/id:b43fa713ac08ab2d4a239050c27730ed\/https:\/\/www.valenciablue.com\/bike-trainer-sildeshow-vertical.jpeg\"  decoding=\"async\" width=\"779\" height=\"1039\" alt=\"Time trial bike attached to trainer with door open to outside view.\" class=\"wp-block-jetpack-slideshow_image wp-image-878\" data-id=\"878\" src=\"data:image/svg+xml,%3Csvg%20viewBox%3D%220%200%20100%%20100%%22%20width%3D%22100%%22%20height%3D%22100%%22%20xmlns%3D%22http%3A%2F%2Fwww.w3.org%2F2000%2Fsvg%22%3E%3Crect%20width%3D%22100%%22%20height%3D%22100%%22%20fill%3D%22transparent%22%2F%3E%3C%2Fsvg%3E\"\/><figcaption class=\"wp-block-jetpack-slideshow_caption gallery-caption\">Esta es mi configuraci\u00f3n durante los d\u00edas que no puedo salir a montar. S\u00ed, hay un piano vertical en la habitaci\u00f3n.<\/figcaption><\/figure><\/li><li class=\"wp-block-jetpack-slideshow_slide swiper-slide\"><figure><img data-opt-id=2091653413  data-opt-src=\"https:\/\/mlr04w2evrow.i.optimole.com\/cb:O59K.20376\/w:auto\/h:auto\/q:mauto\/f:best\/id:b91717b90c5acc7b0125d2e1ad5203d7\/https:\/\/www.valenciablue.com\/street-view-sildeshow-vertical.jpeg\"  decoding=\"async\" width=\"779\" height=\"1039\" alt=\"View of the street showing cars parked and an intersection in the distance.\" class=\"wp-block-jetpack-slideshow_image wp-image-882\" data-id=\"882\" src=\"data:image/svg+xml,%3Csvg%20viewBox%3D%220%200%20100%%20100%%22%20width%3D%22100%%22%20height%3D%22100%%22%20xmlns%3D%22http%3A%2F%2Fwww.w3.org%2F2000%2Fsvg%22%3E%3Crect%20width%3D%22100%%22%20height%3D%22100%%22%20fill%3D%22transparent%22%2F%3E%3C%2Fsvg%3E\"\/><figcaption class=\"wp-block-jetpack-slideshow_caption gallery-caption\">Vivir en un \u00e1tico tiene sus ventajas, pero no tener ascensor no es una de ellas.<\/figcaption><\/figure><\/li><\/ul><a class=\"wp-block-jetpack-slideshow_button-prev swiper-button-prev swiper-button-white\" role=\"button\"><\/a><a class=\"wp-block-jetpack-slideshow_button-next swiper-button-next swiper-button-white\" role=\"button\"><\/a><a aria-label=\"Pausar presentaci\u00f3n de diapositivas\" class=\"wp-block-jetpack-slideshow_button-pause\" role=\"button\"><\/a><div class=\"wp-block-jetpack-slideshow_pagination swiper-pagination swiper-pagination-white\"><\/div><\/div><\/div>\n\n\n\n<p>D\u00e9jame saber en los comentarios si me perd\u00ed algo sobre las normas y regulaciones de Espa\u00f1a para la reforma\/renovaci\u00f3n de ascensores.<\/p>","protected":false},"excerpt":{"rendered":"<p>La Comunidad de Propietarios del edificio est\u00e1 rehaciendo el acceso al ascensor. <\/p>","protected":false},"author":2,"featured_media":873,"comment_status":"open","ping_status":"closed","sticky":false,"template":"","format":"standard","meta":{"advanced_seo_description":"Life is constantly changing in Spain. One of these is a three-week shutdown of the elevator. And you live on the seventh floor.","jetpack_seo_html_title":"Getting by without an elevator while living on the 7th floor.","jetpack_seo_noindex":false,"jetpack_post_was_ever_published":false,"_jetpack_newsletter_access":"","_jetpack_dont_email_post_to_subs":false,"_jetpack_newsletter_tier_id":0,"_jetpack_memberships_contains_paywalled_content":false,"_jetpack_memberships_contains_paid_content":false,"footnotes":"","jetpack_publicize_message":"Three weeks of traipsing up and down the stairs awaits the building's tenants. #valencia #liveinspain #spain","jetpack_publicize_feature_enabled":true,"jetpack_social_post_already_shared":false,"jetpack_social_options":{"image_generator_settings":{"template":"highway","enabled":false},"version":2}},"categories":[1,9],"tags":[],"class_list":["post-871","post","type-post","status-publish","format-standard","has-post-thumbnail","hentry","category-daily-life","category-updates"],"jetpack_publicize_connections":[],"jetpack_featured_media_url":"https:\/\/mlr04w2evrow.i.optimole.com\/cb:O59K.20376\/w:1200\/h:900\/q:mauto\/f:best\/id:718d3582784242bc9ef12aea3046ffde\/https:\/\/www.valenciablue.com\/elevator-redo_4x3-featured.jpg","jetpack-related-posts":[{"id":1351,"url":"https:\/\/www.valenciablue.com\/es\/living-your-best-life-inconveniently\/","url_meta":{"origin":871,"position":0},"title":"Vivir tu mejor vida de forma inc\u00f3moda","author":"Admin","date":"23\/01\/2026","format":false,"excerpt":"Muchos visitantes de Europa y otros pa\u00edses se maravillan de la facilidad para caminar en las ciudades. Sin embargo, al regresar a sus pa\u00edses de origen, regresan r\u00e1pidamente a su vida centrada en el coche.","rel":"","context":"En \u00abDaily life\u00bb","block_context":{"text":"Daily life","link":"https:\/\/www.valenciablue.com\/es\/category\/daily-life\/"},"img":{"alt_text":"Pedestrians surround a stationary woman wearing an orange backpack.","src":"https:\/\/mlr04w2evrow.i.optimole.com\/cb:O59K.20376\/w:auto\/h:auto\/q:mauto\/f:best\/https:\/\/i0.wp.com\/mlr04w2evrow.i.optimole.com\/w%3A1200\/h%3A900\/q%3Amauto\/process%3A1348\/id%3A4e620a3cf1597edb5e9c05d801b4cbfd\/https%3A\/\/www.valenciablue.com\/pedestrians.jpg?resize=350%2C200&ssl=1","width":350,"height":200,"srcset":"https:\/\/mlr04w2evrow.i.optimole.com\/cb:O59K.20376\/w:auto\/h:auto\/q:mauto\/f:best\/https:\/\/i0.wp.com\/mlr04w2evrow.i.optimole.com\/w%3A1200\/h%3A900\/q%3Amauto\/process%3A1348\/id%3A4e620a3cf1597edb5e9c05d801b4cbfd\/https%3A\/\/www.valenciablue.com\/pedestrians.jpg?resize=350%2C200&ssl=1 1x, https:\/\/mlr04w2evrow.i.optimole.com\/cb:O59K.20376\/w:auto\/h:auto\/q:mauto\/f:best\/https:\/\/i0.wp.com\/mlr04w2evrow.i.optimole.com\/w%3A1200\/h%3A900\/q%3Amauto\/process%3A1348\/id%3A4e620a3cf1597edb5e9c05d801b4cbfd\/https%3A\/\/www.valenciablue.com\/pedestrians.jpg?resize=525%2C300&ssl=1 1.5x, https:\/\/mlr04w2evrow.i.optimole.com\/cb:O59K.20376\/w:auto\/h:auto\/q:mauto\/f:best\/https:\/\/i0.wp.com\/mlr04w2evrow.i.optimole.com\/w%3A1200\/h%3A900\/q%3Amauto\/process%3A1348\/id%3A4e620a3cf1597edb5e9c05d801b4cbfd\/https%3A\/\/www.valenciablue.com\/pedestrians.jpg?resize=700%2C400&ssl=1 2x, https:\/\/mlr04w2evrow.i.optimole.com\/cb:O59K.20376\/w:auto\/h:auto\/q:mauto\/f:best\/https:\/\/i0.wp.com\/mlr04w2evrow.i.optimole.com\/w%3A1200\/h%3A900\/q%3Amauto\/process%3A1348\/id%3A4e620a3cf1597edb5e9c05d801b4cbfd\/https%3A\/\/www.valenciablue.com\/pedestrians.jpg?resize=1050%2C600&ssl=1 3x"},"classes":[]},{"id":509,"url":"https:\/\/www.valenciablue.com\/es\/embracing-the-golden-years-retiring-in-spain\/","url_meta":{"origin":871,"position":1},"title":"Abrazando los a\u00f1os dorados: Jubilarse en Espa\u00f1a","author":"Admin","date":"26\/06\/2024","format":false,"excerpt":"La edad me est\u00e1 acechando. Intento mantenerme activa y estar en Espa\u00f1a sin duda me ayuda a lograr ese objetivo. Pero en alg\u00fan momento voy a necesitar ayuda.","rel":"","context":"En \u00abDaily life\u00bb","block_context":{"text":"Daily life","link":"https:\/\/www.valenciablue.com\/es\/category\/daily-life\/"},"img":{"alt_text":"Elderly couple walking down the street with the pictured tinted in yellow.","src":"https:\/\/mlr04w2evrow.i.optimole.com\/cb:O59K.20376\/w:auto\/h:auto\/q:mauto\/f:best\/https:\/\/i0.wp.com\/mlr04w2evrow.i.optimole.com\/w%3A1200\/h%3A900\/q%3Amauto\/process%3A540\/id%3Acea24497ee3394344fa57c523fa7b4a1\/https%3A\/\/www.valenciablue.com\/elderly-couple-gold-1200x900-1.jpg?resize=350%2C200&ssl=1","width":350,"height":200,"srcset":"https:\/\/mlr04w2evrow.i.optimole.com\/cb:O59K.20376\/w:auto\/h:auto\/q:mauto\/f:best\/https:\/\/i0.wp.com\/mlr04w2evrow.i.optimole.com\/w%3A1200\/h%3A900\/q%3Amauto\/process%3A540\/id%3Acea24497ee3394344fa57c523fa7b4a1\/https%3A\/\/www.valenciablue.com\/elderly-couple-gold-1200x900-1.jpg?resize=350%2C200&ssl=1 1x, https:\/\/mlr04w2evrow.i.optimole.com\/cb:O59K.20376\/w:auto\/h:auto\/q:mauto\/f:best\/https:\/\/i0.wp.com\/mlr04w2evrow.i.optimole.com\/w%3A1200\/h%3A900\/q%3Amauto\/process%3A540\/id%3Acea24497ee3394344fa57c523fa7b4a1\/https%3A\/\/www.valenciablue.com\/elderly-couple-gold-1200x900-1.jpg?resize=525%2C300&ssl=1 1.5x, https:\/\/mlr04w2evrow.i.optimole.com\/cb:O59K.20376\/w:auto\/h:auto\/q:mauto\/f:best\/https:\/\/i0.wp.com\/mlr04w2evrow.i.optimole.com\/w%3A1200\/h%3A900\/q%3Amauto\/process%3A540\/id%3Acea24497ee3394344fa57c523fa7b4a1\/https%3A\/\/www.valenciablue.com\/elderly-couple-gold-1200x900-1.jpg?resize=700%2C400&ssl=1 2x, https:\/\/mlr04w2evrow.i.optimole.com\/cb:O59K.20376\/w:auto\/h:auto\/q:mauto\/f:best\/https:\/\/i0.wp.com\/mlr04w2evrow.i.optimole.com\/w%3A1200\/h%3A900\/q%3Amauto\/process%3A540\/id%3Acea24497ee3394344fa57c523fa7b4a1\/https%3A\/\/www.valenciablue.com\/elderly-couple-gold-1200x900-1.jpg?resize=1050%2C600&ssl=1 3x"},"classes":[]},{"id":1184,"url":"https:\/\/www.valenciablue.com\/es\/what-a-long-strange-trip-it-has-been-for-my-bike\/","url_meta":{"origin":871,"position":2},"title":"\u00a1Qu\u00e9 viaje tan largo y extra\u00f1o ha sido (para mi bicicleta)!","author":"Admin","date":"14\/09\/2025","format":false,"excerpt":"En septiembre de 2025, mi bicicleta finalmente regres\u00f3 conmigo a Espa\u00f1a.","rel":"","context":"En \u00abDaily life\u00bb","block_context":{"text":"Daily life","link":"https:\/\/www.valenciablue.com\/es\/category\/daily-life\/"},"img":{"alt_text":"A taped and sealed bike box over transparent background.","src":"https:\/\/mlr04w2evrow.i.optimole.com\/cb:O59K.20376\/w:auto\/h:auto\/q:mauto\/f:best\/https:\/\/i0.wp.com\/mlr04w2evrow.i.optimole.com\/w%3A1200\/h%3A900\/q%3Amauto\/process%3A1205\/id%3A8509ef52993a44ca0d4d66b93eb137a6\/https%3A\/\/www.valenciablue.com\/box-condition-start-edge.png?resize=350%2C200&ssl=1","width":350,"height":200,"srcset":"https:\/\/mlr04w2evrow.i.optimole.com\/cb:O59K.20376\/w:auto\/h:auto\/q:mauto\/f:best\/https:\/\/i0.wp.com\/mlr04w2evrow.i.optimole.com\/w%3A1200\/h%3A900\/q%3Amauto\/process%3A1205\/id%3A8509ef52993a44ca0d4d66b93eb137a6\/https%3A\/\/www.valenciablue.com\/box-condition-start-edge.png?resize=350%2C200&ssl=1 1x, https:\/\/mlr04w2evrow.i.optimole.com\/cb:O59K.20376\/w:auto\/h:auto\/q:mauto\/f:best\/https:\/\/i0.wp.com\/mlr04w2evrow.i.optimole.com\/w%3A1200\/h%3A900\/q%3Amauto\/process%3A1205\/id%3A8509ef52993a44ca0d4d66b93eb137a6\/https%3A\/\/www.valenciablue.com\/box-condition-start-edge.png?resize=525%2C300&ssl=1 1.5x, https:\/\/mlr04w2evrow.i.optimole.com\/cb:O59K.20376\/w:auto\/h:auto\/q:mauto\/f:best\/https:\/\/i0.wp.com\/mlr04w2evrow.i.optimole.com\/w%3A1200\/h%3A900\/q%3Amauto\/process%3A1205\/id%3A8509ef52993a44ca0d4d66b93eb137a6\/https%3A\/\/www.valenciablue.com\/box-condition-start-edge.png?resize=700%2C400&ssl=1 2x, https:\/\/mlr04w2evrow.i.optimole.com\/cb:O59K.20376\/w:auto\/h:auto\/q:mauto\/f:best\/https:\/\/i0.wp.com\/mlr04w2evrow.i.optimole.com\/w%3A1200\/h%3A900\/q%3Amauto\/process%3A1205\/id%3A8509ef52993a44ca0d4d66b93eb137a6\/https%3A\/\/www.valenciablue.com\/box-condition-start-edge.png?resize=1050%2C600&ssl=1 3x"},"classes":[]},{"id":1384,"url":"https:\/\/www.valenciablue.com\/es\/along-with-allergies-the-new-year-marks-the-beginning-of-the-spanish-tax-season\/","url_meta":{"origin":871,"position":3},"title":"Junto con las alergias, el nuevo a\u00f1o marca el inicio de la temporada fiscal espa\u00f1ola","author":"Admin","date":"15\/03\/2026","format":false,"excerpt":"Existe el viejo t\u00f3pico sobre la muerte y los impuestos: Dos cosas que uno siempre puede esperar. A\u00fan no estoy muerto, as\u00ed que son los impuestos.","rel":"","context":"En \u00abDaily life\u00bb","block_context":{"text":"Daily life","link":"https:\/\/www.valenciablue.com\/es\/category\/daily-life\/"},"img":{"alt_text":"A bloom from an almond tree in Spain","src":"https:\/\/mlr04w2evrow.i.optimole.com\/cb:O59K.20376\/w:auto\/h:auto\/q:mauto\/f:best\/https:\/\/i0.wp.com\/mlr04w2evrow.i.optimole.com\/w%3A1200\/h%3A900\/q%3Amauto\/process%3A1393\/id%3Acf7b2c5200a40596187ba1f7b8923d76\/https%3A\/\/www.valenciablue.com\/flores-de-almendro.jpg?resize=350%2C200&ssl=1","width":350,"height":200,"srcset":"https:\/\/mlr04w2evrow.i.optimole.com\/cb:O59K.20376\/w:auto\/h:auto\/q:mauto\/f:best\/https:\/\/i0.wp.com\/mlr04w2evrow.i.optimole.com\/w%3A1200\/h%3A900\/q%3Amauto\/process%3A1393\/id%3Acf7b2c5200a40596187ba1f7b8923d76\/https%3A\/\/www.valenciablue.com\/flores-de-almendro.jpg?resize=350%2C200&ssl=1 1x, https:\/\/mlr04w2evrow.i.optimole.com\/cb:O59K.20376\/w:auto\/h:auto\/q:mauto\/f:best\/https:\/\/i0.wp.com\/mlr04w2evrow.i.optimole.com\/w%3A1200\/h%3A900\/q%3Amauto\/process%3A1393\/id%3Acf7b2c5200a40596187ba1f7b8923d76\/https%3A\/\/www.valenciablue.com\/flores-de-almendro.jpg?resize=525%2C300&ssl=1 1.5x, https:\/\/mlr04w2evrow.i.optimole.com\/cb:O59K.20376\/w:auto\/h:auto\/q:mauto\/f:best\/https:\/\/i0.wp.com\/mlr04w2evrow.i.optimole.com\/w%3A1200\/h%3A900\/q%3Amauto\/process%3A1393\/id%3Acf7b2c5200a40596187ba1f7b8923d76\/https%3A\/\/www.valenciablue.com\/flores-de-almendro.jpg?resize=700%2C400&ssl=1 2x, https:\/\/mlr04w2evrow.i.optimole.com\/cb:O59K.20376\/w:auto\/h:auto\/q:mauto\/f:best\/https:\/\/i0.wp.com\/mlr04w2evrow.i.optimole.com\/w%3A1200\/h%3A900\/q%3Amauto\/process%3A1393\/id%3Acf7b2c5200a40596187ba1f7b8923d76\/https%3A\/\/www.valenciablue.com\/flores-de-almendro.jpg?resize=1050%2C600&ssl=1 3x"},"classes":[]},{"id":1083,"url":"https:\/\/www.valenciablue.com\/es\/riding-from-waterstop-to-waterstop-in-spain\/","url_meta":{"origin":871,"position":4},"title":"Cabalgando de un punto de agua a otro en Espa\u00f1a","author":"Admin","date":"07\/07\/2025","format":false,"excerpt":"Andar en bicicleta en Valencia, Espa\u00f1a, a medida que el verano se acerca a su m\u00e1ximo apogeo, presenta sus propios desaf\u00edos.","rel":"","context":"En \u00abDaily life\u00bb","block_context":{"text":"Daily life","link":"https:\/\/www.valenciablue.com\/es\/category\/daily-life\/"},"img":{"alt_text":"Two cyclists are silhouetted by the morning sun before a ride in Valencia, Spain.","src":"https:\/\/mlr04w2evrow.i.optimole.com\/cb:O59K.20376\/w:auto\/h:auto\/q:mauto\/f:best\/https:\/\/i0.wp.com\/mlr04w2evrow.i.optimole.com\/w%3A1200\/h%3A900\/q%3Amauto\/process%3A1100\/id%3A10f557d8d287f5f7b61d5eac14c52cdd\/https%3A\/\/www.valenciablue.com\/cyclists-against-the-sun-featuredcreated-with-gimp-8.jpg?resize=350%2C200&ssl=1","width":350,"height":200,"srcset":"https:\/\/mlr04w2evrow.i.optimole.com\/cb:O59K.20376\/w:auto\/h:auto\/q:mauto\/f:best\/https:\/\/i0.wp.com\/mlr04w2evrow.i.optimole.com\/w%3A1200\/h%3A900\/q%3Amauto\/process%3A1100\/id%3A10f557d8d287f5f7b61d5eac14c52cdd\/https%3A\/\/www.valenciablue.com\/cyclists-against-the-sun-featuredcreated-with-gimp-8.jpg?resize=350%2C200&ssl=1 1x, https:\/\/mlr04w2evrow.i.optimole.com\/cb:O59K.20376\/w:auto\/h:auto\/q:mauto\/f:best\/https:\/\/i0.wp.com\/mlr04w2evrow.i.optimole.com\/w%3A1200\/h%3A900\/q%3Amauto\/process%3A1100\/id%3A10f557d8d287f5f7b61d5eac14c52cdd\/https%3A\/\/www.valenciablue.com\/cyclists-against-the-sun-featuredcreated-with-gimp-8.jpg?resize=525%2C300&ssl=1 1.5x, https:\/\/mlr04w2evrow.i.optimole.com\/cb:O59K.20376\/w:auto\/h:auto\/q:mauto\/f:best\/https:\/\/i0.wp.com\/mlr04w2evrow.i.optimole.com\/w%3A1200\/h%3A900\/q%3Amauto\/process%3A1100\/id%3A10f557d8d287f5f7b61d5eac14c52cdd\/https%3A\/\/www.valenciablue.com\/cyclists-against-the-sun-featuredcreated-with-gimp-8.jpg?resize=700%2C400&ssl=1 2x, https:\/\/mlr04w2evrow.i.optimole.com\/cb:O59K.20376\/w:auto\/h:auto\/q:mauto\/f:best\/https:\/\/i0.wp.com\/mlr04w2evrow.i.optimole.com\/w%3A1200\/h%3A900\/q%3Amauto\/process%3A1100\/id%3A10f557d8d287f5f7b61d5eac14c52cdd\/https%3A\/\/www.valenciablue.com\/cyclists-against-the-sun-featuredcreated-with-gimp-8.jpg?resize=1050%2C600&ssl=1 3x"},"classes":[]},{"id":790,"url":"https:\/\/www.valenciablue.com\/es\/against-all-odds-playing-el-gordo\/","url_meta":{"origin":871,"position":5},"title":"Contra todo pron\u00f3stico: jugar El Gordo","author":"Admin","date":"22\/12\/2024","format":false,"excerpt":"El Gordo es la gran loter\u00eda de Espa\u00f1a que se celebra en distintos momentos del a\u00f1o.","rel":"","context":"En \u00abDaily life\u00bb","block_context":{"text":"Daily life","link":"https:\/\/www.valenciablue.com\/es\/category\/daily-life\/"},"img":{"alt_text":"Spanish National Lottery total amounts shown on computer screen.","src":"https:\/\/mlr04w2evrow.i.optimole.com\/cb:O59K.20376\/w:auto\/h:auto\/q:mauto\/f:best\/https:\/\/i0.wp.com\/mlr04w2evrow.i.optimole.com\/w%3A2560\/h%3A1920\/q%3Amauto\/process%3A805\/id%3A4b50189b8e25fa18b23c1e16ac2baf7e\/https%3A\/\/www.valenciablue.com\/el-gordo-payouts-4x3-1.jpg?resize=350%2C200&ssl=1","width":350,"height":200,"srcset":"https:\/\/mlr04w2evrow.i.optimole.com\/cb:O59K.20376\/w:auto\/h:auto\/q:mauto\/f:best\/https:\/\/i0.wp.com\/mlr04w2evrow.i.optimole.com\/w%3A2560\/h%3A1920\/q%3Amauto\/process%3A805\/id%3A4b50189b8e25fa18b23c1e16ac2baf7e\/https%3A\/\/www.valenciablue.com\/el-gordo-payouts-4x3-1.jpg?resize=350%2C200&ssl=1 1x, https:\/\/mlr04w2evrow.i.optimole.com\/cb:O59K.20376\/w:auto\/h:auto\/q:mauto\/f:best\/https:\/\/i0.wp.com\/mlr04w2evrow.i.optimole.com\/w%3A2560\/h%3A1920\/q%3Amauto\/process%3A805\/id%3A4b50189b8e25fa18b23c1e16ac2baf7e\/https%3A\/\/www.valenciablue.com\/el-gordo-payouts-4x3-1.jpg?resize=525%2C300&ssl=1 1.5x, https:\/\/mlr04w2evrow.i.optimole.com\/cb:O59K.20376\/w:auto\/h:auto\/q:mauto\/f:best\/https:\/\/i0.wp.com\/mlr04w2evrow.i.optimole.com\/w%3A2560\/h%3A1920\/q%3Amauto\/process%3A805\/id%3A4b50189b8e25fa18b23c1e16ac2baf7e\/https%3A\/\/www.valenciablue.com\/el-gordo-payouts-4x3-1.jpg?resize=700%2C400&ssl=1 2x, https:\/\/mlr04w2evrow.i.optimole.com\/cb:O59K.20376\/w:auto\/h:auto\/q:mauto\/f:best\/https:\/\/i0.wp.com\/mlr04w2evrow.i.optimole.com\/w%3A2560\/h%3A1920\/q%3Amauto\/process%3A805\/id%3A4b50189b8e25fa18b23c1e16ac2baf7e\/https%3A\/\/www.valenciablue.com\/el-gordo-payouts-4x3-1.jpg?resize=1050%2C600&ssl=1 3x, https:\/\/mlr04w2evrow.i.optimole.com\/cb:O59K.20376\/w:auto\/h:auto\/q:mauto\/f:best\/https:\/\/i0.wp.com\/mlr04w2evrow.i.optimole.com\/w%3A2560\/h%3A1920\/q%3Amauto\/process%3A805\/id%3A4b50189b8e25fa18b23c1e16ac2baf7e\/https%3A\/\/www.valenciablue.com\/el-gordo-payouts-4x3-1.jpg?resize=1400%2C800&ssl=1 4x"},"classes":[]}],"jetpack_shortlink":"https:\/\/wp.me\/pftBvt-e3","jetpack_sharing_enabled":true,"jetpack_likes_enabled":true,"_links":{"self":[{"href":"https:\/\/www.valenciablue.com\/es\/wp-json\/wp\/v2\/posts\/871","targetHints":{"allow":["GET"]}}],"collection":[{"href":"https:\/\/www.valenciablue.com\/es\/wp-json\/wp\/v2\/posts"}],"about":[{"href":"https:\/\/www.valenciablue.com\/es\/wp-json\/wp\/v2\/types\/post"}],"author":[{"embeddable":true,"href":"https:\/\/www.valenciablue.com\/es\/wp-json\/wp\/v2\/users\/2"}],"replies":[{"embeddable":true,"href":"https:\/\/www.valenciablue.com\/es\/wp-json\/wp\/v2\/comments?post=871"}],"version-history":[{"count":19,"href":"https:\/\/www.valenciablue.com\/es\/wp-json\/wp\/v2\/posts\/871\/revisions"}],"predecessor-version":[{"id":929,"href":"https:\/\/www.valenciablue.com\/es\/wp-json\/wp\/v2\/posts\/871\/revisions\/929"}],"wp:featuredmedia":[{"embeddable":true,"href":"https:\/\/www.valenciablue.com\/es\/wp-json\/wp\/v2\/media\/873"}],"wp:attachment":[{"href":"https:\/\/www.valenciablue.com\/es\/wp-json\/wp\/v2\/media?parent=871"}],"wp:term":[{"taxonomy":"category","embeddable":true,"href":"https:\/\/www.valenciablue.com\/es\/wp-json\/wp\/v2\/categories?post=871"},{"taxonomy":"post_tag","embeddable":true,"href":"https:\/\/www.valenciablue.com\/es\/wp-json\/wp\/v2\/tags?post=871"}],"curies":[{"name":"gracias","href":"https:\/\/api.w.org\/{rel}","templated":true}]}}