{"id":843,"date":"2025-02-17T14:47:39","date_gmt":"2025-02-17T14:47:39","guid":{"rendered":"https:\/\/www.valenciablue.com\/?p=843"},"modified":"2025-02-17T15:06:02","modified_gmt":"2025-02-17T15:06:02","slug":"conjugating-in-bed-keeps-me-up-at-nights","status":"publish","type":"post","link":"https:\/\/www.valenciablue.com\/es\/conjugating-in-bed-keeps-me-up-at-nights\/","title":{"rendered":"Conjugar en la cama me mantiene despierto por las noches."},"content":{"rendered":"\n<h2 class=\"wp-block-heading\">Making the talk in your sleep<\/h2>\n\n\n\n<h3 class=\"wp-block-heading\"><em>Caminar <\/em>(to walk): <em>Yo camino, t\u00fa caminas, el\/ella\/usted camina, nosotros caminamos, vosotros camin\u00e1is, ellos\/as\/ustedes caminan<\/em><\/h3>\n\n\n\n<p class=\"has-text-align-right\">&#8211; I walk, you walk, s\/he walks, we walk, you (all) walk, they walk.<\/p>\n\n\n\n<p>Waking up, the words above are running through my thoughts. Are they correct? I looked at <a href=\"https:\/\/www.ingles.com\/verbos\/caminar\" target=\"_blank\" rel=\"noreferrer noopener\">Conjuga caminar en espa\u00f1ol<\/a> to confirm. That\u2019s a present tense which follows a regular pattern.<\/p>\n\n\n\n<p>I first remember seeing the word \u201cConjugate\u201d as a middle-school student in an assigned reading. By way of a quick plot synopsis, a young boy at a prep school was caught cheating during his Latin exam. He was afraid of failing due to not remembering all the conjugations. Here\u2019s a link so you can read \u201c<a href=\"https:\/\/stallingsela.weebly.com\/uploads\/3\/8\/9\/9\/38992841\/so-much-unfairness-of-things4.pdf\" target=\"_blank\" rel=\"noreferrer noopener\">So Much Unfairness of Things<\/a>\u201d by C. D. B. Bryan.<\/p>\n\n\n\n<p>\u201cWhat,\u201d I thought, \u201cis that?\u201d when I came across the concept. Though we were taught English grammar, I hadn\u2019t run across the word meaning to conjugate. Or maybe my mind was somewhere else the day when it was mentioned. Also, I apparently skipped other terms like \u201cpreterite,\u201d which is a past tense. Not being an English major or linguist, I apparently missed out on a lot.<\/p>\n\n\n\n<h3 class=\"wp-block-heading\"><em>Escribir<\/em> (to write): <em>Yo escribo, t\u00fa escribes, \u00e9l escribe, nosotros escribimos, vosotros escrib\u00e1is, ellos escriben<\/em><\/h3>\n\n\n\n<p class=\"has-text-align-right\"> &#8211; I write, you write, he writes, we write, you (all) write, they write.<\/p>\n\n\n\n<div class=\"wp-block-media-text has-media-on-the-right is-stacked-on-mobile\"><div class=\"wp-block-media-text__content\">\n<p>Anyway, here\u2019s a quick definition of conjugation: The variation of the form of a verb in an inflected language such as Latin, by which are identified the voice, mood, tense, number, and person. Thanks, Google. For these exercises there are six subject types and multiply those by tense types, e.g. future, past perfect, conditional, etc. It\u2019s mind boggling for the monolingual English speaker that I am.<\/p>\n<\/div><figure class=\"wp-block-media-text__media\"><img data-opt-id=1872943473  fetchpriority=\"high\" decoding=\"async\" width=\"1880\" height=\"1253\" src=\"https:\/\/mlr04w2evrow.i.optimole.com\/cb:O59K.20376\/w:auto\/h:auto\/q:mauto\/f:best\/id:33329d2d2c8088b87297e69c051d4972\/https:\/\/www.valenciablue.com\/pexels-photo-14264273.jpeg\" alt=\"a person writing on the sand\" class=\"wp-image-859 size-full\"\/><\/figure><\/div>\n\n\n\n<p>Years ago, I was trying to learn Italian for my university studies in Rome, Italy. My wife, being the Italophile she is, plunged into her own classes and became rapidly overwhelmed. I was sure I was going to fail my language courses, as well. Some how I persevered, so much so that now when I forget something in Spanish, the Italian word leaps into my head unbidden. There\u2019s some overlap, but not much. What does help, however, is that the grammatical structure of the Romance languages are fairly similar. I\u2019m not saying they are exactly the same, just close enough to help jump-start understanding some concepts.<\/p>\n\n\n\n<h3 class=\"wp-block-heading\"><em>Estudiar <\/em>(to study): <em>Yo estudio, tu estudias, ella estudia, nosotros estudiamos, vosotros estudi\u00e1is, ellos estudian<\/em><\/h3>\n\n\n\n<p class=\"has-text-align-right\">&#8211; I study, you study, she studies, we study, you (all) study, they study.<\/p>\n\n\n\n<p>Like many others, I relied on <a href=\"https:\/\/www.duolingo.com\/\" target=\"_blank\" rel=\"noreferrer noopener\">Duolingo<\/a> to get some basic vocabulary. It works as an introduction, but relies heavily on Latin-American Spanish. Additionally it omits the \u201cyou all\u201d (second-person plural) to simplify things for its users. Since English uses the \u201cYou\u201d pronoun interchangeably in the single and plural sense, that can be confusing to the neophyte. As a consequence, I\u2019m a lot better at reading than listening and speaking.<\/p>\n\n\n\n<p>When <a href=\"https:\/\/www.valenciablue.com\/so-im-in-a-new-country-why\/\" target=\"_blank\" rel=\"noreferrer noopener\">I first arrived in Valencia<\/a>, I was advised to do at least a month of rigorous Spanish courses. This was during the final stages of the COVID outbreak and teachers and pupils still wore masks. That made it doubly hard to follow. After completing a week, other concerns pushed my structured learning to the back burner for <a href=\"https:\/\/www.valenciablue.com\/having-lived-in-spain-for-three-years-why-dont-i-speak-spanish-better\/\" target=\"_blank\" rel=\"noreferrer noopener\">three years<\/a>.<\/p>\n\n\n\n<p>Finally, I have the wherewithal and time to return to a month of intensive-level classes at <a href=\"https:\/\/www.elealeph.com\/\">ELE Aleph<\/a>. The first day\u2019s two-hour session left my mind reeling. It\u2019s been a long time since I sat in a classroom. I had also developed the bad habit of tuning out the Spanish around me since I didn\u2019t understand so much of it.<\/p>\n\n\n\n<div class=\"wp-block-media-text is-stacked-on-mobile\" style=\"grid-template-columns:45% auto\"><figure class=\"wp-block-media-text__media\"><img data-opt-id=2115124978  fetchpriority=\"high\" decoding=\"async\" src=\"https:\/\/mlr04w2evrow.i.optimole.com\/cb:O59K.20376\/w:auto\/h:auto\/q:mauto\/f:best\/id:16775206b19b71ae07f33699706a651a\/https:\/\/www.valenciablue.com\/default.jpg\" alt=\"Miguel de Cervantes Saavedra, c. 1855, color lithograph by C\u00e9lestin Nanteuil (artist) French, 1813 - 1873\" class=\"wp-image-862 size-full\"\/><\/figure><div class=\"wp-block-media-text__content\">\n<p>Mercedes, our teacher, is incredibly patient with us students. We constantly fumble through badly conjugated verbs and mispronounced Spanish nouns and adjectives in our attempts to convey some meaning. The damage we do to the language of <a href=\"https:\/\/cervantes.org\/\">Cervantes<\/a> must be trying at times.<\/p>\n\n\n\n<p>She, in turns, nods approvingly or in approbation as I force a Spanish sentence into being. Like Frankenstein\u2019s creature, it\u2019s a stitched-together monstrosity. Quick trivia note, did you know that the monster is unnamed &#8211; so it\u2019s not \u201cFrankenstein\u201d &#8211; and can talk in the book proficiently (<a href=\"https:\/\/en.wikipedia.org\/wiki\/Frankenstein%27s_monster#:~:text=Contrary%20to%20many%20film%20versions,speak%20English%20fluently%20as%20well\">Frankenstein&#8217;s monster &#8211; Wikipedia<\/a>)? The character was muted for the film adaptation. Here\u2019s another factoid that\u2019ll get you points on <a href=\"https:\/\/www.jeopardy.com\/\" target=\"_blank\" rel=\"noreferrer noopener\">Jeopardy<\/a>, a U.S. television quiz-game show: The book\u2019s other title is \u201cThe Modern Prometheus.\u201d<\/p>\n<\/div><\/div>\n\n\n\n<h3 class=\"wp-block-heading\"><em>Desayunar <\/em>(to breakfast): <em>Yo desayuno, t\u00fa desayunas, ella desayuna, nosotros desayunamos, vosotros desayunais, ustedes desayunan<\/em><\/h3>\n\n\n\n<p class=\"has-text-align-right\">&#8211; I breakfast, you breakfast, she (has) breakfast, we breakfast, you (all) breakfast, they breakfast.<\/p>\n\n\n\n<p>But I digress. Pronouncing <em>desayunar<\/em> (dehs-ah-yoo-NAHR) turns it into a horrible aberration. It\u2019s a word I&nbsp; just can\u2019t get it in my head correctly. In talking about the 2024 floods, I slaughtered the pronunciation of <em>inundaciones<\/em>. I had to repeat the word for floods several times until I got something resembling the original. Did I mention I\u2019m a news junkie? A lot of my vocabulary comes from the <em>subtitulos<\/em> of Spanish TV newscasts and news sites. Who really talks that way in real life?<\/p>\n\n\n\n<h3 class=\"wp-block-heading\"><em>Ir <\/em>(to go): <em>Yo voy, t\u00fa vas, usted va, nosotros vamos, vosotros vais, ellos van<\/em><\/h3>\n\n\n\n<p class=\"has-text-align-right\">&#8211; I go, you go, he [formal] goes, we go, you (all) go, they go.<\/p>\n\n\n\n<p>As my mind returns to conjugating, there\u2019s the constant tension between regular and irregular verbs. The latter sometimes don\u2019t follow any consistent pattern and you just have to memorize the variations. As an adult learner, I\u2019m envious of the two-year old I hear on the street. Even within the baby talk, she is having a conversation with her parent that puts me to shame.<\/p>\n\n\n\n<p>And with that, I roll over and try to get back to sleep.<\/p>\n\n\n\n<h3 class=\"wp-block-heading\"><em>Salir <\/em>(to leave or go out): <em>Yo salgo, t\u00fa sales, ella sale, nosotros salimos, vosotros sal\u00eds, ellas salen<\/em><\/h3>\n\n\n\n<p class=\"has-text-align-right\">&#8211; I leave, you leave, she leaves, we leave, you (all) leave, they leave.<\/p>\n","protected":false},"excerpt":{"rendered":"<p>Por fin tengo el tiempo y los medios para volver a tomar un mes de clases intensivas de espa\u00f1ol.<\/p>","protected":false},"author":2,"featured_media":855,"comment_status":"open","ping_status":"closed","sticky":false,"template":"","format":"standard","meta":{"advanced_seo_description":"A U.S. national lives in Valencia and returns to school to learn Spanish.","jetpack_seo_html_title":"For foreigners learning Spanish in Valencia, conjugation is the thing. ","jetpack_seo_noindex":false,"jetpack_post_was_ever_published":false,"_jetpack_newsletter_access":"","_jetpack_dont_email_post_to_subs":false,"_jetpack_newsletter_tier_id":0,"_jetpack_memberships_contains_paywalled_content":false,"_jetpack_memberships_contains_paid_content":false,"footnotes":"","jetpack_publicize_message":"Returning to school to learn a new language can be an adventure in itself. #valencia #learningspanish \n #studyspanish #elealeph","jetpack_publicize_feature_enabled":true,"jetpack_social_post_already_shared":true,"jetpack_social_options":{"image_generator_settings":{"template":"highway","enabled":false},"version":2}},"categories":[1,9],"tags":[65,44,54,66],"class_list":["post-843","post","type-post","status-publish","format-standard","has-post-thumbnail","hentry","category-daily-life","category-updates","tag-elealeph","tag-learning-spanish","tag-living-in-valencia-spain","tag-spanish-school-valencia"],"jetpack_publicize_connections":[],"jetpack_featured_media_url":"https:\/\/mlr04w2evrow.i.optimole.com\/cb:O59K.20376\/w:1403\/h:1052\/q:mauto\/f:best\/id:9c150f17be6343ff9ce061d318ce8f35\/https:\/\/www.valenciablue.com\/spanish-notes-coffee-5408919_4x3.jpg","jetpack-related-posts":[{"id":488,"url":"https:\/\/www.valenciablue.com\/es\/getting-here-is-half-the-fun-your-new-life-in-valencia\/","url_meta":{"origin":843,"position":0},"title":"Llegar aqu\u00ed es la mitad de la diversi\u00f3n: tu nueva vida en Valencia","author":"Admin","date":"12\/05\/2024","format":false,"excerpt":"Despu\u00e9s de llegar, todav\u00eda quedan muchas decisiones por tomar. Los h\u00e1bitos que daba por sentados ahora deben rehacerse y volverse a aprender.","rel":"","context":"En \u00abDaily life\u00bb","block_context":{"text":"Daily life","link":"https:\/\/www.valenciablue.com\/es\/category\/daily-life\/"},"img":{"alt_text":"The words \"Viva Espa\u00f1a\" spray-painted on a wall.","src":"https:\/\/mlr04w2evrow.i.optimole.com\/cb:O59K.20376\/w:auto\/h:auto\/q:mauto\/f:best\/https:\/\/i0.wp.com\/mlr04w2evrow.i.optimole.com\/w%3A1200\/h%3A900\/q%3Amauto\/process%3A494\/id%3Aab245a72644e90a3c176000b1534d744\/https%3A\/\/www.valenciablue.com\/viva-espana-featured.jpg?resize=350%2C200&ssl=1","width":350,"height":200,"srcset":"https:\/\/mlr04w2evrow.i.optimole.com\/cb:O59K.20376\/w:auto\/h:auto\/q:mauto\/f:best\/https:\/\/i0.wp.com\/mlr04w2evrow.i.optimole.com\/w%3A1200\/h%3A900\/q%3Amauto\/process%3A494\/id%3Aab245a72644e90a3c176000b1534d744\/https%3A\/\/www.valenciablue.com\/viva-espana-featured.jpg?resize=350%2C200&ssl=1 1x, https:\/\/mlr04w2evrow.i.optimole.com\/cb:O59K.20376\/w:auto\/h:auto\/q:mauto\/f:best\/https:\/\/i0.wp.com\/mlr04w2evrow.i.optimole.com\/w%3A1200\/h%3A900\/q%3Amauto\/process%3A494\/id%3Aab245a72644e90a3c176000b1534d744\/https%3A\/\/www.valenciablue.com\/viva-espana-featured.jpg?resize=525%2C300&ssl=1 1.5x, https:\/\/mlr04w2evrow.i.optimole.com\/cb:O59K.20376\/w:auto\/h:auto\/q:mauto\/f:best\/https:\/\/i0.wp.com\/mlr04w2evrow.i.optimole.com\/w%3A1200\/h%3A900\/q%3Amauto\/process%3A494\/id%3Aab245a72644e90a3c176000b1534d744\/https%3A\/\/www.valenciablue.com\/viva-espana-featured.jpg?resize=700%2C400&ssl=1 2x, https:\/\/mlr04w2evrow.i.optimole.com\/cb:O59K.20376\/w:auto\/h:auto\/q:mauto\/f:best\/https:\/\/i0.wp.com\/mlr04w2evrow.i.optimole.com\/w%3A1200\/h%3A900\/q%3Amauto\/process%3A494\/id%3Aab245a72644e90a3c176000b1534d744\/https%3A\/\/www.valenciablue.com\/viva-espana-featured.jpg?resize=1050%2C600&ssl=1 3x"},"classes":[]},{"id":1351,"url":"https:\/\/www.valenciablue.com\/es\/living-your-best-life-inconveniently\/","url_meta":{"origin":843,"position":1},"title":"Vivir tu mejor vida de forma inc\u00f3moda","author":"Admin","date":"23\/01\/2026","format":false,"excerpt":"Muchos visitantes de Europa y otros pa\u00edses se maravillan de la facilidad para caminar en las ciudades. Sin embargo, al regresar a sus pa\u00edses de origen, regresan r\u00e1pidamente a su vida centrada en el coche.","rel":"","context":"En \u00abDaily life\u00bb","block_context":{"text":"Daily life","link":"https:\/\/www.valenciablue.com\/es\/category\/daily-life\/"},"img":{"alt_text":"Pedestrians surround a stationary woman wearing an orange backpack.","src":"https:\/\/mlr04w2evrow.i.optimole.com\/cb:O59K.20376\/w:auto\/h:auto\/q:mauto\/f:best\/https:\/\/i0.wp.com\/mlr04w2evrow.i.optimole.com\/w%3A1200\/h%3A900\/q%3Amauto\/process%3A1348\/id%3A4e620a3cf1597edb5e9c05d801b4cbfd\/https%3A\/\/www.valenciablue.com\/pedestrians.jpg?resize=350%2C200&ssl=1","width":350,"height":200,"srcset":"https:\/\/mlr04w2evrow.i.optimole.com\/cb:O59K.20376\/w:auto\/h:auto\/q:mauto\/f:best\/https:\/\/i0.wp.com\/mlr04w2evrow.i.optimole.com\/w%3A1200\/h%3A900\/q%3Amauto\/process%3A1348\/id%3A4e620a3cf1597edb5e9c05d801b4cbfd\/https%3A\/\/www.valenciablue.com\/pedestrians.jpg?resize=350%2C200&ssl=1 1x, https:\/\/mlr04w2evrow.i.optimole.com\/cb:O59K.20376\/w:auto\/h:auto\/q:mauto\/f:best\/https:\/\/i0.wp.com\/mlr04w2evrow.i.optimole.com\/w%3A1200\/h%3A900\/q%3Amauto\/process%3A1348\/id%3A4e620a3cf1597edb5e9c05d801b4cbfd\/https%3A\/\/www.valenciablue.com\/pedestrians.jpg?resize=525%2C300&ssl=1 1.5x, https:\/\/mlr04w2evrow.i.optimole.com\/cb:O59K.20376\/w:auto\/h:auto\/q:mauto\/f:best\/https:\/\/i0.wp.com\/mlr04w2evrow.i.optimole.com\/w%3A1200\/h%3A900\/q%3Amauto\/process%3A1348\/id%3A4e620a3cf1597edb5e9c05d801b4cbfd\/https%3A\/\/www.valenciablue.com\/pedestrians.jpg?resize=700%2C400&ssl=1 2x, https:\/\/mlr04w2evrow.i.optimole.com\/cb:O59K.20376\/w:auto\/h:auto\/q:mauto\/f:best\/https:\/\/i0.wp.com\/mlr04w2evrow.i.optimole.com\/w%3A1200\/h%3A900\/q%3Amauto\/process%3A1348\/id%3A4e620a3cf1597edb5e9c05d801b4cbfd\/https%3A\/\/www.valenciablue.com\/pedestrians.jpg?resize=1050%2C600&ssl=1 3x"},"classes":[]},{"id":543,"url":"https:\/\/www.valenciablue.com\/es\/having-lived-in-spain-for-three-years-why-dont-i-speak-spanish-better\/","url_meta":{"origin":843,"position":2},"title":"Habiendo vivido en Espa\u00f1a durante tres a\u00f1os, \u00bfpor qu\u00e9 no hablo mejor espa\u00f1ol?","author":"Admin","date":"14\/07\/2024","format":false,"excerpt":"Aprendo de forma visual. La pronunciaci\u00f3n que escucho no es la misma que la que tengo en la cabeza mientras la leo.","rel":"","context":"En \u00abDaily life\u00bb","block_context":{"text":"Daily life","link":"https:\/\/www.valenciablue.com\/es\/category\/daily-life\/"},"img":{"alt_text":"A textbook to learn Spanish is pictured.","src":"https:\/\/mlr04w2evrow.i.optimole.com\/cb:O59K.20376\/w:auto\/h:auto\/q:mauto\/f:best\/https:\/\/i0.wp.com\/mlr04w2evrow.i.optimole.com\/w%3A1200\/h%3A900\/q%3Amauto\/process%3A551\/id%3Accf45e84711c0314b5af486c4639c665\/https%3A\/\/www.valenciablue.com\/gramitica-espanola.jpg?resize=350%2C200&ssl=1","width":350,"height":200,"srcset":"https:\/\/mlr04w2evrow.i.optimole.com\/cb:O59K.20376\/w:auto\/h:auto\/q:mauto\/f:best\/https:\/\/i0.wp.com\/mlr04w2evrow.i.optimole.com\/w%3A1200\/h%3A900\/q%3Amauto\/process%3A551\/id%3Accf45e84711c0314b5af486c4639c665\/https%3A\/\/www.valenciablue.com\/gramitica-espanola.jpg?resize=350%2C200&ssl=1 1x, https:\/\/mlr04w2evrow.i.optimole.com\/cb:O59K.20376\/w:auto\/h:auto\/q:mauto\/f:best\/https:\/\/i0.wp.com\/mlr04w2evrow.i.optimole.com\/w%3A1200\/h%3A900\/q%3Amauto\/process%3A551\/id%3Accf45e84711c0314b5af486c4639c665\/https%3A\/\/www.valenciablue.com\/gramitica-espanola.jpg?resize=525%2C300&ssl=1 1.5x, https:\/\/mlr04w2evrow.i.optimole.com\/cb:O59K.20376\/w:auto\/h:auto\/q:mauto\/f:best\/https:\/\/i0.wp.com\/mlr04w2evrow.i.optimole.com\/w%3A1200\/h%3A900\/q%3Amauto\/process%3A551\/id%3Accf45e84711c0314b5af486c4639c665\/https%3A\/\/www.valenciablue.com\/gramitica-espanola.jpg?resize=700%2C400&ssl=1 2x, https:\/\/mlr04w2evrow.i.optimole.com\/cb:O59K.20376\/w:auto\/h:auto\/q:mauto\/f:best\/https:\/\/i0.wp.com\/mlr04w2evrow.i.optimole.com\/w%3A1200\/h%3A900\/q%3Amauto\/process%3A551\/id%3Accf45e84711c0314b5af486c4639c665\/https%3A\/\/www.valenciablue.com\/gramitica-espanola.jpg?resize=1050%2C600&ssl=1 3x"},"classes":[]},{"id":615,"url":"https:\/\/www.valenciablue.com\/es\/bicycling-in-the-valencian-countryside\/","url_meta":{"origin":843,"position":3},"title":"En bicicleta por el campo valenciano","author":"Admin","date":"20\/09\/2024","format":false,"excerpt":"Los temas de mis im\u00e1genes suelen ser objetos cotidianos. Me intrigan, por ejemplo, las estructuras que se encuentran en medio de las rotondas cuando uno entra a la ciudad.","rel":"","context":"En \u00abDaily life\u00bb","block_context":{"text":"Daily life","link":"https:\/\/www.valenciablue.com\/es\/category\/daily-life\/"},"img":{"alt_text":"Spanish word \"Vamos\" spraypainted on brick wall behind bicycle.","src":"https:\/\/mlr04w2evrow.i.optimole.com\/cb:O59K.20376\/w:auto\/h:auto\/q:mauto\/f:best\/https:\/\/i0.wp.com\/mlr04w2evrow.i.optimole.com\/w%3A1200\/h%3A900\/q%3Amauto\/process%3A643\/id%3A101275d86da7307415db500d3cbd905d\/https%3A\/\/www.valenciablue.com\/vamos-and-bicycle.jpg?resize=350%2C200&ssl=1","width":350,"height":200,"srcset":"https:\/\/mlr04w2evrow.i.optimole.com\/cb:O59K.20376\/w:auto\/h:auto\/q:mauto\/f:best\/https:\/\/i0.wp.com\/mlr04w2evrow.i.optimole.com\/w%3A1200\/h%3A900\/q%3Amauto\/process%3A643\/id%3A101275d86da7307415db500d3cbd905d\/https%3A\/\/www.valenciablue.com\/vamos-and-bicycle.jpg?resize=350%2C200&ssl=1 1x, https:\/\/mlr04w2evrow.i.optimole.com\/cb:O59K.20376\/w:auto\/h:auto\/q:mauto\/f:best\/https:\/\/i0.wp.com\/mlr04w2evrow.i.optimole.com\/w%3A1200\/h%3A900\/q%3Amauto\/process%3A643\/id%3A101275d86da7307415db500d3cbd905d\/https%3A\/\/www.valenciablue.com\/vamos-and-bicycle.jpg?resize=525%2C300&ssl=1 1.5x, https:\/\/mlr04w2evrow.i.optimole.com\/cb:O59K.20376\/w:auto\/h:auto\/q:mauto\/f:best\/https:\/\/i0.wp.com\/mlr04w2evrow.i.optimole.com\/w%3A1200\/h%3A900\/q%3Amauto\/process%3A643\/id%3A101275d86da7307415db500d3cbd905d\/https%3A\/\/www.valenciablue.com\/vamos-and-bicycle.jpg?resize=700%2C400&ssl=1 2x, https:\/\/mlr04w2evrow.i.optimole.com\/cb:O59K.20376\/w:auto\/h:auto\/q:mauto\/f:best\/https:\/\/i0.wp.com\/mlr04w2evrow.i.optimole.com\/w%3A1200\/h%3A900\/q%3Amauto\/process%3A643\/id%3A101275d86da7307415db500d3cbd905d\/https%3A\/\/www.valenciablue.com\/vamos-and-bicycle.jpg?resize=1050%2C600&ssl=1 3x"},"classes":[]},{"id":257,"url":"https:\/\/www.valenciablue.com\/es\/so-im-in-a-new-country-why\/","url_meta":{"origin":843,"position":4},"title":"Entonces estoy en un pa\u00eds nuevo, \u00bfpor qu\u00e9?","author":"Admin","date":"17\/01\/2024","format":false,"excerpt":"Cuando llegu\u00e9 al punto de jubilarme, renov\u00e9 la idea de aprender (o intentar) un nuevo idioma. Y el espa\u00f1ol fue la elecci\u00f3n perfecta para m\u00ed.","rel":"","context":"En \u00abDaily life\u00bb","block_context":{"text":"Daily life","link":"https:\/\/www.valenciablue.com\/es\/category\/daily-life\/"},"img":{"alt_text":"Fuente de la Plaza del Ayuntamiento","src":"https:\/\/mlr04w2evrow.i.optimole.com\/cb:O59K.20376\/w:auto\/h:auto\/q:mauto\/f:best\/https:\/\/i0.wp.com\/www.valenciablue.com\/wp-content\/uploads\/2024\/08\/2valencia-fountain-evening-1.jpg?resize=350%2C200&ssl=1","width":350,"height":200,"srcset":"https:\/\/mlr04w2evrow.i.optimole.com\/cb:O59K.20376\/w:auto\/h:auto\/q:mauto\/f:best\/https:\/\/i0.wp.com\/www.valenciablue.com\/wp-content\/uploads\/2024\/08\/2valencia-fountain-evening-1.jpg?resize=350%2C200&ssl=1 1x, https:\/\/mlr04w2evrow.i.optimole.com\/cb:O59K.20376\/w:auto\/h:auto\/q:mauto\/f:best\/https:\/\/i0.wp.com\/www.valenciablue.com\/wp-content\/uploads\/2024\/08\/2valencia-fountain-evening-1.jpg?resize=525%2C300&ssl=1 1.5x, https:\/\/mlr04w2evrow.i.optimole.com\/cb:O59K.20376\/w:auto\/h:auto\/q:mauto\/f:best\/https:\/\/i0.wp.com\/www.valenciablue.com\/wp-content\/uploads\/2024\/08\/2valencia-fountain-evening-1.jpg?resize=700%2C400&ssl=1 2x, https:\/\/mlr04w2evrow.i.optimole.com\/cb:O59K.20376\/w:auto\/h:auto\/q:mauto\/f:best\/https:\/\/i0.wp.com\/www.valenciablue.com\/wp-content\/uploads\/2024\/08\/2valencia-fountain-evening-1.jpg?resize=1050%2C600&ssl=1 3x"},"classes":[]},{"id":509,"url":"https:\/\/www.valenciablue.com\/es\/embracing-the-golden-years-retiring-in-spain\/","url_meta":{"origin":843,"position":5},"title":"Abrazando los a\u00f1os dorados: Jubilarse en Espa\u00f1a","author":"Admin","date":"26\/06\/2024","format":false,"excerpt":"La edad me est\u00e1 acechando. Intento mantenerme activa y estar en Espa\u00f1a sin duda me ayuda a lograr ese objetivo. Pero en alg\u00fan momento voy a necesitar ayuda.","rel":"","context":"En \u00abDaily life\u00bb","block_context":{"text":"Daily life","link":"https:\/\/www.valenciablue.com\/es\/category\/daily-life\/"},"img":{"alt_text":"Elderly couple walking down the street with the pictured tinted in yellow.","src":"https:\/\/mlr04w2evrow.i.optimole.com\/cb:O59K.20376\/w:auto\/h:auto\/q:mauto\/f:best\/https:\/\/i0.wp.com\/mlr04w2evrow.i.optimole.com\/w%3A1200\/h%3A900\/q%3Amauto\/process%3A540\/id%3Acea24497ee3394344fa57c523fa7b4a1\/https%3A\/\/www.valenciablue.com\/elderly-couple-gold-1200x900-1.jpg?resize=350%2C200&ssl=1","width":350,"height":200,"srcset":"https:\/\/mlr04w2evrow.i.optimole.com\/cb:O59K.20376\/w:auto\/h:auto\/q:mauto\/f:best\/https:\/\/i0.wp.com\/mlr04w2evrow.i.optimole.com\/w%3A1200\/h%3A900\/q%3Amauto\/process%3A540\/id%3Acea24497ee3394344fa57c523fa7b4a1\/https%3A\/\/www.valenciablue.com\/elderly-couple-gold-1200x900-1.jpg?resize=350%2C200&ssl=1 1x, https:\/\/mlr04w2evrow.i.optimole.com\/cb:O59K.20376\/w:auto\/h:auto\/q:mauto\/f:best\/https:\/\/i0.wp.com\/mlr04w2evrow.i.optimole.com\/w%3A1200\/h%3A900\/q%3Amauto\/process%3A540\/id%3Acea24497ee3394344fa57c523fa7b4a1\/https%3A\/\/www.valenciablue.com\/elderly-couple-gold-1200x900-1.jpg?resize=525%2C300&ssl=1 1.5x, https:\/\/mlr04w2evrow.i.optimole.com\/cb:O59K.20376\/w:auto\/h:auto\/q:mauto\/f:best\/https:\/\/i0.wp.com\/mlr04w2evrow.i.optimole.com\/w%3A1200\/h%3A900\/q%3Amauto\/process%3A540\/id%3Acea24497ee3394344fa57c523fa7b4a1\/https%3A\/\/www.valenciablue.com\/elderly-couple-gold-1200x900-1.jpg?resize=700%2C400&ssl=1 2x, https:\/\/mlr04w2evrow.i.optimole.com\/cb:O59K.20376\/w:auto\/h:auto\/q:mauto\/f:best\/https:\/\/i0.wp.com\/mlr04w2evrow.i.optimole.com\/w%3A1200\/h%3A900\/q%3Amauto\/process%3A540\/id%3Acea24497ee3394344fa57c523fa7b4a1\/https%3A\/\/www.valenciablue.com\/elderly-couple-gold-1200x900-1.jpg?resize=1050%2C600&ssl=1 3x"},"classes":[]}],"jetpack_shortlink":"https:\/\/wp.me\/pftBvt-dB","jetpack_sharing_enabled":true,"jetpack_likes_enabled":true,"_links":{"self":[{"href":"https:\/\/www.valenciablue.com\/es\/wp-json\/wp\/v2\/posts\/843","targetHints":{"allow":["GET"]}}],"collection":[{"href":"https:\/\/www.valenciablue.com\/es\/wp-json\/wp\/v2\/posts"}],"about":[{"href":"https:\/\/www.valenciablue.com\/es\/wp-json\/wp\/v2\/types\/post"}],"author":[{"embeddable":true,"href":"https:\/\/www.valenciablue.com\/es\/wp-json\/wp\/v2\/users\/2"}],"replies":[{"embeddable":true,"href":"https:\/\/www.valenciablue.com\/es\/wp-json\/wp\/v2\/comments?post=843"}],"version-history":[{"count":12,"href":"https:\/\/www.valenciablue.com\/es\/wp-json\/wp\/v2\/posts\/843\/revisions"}],"predecessor-version":[{"id":863,"href":"https:\/\/www.valenciablue.com\/es\/wp-json\/wp\/v2\/posts\/843\/revisions\/863"}],"wp:featuredmedia":[{"embeddable":true,"href":"https:\/\/www.valenciablue.com\/es\/wp-json\/wp\/v2\/media\/855"}],"wp:attachment":[{"href":"https:\/\/www.valenciablue.com\/es\/wp-json\/wp\/v2\/media?parent=843"}],"wp:term":[{"taxonomy":"category","embeddable":true,"href":"https:\/\/www.valenciablue.com\/es\/wp-json\/wp\/v2\/categories?post=843"},{"taxonomy":"post_tag","embeddable":true,"href":"https:\/\/www.valenciablue.com\/es\/wp-json\/wp\/v2\/tags?post=843"}],"curies":[{"name":"gracias","href":"https:\/\/api.w.org\/{rel}","templated":true}]}}