{"id":821,"date":"2025-01-26T11:46:37","date_gmt":"2025-01-26T11:46:37","guid":{"rendered":"https:\/\/www.valenciablue.com\/?p=821"},"modified":"2025-01-26T11:56:20","modified_gmt":"2025-01-26T11:56:20","slug":"exploring-new-paths-in-retirement","status":"publish","type":"post","link":"https:\/\/www.valenciablue.com\/es\/exploring-new-paths-in-retirement\/","title":{"rendered":"Explorando nuevos caminos en la jubilaci\u00f3n"},"content":{"rendered":"<h2 class=\"wp-block-heading\">El prop\u00f3sito y la b\u00fasqueda del contenido<\/h2>\n\n\n\n<p>\u00bfPor qu\u00e9 estoy aqu\u00ed? \u00bfPor qu\u00e9 estas publicaciones? Son preguntas existenciales, \u00bfverdad? Desde que dej\u00e9 mi trabajo de tiempo completo, estoy haciendo varias cosas para mantenerme ocupada y en forma. Tengo mucho m\u00e1s tiempo para leer, as\u00ed que suelo tener una novela o un libro de no ficci\u00f3n en mi mesita de noche. Incluso le\u00ed varias colecciones de \u201c<a href=\"https:\/\/www.gocomics.com\/calvinandhobbes\" target=\"_blank\" rel=\"noreferrer noopener\">Calvin y Hobbes<\/a>\u201d c\u00f3mics por diversi\u00f3n. Por supuesto, sigo montando en bicicleta y sigo entrenando como si estuviera compitiendo, aunque con un umbral m\u00e1s bajo. Por \u00faltimo, est\u00e1n los entrenamientos en el gimnasio dos veces por semana para mantener todo lo dem\u00e1s en forma.<\/p>\n\n\n\n<p>Por supuesto, mejorar mi espa\u00f1ol es un desaf\u00edo constante. ALERTA: Resoluci\u00f3n de A\u00f1o Nuevo: tendr\u00e9 que volver a clases para esforzarme al m\u00e1ximo el a\u00f1o que viene.<\/p>\n\n\n\n<p>Entonces, en cuanto al motivo por el que escribo estas publicaciones, es lo que hay entre las rebanadas de pan, un <em>bocadillo <\/em>Si se quiere, hay un dicho en el mundo de las noticias: hay que alimentar a la bestia. Eso significa que el contenido editorial se vuelve obsoleto y necesita actualizarse constantemente. Afortunadamente, no tengo plazos fijos. Me puse el plazo arbitrario de publicar al menos una vez al mes. Normalmente, empiezo con una observaci\u00f3n, luego una imagen para ilustrarla y, por \u00faltimo, un fragmento en prosa.<\/p>\n\n\n\n<figure class=\"wp-block-image size-full\"><img data-opt-id=1060551726  fetchpriority=\"high\" decoding=\"async\" width=\"1880\" height=\"1253\" src=\"https:\/\/mlr04w2evrow.i.optimole.com\/cb:O59K.20376\/w:auto\/h:auto\/q:mauto\/f:best\/id:65988bd1549bace9900e8be7e6316c33\/https:\/\/www.valenciablue.com\/pexels-photo-1603898.jpeg\" alt=\"sandwich\" class=\"wp-image-830\"\/><figcaption class=\"wp-element-caption\">Fotograf\u00eda de Rajesh TP en <a href=\"https:\/\/www.pexels.com\/photo\/sandwich-1603898\/\" rel=\"nofollow\">Pexels.com<\/a><\/figcaption><\/figure>\n\n\n\n<h3 class=\"wp-block-heading\">Encontrando mi camino hacia la soluci\u00f3n menos costosa<\/h3>\n\n\n\n<p>Como sitio web para aficionados, debe ser de bajo costo. Es decir, lo m\u00e1s gratuito posible. \u00a1Sin suscripciones! Hace varios meses, migr\u00e9 <a href=\"https:\/\/www.valenciablue.com\/es\/\" target=\"_blank\" rel=\"noreferrer noopener\">Este sitio<\/a> y mi esposa <a href=\"https:\/\/marthamillerwrites.com\" target=\"_blank\" rel=\"noreferrer noopener\">dos<\/a> <a href=\"https:\/\/timesnewromanbook.com\" target=\"_blank\" rel=\"noreferrer noopener\">otros<\/a> a un nuevo proveedor de alojamiento. Mi objetivo era recortar gastos. Al realizar la investigaci\u00f3n, me pareci\u00f3 relativamente f\u00e1cil. Vaya a cPanel, descargue la base de datos SQL, copie los archivos desde el FTP y luego c\u00e1rguelos al nuevo host. Haga algunas cosas con el registro A y CNAME y, listo, estar\u00e1 listo.\u00a0<\/p>\n\n\n\n<p>Dado que todos estos sitios son peque\u00f1os y personales, no hay muchas desventajas en arruinarlos. Pero aun as\u00ed fue frustrante que no saliera tan bien como lo hab\u00edamos previsto. A medida que se acercaba la fecha l\u00edmite para que el plan de alojamiento que ten\u00eda en ese momento caducara, me preocupaba cada vez m\u00e1s mi capacidad para lograrlo. Tuve varias sesiones con el soporte t\u00e9cnico. Luego descubr\u00ed que la configuraci\u00f3n de ciberseguridad de mi navegador me imped\u00eda ver correctamente los sitios migrados. As\u00ed que pas\u00e9 un par de semanas improductivas pensando que no estaba funcionando cuando, de hecho, hab\u00eda sido una migraci\u00f3n exitosa.<\/p>\n\n\n\n<blockquote class=\"wp-block-quote is-layout-flow wp-block-quote-is-layout-flow\">\n<p>Una vez que el primer sitio estuvo en funcionamiento, termin\u00e9 los dos siguientes con solo algunos peque\u00f1os ajustes necesarios.<\/p>\n<\/blockquote>\n\n\n\n<p>Despu\u00e9s de ese momento de inspiraci\u00f3n, el proceso se desarroll\u00f3 con facilidad. Una vez que el primer sitio estuvo en funcionamiento, termin\u00e9 los dos siguientes y solo necesit\u00e9 hacer peque\u00f1os ajustes. Por supuesto, hab\u00eda algunos problemas latentes, como el almacenamiento en cach\u00e9, que significaban que mis actualizaciones no se mostraban de inmediato. El creador del complemento quer\u00eda una tarifa de actualizaci\u00f3n para hacer esto autom\u00e1ticamente. Lo desactiv\u00e9 y volv\u00ed a gestionarlo manualmente.<\/p>\n\n\n\n<h3 class=\"wp-block-heading\">Ahora viene la parte divertida.<\/h3>\n\n\n\n<p>Ya hab\u00eda contenido en <a href=\"https:\/\/www.valenciablue.com\/es\/\" target=\"_blank\" rel=\"noreferrer noopener\">ValenciaBlue.com<\/a>, pero quer\u00eda limpiar un poco el formato. Cuando seleccion\u00e9 originalmente el aspecto de este sitio, necesitaba hacer algunos cambios y agregar un tema secundario. Quer\u00eda usar un efecto de paralaje en el <a href=\"https:\/\/www.valenciablue.com\/es\/\" target=\"_blank\" rel=\"noreferrer noopener\">p\u00e1gina principal<\/a> donde la imagen principal permanece en su lugar y la p\u00e1gina web se desplaza sobre ella. Me gust\u00f3 la versi\u00f3n negra (oscura), as\u00ed que la eleg\u00ed. \u00bfPor qu\u00e9? Pens\u00e9 que se ve\u00eda genial.<\/p>\n\n\n\n<p>Pero necesitaba cambiar todas las im\u00e1genes y crear una hoja de estilo con las proporciones de las im\u00e1genes que se vieran mejor. Por ejemplo, la \u201cimagen destacada\u201d en las publicaciones es 4:3 porque en <a href=\"https:\/\/www.valenciablue.com\/es\/updates\/\" target=\"_blank\" rel=\"noreferrer noopener\">La p\u00e1gina de categor\u00edas<\/a>, que funciona bien como miniatura. Utilizo la aplicaci\u00f3n gratuita de edici\u00f3n de fotograf\u00edas <a href=\"https:\/\/www.gimp.org\/\" target=\"_blank\" rel=\"noreferrer noopener\">CA\u00d1UTILLO<\/a> con mis plantillas personalizadas para estandarizar esto. Tambi\u00e9n hay una <a href=\"https:\/\/www.semrush.com\/blog\/content-delivery-networks\/\" target=\"_blank\" rel=\"noreferrer noopener\">Red de distribuci\u00f3n de contenido (CDN)<\/a> Para acelerar la carga del sitio. Nuevamente, estoy aprendiendo y re-aprendiendo mucho.<\/p>\n\n\n\n<h3 class=\"wp-block-heading\">Ser libre tiene sus propios costos<\/h3>\n\n\n\n<p>Si es gratis, vale lo que pagaste por ello. Bueno, no es tan malo, pero hubo algunas desventajas importantes. Como se mencion\u00f3 anteriormente, la automatizaci\u00f3n fue reemplazada por hacerlo yo mismo. Tengo estas notas extensas y copiosas de lo que hice anteriormente para ayudarme a guiarme en caso de que necesite revisar algunas de las configuraciones.<\/p>\n\n\n\n<p>Un ejemplo es intentar crear un mapa con im\u00e1genes de la <a href=\"https:\/\/www.valenciablue.com\/es\/see-it-on-the-map-rotondas-around-valencia\/\" target=\"_blank\" rel=\"noreferrer noopener\">varias rotondas alrededor de Valencia<\/a>Hace a\u00f1os, utilic\u00e9 Google Maps con un archivo KML para crear esto. En los a\u00f1os siguientes, Google convirti\u00f3 el contenido en una opci\u00f3n paga, pero tiene una versi\u00f3n gratuita con una marca de agua para desarrolladores web. No me gust\u00f3 el aspecto de eso, as\u00ed que encontr\u00e9 este servicio. <a href=\"https:\/\/www.pic2map.com\/\" target=\"_blank\" rel=\"noreferrer noopener\">Imagen a mapa<\/a>.<\/p>\n\n\n\n<p>Los problemas surgieron cuando tuve que subir las fotos. Despu\u00e9s de algunas pruebas y errores, logr\u00e9 subir las im\u00e1genes JPG creadas con los datos geogr\u00e1ficos EXIF. Luego surgi\u00f3 el problema de c\u00f3mo colocarlas en mi p\u00e1gina web. No hab\u00eda una funci\u00f3n de incrustaci\u00f3n, as\u00ed que hice trampa con un iFrame. En pocas palabras, cre\u00e9 un agujero en mi p\u00e1gina web donde se mostrar\u00eda la imagen del mapa de otro sitio web.<\/p>\n\n\n\n<p>Luego, el mapa desapareci\u00f3. As\u00ed que lo volv\u00ed a crear, pero esta vez copi\u00e9 el c\u00f3digo HTML de la p\u00e1gina original y lo incrust\u00e9. A lo largo del proceso, limpi\u00e9 algunas de las \u00e1reas de contenido superfluo. Sin embargo, las im\u00e1genes desaparecieron y algunas de las ubicaciones estaban mal. Uno de estos d\u00edas me pondr\u00e9 a repararlo, pero al menos s\u00e9 qu\u00e9 hacer en el futuro.<\/p>\n\n\n\n<div class=\"wp-block-media-text is-stacked-on-mobile\" style=\"grid-template-columns:28% auto\"><figure class=\"wp-block-media-text__media\"><img data-opt-id=986656364  fetchpriority=\"high\" decoding=\"async\" src=\"https:\/\/mlr04w2evrow.i.optimole.com\/cb:O59K.20376\/w:574\/h:1024\/q:mauto\/f:best\/id:3621394fbb3a3438bf7ac9cca42dfbad\/https:\/\/www.valenciablue.com\/screen-mobile-vlc-website.png\" alt=\"Screen capture shot of mobile phone browser showing website with hamburger menu option enabled.\" class=\"wp-image-822 size-full\"\/><\/figure><div class=\"wp-block-media-text__content\">\n<p>Hay otros ejemplos como obtener mi men\u00fa (pesta\u00f1as de navegaci\u00f3n, parece un <a href=\"https:\/\/en.wikipedia.org\/wiki\/Hamburger_button\" data-type=\"link\" data-id=\"https:\/\/en.wikipedia.org\/wiki\/Hamburger_button\" target=\"_blank\" rel=\"noreferrer noopener\">hamburguesa<\/a>) para que funcione en tel\u00e9fonos m\u00f3viles. M\u00e1s recientemente, se trataba de una imagen reducida al tama\u00f1o de una miniatura y con baja resoluci\u00f3n. No pude hacer que funcionara la ventana emergente (probablemente un problema con el tema), as\u00ed que cre\u00e9 un hiperv\u00ednculo haciendo clic en la imagen.<\/p>\n<\/div><\/div>\n\n\n\n<p>Es una soluci\u00f3n r\u00e1pida, pero es funcional.<\/p>\n\n\n\n<h3 class=\"wp-block-heading\">Al final del d\u00eda, es una actividad secundaria.<\/h3>\n\n\n\n<p>No se trata de una actividad lucrativa y cumple plenamente los criterios de un hobby. Pero mi proceso creativo suele seguir la l\u00ednea de \u201c\u00bfC\u00f3mo hago esto?\u201d o \u201c\u00bfC\u00f3mo puedo recrear este efecto o estilo?\u201d. Luego me pongo a pensar c\u00f3mo hacerlo realidad.<\/p>\n\n\n\n<p>La imagen destacada de esta publicaci\u00f3n se cre\u00f3 con un sitio web de IA de prueba gratuita. Muestra las limitaciones de la inteligencia artificial, ya que me parece que no tiene alma, pero demuestra mi punto. Intentemos ver qu\u00e9 sucede a continuaci\u00f3n. Admito plenamente que con algo de tiempo y pr\u00e1ctica, se ver\u00eda mejor, pero quer\u00eda probar el concepto primero.<\/p>\n\n\n\n<figure class=\"wp-block-gallery has-nested-images columns-default is-cropped wp-block-gallery-2 is-layout-flex wp-block-gallery-is-layout-flex\">\n<figure class=\"wp-block-image size-large\"><img data-opt-id=2070214256  fetchpriority=\"high\" decoding=\"async\" data-id=\"824\" src=\"https:\/\/mlr04w2evrow.i.optimole.com\/cb:O59K.20376\/w:1024\/h:768\/q:mauto\/f:best\/id:49e4de61f9898db912c0413e4c2c61f6\/https:\/\/www.valenciablue.com\/slide-bw-ai-path-4x3-1.png\" alt=\"AI-generated image of black-and-white landscape illuminated by a moon and framed by clouds.\" class=\"wp-image-824\"\/><\/figure>\n\n\n\n<figure class=\"wp-block-image size-large\"><img data-opt-id=1897422028  data-opt-src=\"https:\/\/mlr04w2evrow.i.optimole.com\/cb:O59K.20376\/w:1024\/h:768\/q:mauto\/f:best\/id:a2cd10d0c40749a452a726e4752b8a14\/https:\/\/www.valenciablue.com\/slide-color-ai-door-4x3-1.png\"  decoding=\"async\" data-id=\"823\" src=\"data:image/svg+xml,%3Csvg%20viewBox%3D%220%200%201024%20768%22%20width%3D%221024%22%20height%3D%22768%22%20xmlns%3D%22http%3A%2F%2Fwww.w3.org%2F2000%2Fsvg%22%3E%3Crect%20width%3D%221024%22%20height%3D%22768%22%20fill%3D%22transparent%22%2F%3E%3C%2Fsvg%3E\" alt=\"AI-generated image of red scene with a portal showing a figure in silhouette and a black-and-white background through the door.\" class=\"wp-image-823\"\/><\/figure>\n\n\n\n<figure class=\"wp-block-image size-large\"><img data-opt-id=720136726  data-opt-src=\"https:\/\/mlr04w2evrow.i.optimole.com\/cb:O59K.20376\/w:1024\/h:768\/q:mauto\/f:best\/id:14407c6835ecd039790600d6c46b3cc7\/https:\/\/www.valenciablue.com\/slide-color-ai-path-4x3-1.png\"  decoding=\"async\" data-id=\"825\" src=\"data:image/svg+xml,%3Csvg%20viewBox%3D%220%200%201024%20768%22%20width%3D%221024%22%20height%3D%22768%22%20xmlns%3D%22http%3A%2F%2Fwww.w3.org%2F2000%2Fsvg%22%3E%3Crect%20width%3D%221024%22%20height%3D%22768%22%20fill%3D%22transparent%22%2F%3E%3C%2Fsvg%3E\" alt=\"AI-generated image of a mountaintop path, photo realistic, and a figure standing on a path to the right side.\" class=\"wp-image-825\"\/><\/figure>\n<\/figure>\n\n\n\n<p>Obviamente, me atraen m\u00e1s los aspectos t\u00e9cnicos de la gesti\u00f3n de un sitio web. Aunque el contenido es lo m\u00e1s importante, para m\u00ed es una cuesti\u00f3n secundaria. Me da una excusa, una raz\u00f3n para probar algo nuevo y aprender en el proceso. A veces estoy contento con el resultado, otras veces no tanto. Pero siempre hay satisfacci\u00f3n en el intento.<\/p>","protected":false},"excerpt":{"rendered":"<p>En cuanto a la raz\u00f3n por la que escribo estos art\u00edculos, es por lo que hay entre las rebanadas de pan, un bocadillo, por as\u00ed decirlo. <\/p>","protected":false},"author":2,"featured_media":827,"comment_status":"open","ping_status":"closed","sticky":false,"template":"","format":"standard","meta":{"advanced_seo_description":"Finding a hobby is a journey in and of itself.","jetpack_seo_html_title":"Hobbies in Retirement","jetpack_seo_noindex":false,"jetpack_post_was_ever_published":false,"_jetpack_newsletter_access":"","_jetpack_dont_email_post_to_subs":false,"_jetpack_newsletter_tier_id":0,"_jetpack_memberships_contains_paywalled_content":false,"_jetpack_memberships_contains_paid_content":false,"footnotes":"","jetpack_publicize_message":"There\u2019s a saying in the news business: You have to feed the beast. #retirement #spain #webcontent","jetpack_publicize_feature_enabled":true,"jetpack_social_post_already_shared":true,"jetpack_social_options":{"image_generator_settings":{"template":"highway","enabled":false},"version":2}},"categories":[1],"tags":[],"class_list":["post-821","post","type-post","status-publish","format-standard","has-post-thumbnail","hentry","category-daily-life"],"jetpack_publicize_connections":[],"jetpack_featured_media_url":"https:\/\/mlr04w2evrow.i.optimole.com\/cb:O59K.20376\/w:1200\/h:900\/q:mauto\/f:best\/id:3223f8b3f4a0c01ae3c1ff5d7ec323f5\/https:\/\/www.valenciablue.com\/featured-path-ai.png","jetpack-related-posts":[{"id":843,"url":"https:\/\/www.valenciablue.com\/es\/conjugating-in-bed-keeps-me-up-at-nights\/","url_meta":{"origin":821,"position":0},"title":"Conjugar en la cama me mantiene despierto por las noches.","author":"Admin","date":"17\/02\/2025","format":false,"excerpt":"Por fin tengo el tiempo y los medios para volver a tomar un mes de clases intensivas de espa\u00f1ol.","rel":"","context":"En \u00abDaily life\u00bb","block_context":{"text":"Daily life","link":"https:\/\/www.valenciablue.com\/es\/category\/daily-life\/"},"img":{"alt_text":"cup of coffee next to notes on spanish words with book.","src":"https:\/\/mlr04w2evrow.i.optimole.com\/cb:O59K.20376\/w:auto\/h:auto\/q:mauto\/f:best\/https:\/\/i0.wp.com\/mlr04w2evrow.i.optimole.com\/w%3A1403\/h%3A1052\/q%3Amauto\/process%3A855\/id%3A9c150f17be6343ff9ce061d318ce8f35\/https%3A\/\/www.valenciablue.com\/spanish-notes-coffee-5408919_4x3.jpg?resize=350%2C200&ssl=1","width":350,"height":200,"srcset":"https:\/\/mlr04w2evrow.i.optimole.com\/cb:O59K.20376\/w:auto\/h:auto\/q:mauto\/f:best\/https:\/\/i0.wp.com\/mlr04w2evrow.i.optimole.com\/w%3A1403\/h%3A1052\/q%3Amauto\/process%3A855\/id%3A9c150f17be6343ff9ce061d318ce8f35\/https%3A\/\/www.valenciablue.com\/spanish-notes-coffee-5408919_4x3.jpg?resize=350%2C200&ssl=1 1x, https:\/\/mlr04w2evrow.i.optimole.com\/cb:O59K.20376\/w:auto\/h:auto\/q:mauto\/f:best\/https:\/\/i0.wp.com\/mlr04w2evrow.i.optimole.com\/w%3A1403\/h%3A1052\/q%3Amauto\/process%3A855\/id%3A9c150f17be6343ff9ce061d318ce8f35\/https%3A\/\/www.valenciablue.com\/spanish-notes-coffee-5408919_4x3.jpg?resize=525%2C300&ssl=1 1.5x, https:\/\/mlr04w2evrow.i.optimole.com\/cb:O59K.20376\/w:auto\/h:auto\/q:mauto\/f:best\/https:\/\/i0.wp.com\/mlr04w2evrow.i.optimole.com\/w%3A1403\/h%3A1052\/q%3Amauto\/process%3A855\/id%3A9c150f17be6343ff9ce061d318ce8f35\/https%3A\/\/www.valenciablue.com\/spanish-notes-coffee-5408919_4x3.jpg?resize=700%2C400&ssl=1 2x, https:\/\/mlr04w2evrow.i.optimole.com\/cb:O59K.20376\/w:auto\/h:auto\/q:mauto\/f:best\/https:\/\/i0.wp.com\/mlr04w2evrow.i.optimole.com\/w%3A1403\/h%3A1052\/q%3Amauto\/process%3A855\/id%3A9c150f17be6343ff9ce061d318ce8f35\/https%3A\/\/www.valenciablue.com\/spanish-notes-coffee-5408919_4x3.jpg?resize=1050%2C600&ssl=1 3x, https:\/\/mlr04w2evrow.i.optimole.com\/cb:O59K.20376\/w:auto\/h:auto\/q:mauto\/f:best\/https:\/\/i0.wp.com\/mlr04w2evrow.i.optimole.com\/w%3A1403\/h%3A1052\/q%3Amauto\/process%3A855\/id%3A9c150f17be6343ff9ce061d318ce8f35\/https%3A\/\/www.valenciablue.com\/spanish-notes-coffee-5408919_4x3.jpg?resize=1400%2C800&ssl=1 4x"},"classes":[]},{"id":744,"url":"https:\/\/www.valenciablue.com\/es\/youre-going-to-confront-it-eventually-spanish-bureaucracy\/","url_meta":{"origin":821,"position":1},"title":"Al final te vas a enfrentar a ello: la burocracia espa\u00f1ola","author":"Admin","date":"09\/12\/2024","format":false,"excerpt":"La molestia de tratar con un funcionario del gobierno en un idioma con el que no estoy familiarizado...","rel":"","context":"En \u00abDaily life\u00bb","block_context":{"text":"Daily life","link":"https:\/\/www.valenciablue.com\/es\/category\/daily-life\/"},"img":{"alt_text":"A wait number over a form to be filled out.","src":"https:\/\/mlr04w2evrow.i.optimole.com\/cb:O59K.20376\/w:auto\/h:auto\/q:mauto\/f:best\/https:\/\/i0.wp.com\/mlr04w2evrow.i.optimole.com\/w%3A1200\/h%3A900\/q%3Amauto\/process%3A748\/id%3A601e0dba352a31406a2bfec2af00ac7d\/https%3A\/\/www.valenciablue.com\/solicitud-vlc.jpg?resize=350%2C200&ssl=1","width":350,"height":200,"srcset":"https:\/\/mlr04w2evrow.i.optimole.com\/cb:O59K.20376\/w:auto\/h:auto\/q:mauto\/f:best\/https:\/\/i0.wp.com\/mlr04w2evrow.i.optimole.com\/w%3A1200\/h%3A900\/q%3Amauto\/process%3A748\/id%3A601e0dba352a31406a2bfec2af00ac7d\/https%3A\/\/www.valenciablue.com\/solicitud-vlc.jpg?resize=350%2C200&ssl=1 1x, https:\/\/mlr04w2evrow.i.optimole.com\/cb:O59K.20376\/w:auto\/h:auto\/q:mauto\/f:best\/https:\/\/i0.wp.com\/mlr04w2evrow.i.optimole.com\/w%3A1200\/h%3A900\/q%3Amauto\/process%3A748\/id%3A601e0dba352a31406a2bfec2af00ac7d\/https%3A\/\/www.valenciablue.com\/solicitud-vlc.jpg?resize=525%2C300&ssl=1 1.5x, https:\/\/mlr04w2evrow.i.optimole.com\/cb:O59K.20376\/w:auto\/h:auto\/q:mauto\/f:best\/https:\/\/i0.wp.com\/mlr04w2evrow.i.optimole.com\/w%3A1200\/h%3A900\/q%3Amauto\/process%3A748\/id%3A601e0dba352a31406a2bfec2af00ac7d\/https%3A\/\/www.valenciablue.com\/solicitud-vlc.jpg?resize=700%2C400&ssl=1 2x, https:\/\/mlr04w2evrow.i.optimole.com\/cb:O59K.20376\/w:auto\/h:auto\/q:mauto\/f:best\/https:\/\/i0.wp.com\/mlr04w2evrow.i.optimole.com\/w%3A1200\/h%3A900\/q%3Amauto\/process%3A748\/id%3A601e0dba352a31406a2bfec2af00ac7d\/https%3A\/\/www.valenciablue.com\/solicitud-vlc.jpg?resize=1050%2C600&ssl=1 3x"},"classes":[]},{"id":1257,"url":"https:\/\/www.valenciablue.com\/es\/its-harvest-time-for-spanish-olives\/","url_meta":{"origin":821,"position":2},"title":"Es \u00e9poca de cosecha de aceitunas espa\u00f1olas","author":"Admin","date":"29\/11\/2025","format":false,"excerpt":"https:\/\/www.facebook.com\/VLCblue\/posts\/pfbid02xgFX7FFEB8LKCnGiC17zU5iV4M2bW49fsMvha9N37BmPrHWeJNewnWBysiLP7C2Yl I rode by these workers on the way to Pedralba. Some light reading if you want to learn more about Spain's olive industry and outlook. Click on the image below to read the article.","rel":"","context":"En \u00abDaily life\u00bb","block_context":{"text":"Daily life","link":"https:\/\/www.valenciablue.com\/es\/category\/daily-life\/"},"img":{"alt_text":"Two men working to spread out the netting to catch fallen olives in Pedralba, Spain.","src":"https:\/\/mlr04w2evrow.i.optimole.com\/cb:O59K.20376\/w:auto\/h:auto\/q:mauto\/f:best\/https:\/\/i0.wp.com\/mlr04w2evrow.i.optimole.com\/w%3A949\/h%3A712\/q%3Amauto\/process%3A1276\/id%3A7192bfa59e62d34d64d0c19682e7287e\/https%3A\/\/www.valenciablue.com\/olive-harvest-2.jpg?resize=350%2C200&ssl=1","width":350,"height":200,"srcset":"https:\/\/mlr04w2evrow.i.optimole.com\/cb:O59K.20376\/w:auto\/h:auto\/q:mauto\/f:best\/https:\/\/i0.wp.com\/mlr04w2evrow.i.optimole.com\/w%3A949\/h%3A712\/q%3Amauto\/process%3A1276\/id%3A7192bfa59e62d34d64d0c19682e7287e\/https%3A\/\/www.valenciablue.com\/olive-harvest-2.jpg?resize=350%2C200&ssl=1 1x, https:\/\/mlr04w2evrow.i.optimole.com\/cb:O59K.20376\/w:auto\/h:auto\/q:mauto\/f:best\/https:\/\/i0.wp.com\/mlr04w2evrow.i.optimole.com\/w%3A949\/h%3A712\/q%3Amauto\/process%3A1276\/id%3A7192bfa59e62d34d64d0c19682e7287e\/https%3A\/\/www.valenciablue.com\/olive-harvest-2.jpg?resize=525%2C300&ssl=1 1.5x, https:\/\/mlr04w2evrow.i.optimole.com\/cb:O59K.20376\/w:auto\/h:auto\/q:mauto\/f:best\/https:\/\/i0.wp.com\/mlr04w2evrow.i.optimole.com\/w%3A949\/h%3A712\/q%3Amauto\/process%3A1276\/id%3A7192bfa59e62d34d64d0c19682e7287e\/https%3A\/\/www.valenciablue.com\/olive-harvest-2.jpg?resize=700%2C400&ssl=1 2x"},"classes":[]},{"id":543,"url":"https:\/\/www.valenciablue.com\/es\/having-lived-in-spain-for-three-years-why-dont-i-speak-spanish-better\/","url_meta":{"origin":821,"position":3},"title":"Habiendo vivido en Espa\u00f1a durante tres a\u00f1os, \u00bfpor qu\u00e9 no hablo mejor espa\u00f1ol?","author":"Admin","date":"14\/07\/2024","format":false,"excerpt":"Aprendo de forma visual. La pronunciaci\u00f3n que escucho no es la misma que la que tengo en la cabeza mientras la leo.","rel":"","context":"En \u00abDaily life\u00bb","block_context":{"text":"Daily life","link":"https:\/\/www.valenciablue.com\/es\/category\/daily-life\/"},"img":{"alt_text":"A textbook to learn Spanish is pictured.","src":"https:\/\/mlr04w2evrow.i.optimole.com\/cb:O59K.20376\/w:auto\/h:auto\/q:mauto\/f:best\/https:\/\/i0.wp.com\/mlr04w2evrow.i.optimole.com\/w%3A1200\/h%3A900\/q%3Amauto\/process%3A551\/id%3Accf45e84711c0314b5af486c4639c665\/https%3A\/\/www.valenciablue.com\/gramitica-espanola.jpg?resize=350%2C200&ssl=1","width":350,"height":200,"srcset":"https:\/\/mlr04w2evrow.i.optimole.com\/cb:O59K.20376\/w:auto\/h:auto\/q:mauto\/f:best\/https:\/\/i0.wp.com\/mlr04w2evrow.i.optimole.com\/w%3A1200\/h%3A900\/q%3Amauto\/process%3A551\/id%3Accf45e84711c0314b5af486c4639c665\/https%3A\/\/www.valenciablue.com\/gramitica-espanola.jpg?resize=350%2C200&ssl=1 1x, https:\/\/mlr04w2evrow.i.optimole.com\/cb:O59K.20376\/w:auto\/h:auto\/q:mauto\/f:best\/https:\/\/i0.wp.com\/mlr04w2evrow.i.optimole.com\/w%3A1200\/h%3A900\/q%3Amauto\/process%3A551\/id%3Accf45e84711c0314b5af486c4639c665\/https%3A\/\/www.valenciablue.com\/gramitica-espanola.jpg?resize=525%2C300&ssl=1 1.5x, https:\/\/mlr04w2evrow.i.optimole.com\/cb:O59K.20376\/w:auto\/h:auto\/q:mauto\/f:best\/https:\/\/i0.wp.com\/mlr04w2evrow.i.optimole.com\/w%3A1200\/h%3A900\/q%3Amauto\/process%3A551\/id%3Accf45e84711c0314b5af486c4639c665\/https%3A\/\/www.valenciablue.com\/gramitica-espanola.jpg?resize=700%2C400&ssl=1 2x, https:\/\/mlr04w2evrow.i.optimole.com\/cb:O59K.20376\/w:auto\/h:auto\/q:mauto\/f:best\/https:\/\/i0.wp.com\/mlr04w2evrow.i.optimole.com\/w%3A1200\/h%3A900\/q%3Amauto\/process%3A551\/id%3Accf45e84711c0314b5af486c4639c665\/https%3A\/\/www.valenciablue.com\/gramitica-espanola.jpg?resize=1050%2C600&ssl=1 3x"},"classes":[]},{"id":601,"url":"https:\/\/www.valenciablue.com\/es\/using-a-gestor-in-spain-and-why-go-with-the-professionals\/","url_meta":{"origin":821,"position":4},"title":"\u00bfQu\u00e9 es un gestor en Espa\u00f1a y por qu\u00e9 acudir a profesionales?","author":"Admin","date":"12\/08\/2024","format":false,"excerpt":"Siguiendo el aforismo \u201cact\u00faa con prisa, arrepi\u00e9ntete cuando te d\u00e9 tiempo\u201d, no soy partidario de arrojar dinero para resolver un problema.","rel":"","context":"En \u00abDaily life\u00bb","block_context":{"text":"Daily life","link":"https:\/\/www.valenciablue.com\/es\/category\/daily-life\/"},"img":{"alt_text":"Hands shuffling through folders and files (stock image)","src":"https:\/\/mlr04w2evrow.i.optimole.com\/cb:O59K.20376\/w:auto\/h:auto\/q:mauto\/f:best\/https:\/\/i0.wp.com\/www.valenciablue.com\/wp-content\/uploads\/2024\/08\/paperwork.jpg?resize=350%2C200&ssl=1","width":350,"height":200,"srcset":"https:\/\/mlr04w2evrow.i.optimole.com\/cb:O59K.20376\/w:auto\/h:auto\/q:mauto\/f:best\/https:\/\/i0.wp.com\/www.valenciablue.com\/wp-content\/uploads\/2024\/08\/paperwork.jpg?resize=350%2C200&ssl=1 1x, https:\/\/mlr04w2evrow.i.optimole.com\/cb:O59K.20376\/w:auto\/h:auto\/q:mauto\/f:best\/https:\/\/i0.wp.com\/www.valenciablue.com\/wp-content\/uploads\/2024\/08\/paperwork.jpg?resize=525%2C300&ssl=1 1.5x, https:\/\/mlr04w2evrow.i.optimole.com\/cb:O59K.20376\/w:auto\/h:auto\/q:mauto\/f:best\/https:\/\/i0.wp.com\/www.valenciablue.com\/wp-content\/uploads\/2024\/08\/paperwork.jpg?resize=700%2C400&ssl=1 2x, https:\/\/mlr04w2evrow.i.optimole.com\/cb:O59K.20376\/w:auto\/h:auto\/q:mauto\/f:best\/https:\/\/i0.wp.com\/www.valenciablue.com\/wp-content\/uploads\/2024\/08\/paperwork.jpg?resize=1050%2C600&ssl=1 3x"},"classes":[]},{"id":475,"url":"https:\/\/www.valenciablue.com\/es\/suddenly-just-like-that-im-an-empty-nester\/","url_meta":{"origin":821,"position":5},"title":"De repente, as\u00ed como as\u00ed, soy un nido vac\u00edo.","author":"Admin","date":"12\/04\/2024","format":false,"excerpt":"El D\u00eda del Padre en Espa\u00f1a, mi hijo regres\u00f3 a los EE. UU. Su mam\u00e1 lo acompa\u00f1a, as\u00ed que me qued\u00e9 en Valencia, solo. Bueno, con los gatos de todos modos.","rel":"","context":"En \u00abDaily life\u00bb","block_context":{"text":"Daily life","link":"https:\/\/www.valenciablue.com\/es\/category\/daily-life\/"},"img":{"alt_text":"Statue of St. Joseph against a cloudy sky.","src":"https:\/\/mlr04w2evrow.i.optimole.com\/cb:O59K.20376\/w:auto\/h:auto\/q:mauto\/f:best\/https:\/\/i0.wp.com\/mlr04w2evrow.i.optimole.com\/w%3A1200\/h%3A900\/q%3Amauto\/process%3A477\/id%3Ab4eba8a48b0311a6f021c10d58689bac\/https%3A\/\/www.valenciablue.com\/san-jose-patron-saint-las-fallas.jpg?resize=350%2C200&ssl=1","width":350,"height":200,"srcset":"https:\/\/mlr04w2evrow.i.optimole.com\/cb:O59K.20376\/w:auto\/h:auto\/q:mauto\/f:best\/https:\/\/i0.wp.com\/mlr04w2evrow.i.optimole.com\/w%3A1200\/h%3A900\/q%3Amauto\/process%3A477\/id%3Ab4eba8a48b0311a6f021c10d58689bac\/https%3A\/\/www.valenciablue.com\/san-jose-patron-saint-las-fallas.jpg?resize=350%2C200&ssl=1 1x, https:\/\/mlr04w2evrow.i.optimole.com\/cb:O59K.20376\/w:auto\/h:auto\/q:mauto\/f:best\/https:\/\/i0.wp.com\/mlr04w2evrow.i.optimole.com\/w%3A1200\/h%3A900\/q%3Amauto\/process%3A477\/id%3Ab4eba8a48b0311a6f021c10d58689bac\/https%3A\/\/www.valenciablue.com\/san-jose-patron-saint-las-fallas.jpg?resize=525%2C300&ssl=1 1.5x, https:\/\/mlr04w2evrow.i.optimole.com\/cb:O59K.20376\/w:auto\/h:auto\/q:mauto\/f:best\/https:\/\/i0.wp.com\/mlr04w2evrow.i.optimole.com\/w%3A1200\/h%3A900\/q%3Amauto\/process%3A477\/id%3Ab4eba8a48b0311a6f021c10d58689bac\/https%3A\/\/www.valenciablue.com\/san-jose-patron-saint-las-fallas.jpg?resize=700%2C400&ssl=1 2x, https:\/\/mlr04w2evrow.i.optimole.com\/cb:O59K.20376\/w:auto\/h:auto\/q:mauto\/f:best\/https:\/\/i0.wp.com\/mlr04w2evrow.i.optimole.com\/w%3A1200\/h%3A900\/q%3Amauto\/process%3A477\/id%3Ab4eba8a48b0311a6f021c10d58689bac\/https%3A\/\/www.valenciablue.com\/san-jose-patron-saint-las-fallas.jpg?resize=1050%2C600&ssl=1 3x"},"classes":[]}],"jetpack_shortlink":"https:\/\/wp.me\/pftBvt-df","jetpack_sharing_enabled":true,"jetpack_likes_enabled":true,"_links":{"self":[{"href":"https:\/\/www.valenciablue.com\/es\/wp-json\/wp\/v2\/posts\/821","targetHints":{"allow":["GET"]}}],"collection":[{"href":"https:\/\/www.valenciablue.com\/es\/wp-json\/wp\/v2\/posts"}],"about":[{"href":"https:\/\/www.valenciablue.com\/es\/wp-json\/wp\/v2\/types\/post"}],"author":[{"embeddable":true,"href":"https:\/\/www.valenciablue.com\/es\/wp-json\/wp\/v2\/users\/2"}],"replies":[{"embeddable":true,"href":"https:\/\/www.valenciablue.com\/es\/wp-json\/wp\/v2\/comments?post=821"}],"version-history":[{"count":5,"href":"https:\/\/www.valenciablue.com\/es\/wp-json\/wp\/v2\/posts\/821\/revisions"}],"predecessor-version":[{"id":832,"href":"https:\/\/www.valenciablue.com\/es\/wp-json\/wp\/v2\/posts\/821\/revisions\/832"}],"wp:featuredmedia":[{"embeddable":true,"href":"https:\/\/www.valenciablue.com\/es\/wp-json\/wp\/v2\/media\/827"}],"wp:attachment":[{"href":"https:\/\/www.valenciablue.com\/es\/wp-json\/wp\/v2\/media?parent=821"}],"wp:term":[{"taxonomy":"category","embeddable":true,"href":"https:\/\/www.valenciablue.com\/es\/wp-json\/wp\/v2\/categories?post=821"},{"taxonomy":"post_tag","embeddable":true,"href":"https:\/\/www.valenciablue.com\/es\/wp-json\/wp\/v2\/tags?post=821"}],"curies":[{"name":"gracias","href":"https:\/\/api.w.org\/{rel}","templated":true}]}}