{"id":724,"date":"2024-11-10T14:16:08","date_gmt":"2024-11-10T14:16:08","guid":{"rendered":"https:\/\/www.valenciablue.com\/?p=724"},"modified":"2024-11-10T17:26:07","modified_gmt":"2024-11-10T17:26:07","slug":"thats-it-im-leaving-the-u-s","status":"publish","type":"post","link":"https:\/\/www.valenciablue.com\/es\/thats-it-im-leaving-the-u-s\/","title":{"rendered":"Eso es todo; me voy de los Estados Unidos."},"content":{"rendered":"<h2 class=\"wp-block-heading\">Por qu\u00e9 salir de tu pa\u00eds de origen no es tan f\u00e1cil<br><\/h2>\n\n\n\n<p>Como lector, es posible que haya deducido por el nombre del sitio que: <a href=\"https:\/\/www.valenciablue.com\/es\/\" data-type=\"page\" data-id=\"10\" target=\"_blank\" rel=\"noreferrer noopener\">ValenciaBlue<\/a>Soy residente de Valencia, Espa\u00f1a. Mi familia y yo nos mudamos aqu\u00ed durante la \u00faltima etapa de la pandemia en 2021. Hab\u00edamos planeado irnos en 2020, pero ya saben c\u00f3mo fue eso. Me motiv\u00f3 el deseo de sumergirnos por completo en una nueva cultura. Los recientes acontecimientos en los EE. UU. han llevado a muchos a acercarse y preguntar &quot;\u00bfC\u00f3mo puedo hacer esto tambi\u00e9n?&quot;<\/p>\n\n\n\n<p>Despu\u00e9s de las elecciones presidenciales en Estados Unidos, las b\u00fasquedas de \u201cVivir en el extranjero\u201d se han disparado. <a href=\"https:\/\/www.reuters.com\/world\/us\/after-trumps-win-many-despondent-americans-research-moving-abroad-2024-11-08\/\" target=\"_blank\" rel=\"noreferrer noopener\">Sentimiento de \u201cAmerexit\u201d<\/a> Se ha instalado entre algunos ciudadanos estadounidenses la idea de que la autocomplacencia es una tendencia. En primer lugar, respire profundamente. Recuerde que actuar con prisas significa arrepentirse cuando lo desee. Conc\u00e9ntrese menos en huir y m\u00e1s en dirigirse a un lugar determinado. Convi\u00e9rtalo en una motivaci\u00f3n positiva.<\/p>\n\n\n\n<p>La iron\u00eda es que la gente que probablemente no se ver\u00e1 afectada (en su mayor parte) por las acciones del gobierno entrante est\u00e1 buscando irse. Los afectados por este cambio electoral, en general, no estar\u00e1n dispuestos o no podr\u00e1n mudarse, incluso dentro del mismo pa\u00eds. En cualquier caso, estamos todos juntos en esto. El hecho de que quieras irte no significa que abandones tu patria. Una de las formas de seguir participando es votar.<\/p>\n\n\n\n<div class=\"wp-block-media-text is-stacked-on-mobile\" style=\"grid-template-columns:23% auto\"><figure class=\"wp-block-media-text__media\"><img data-opt-id=727862682  fetchpriority=\"high\" decoding=\"async\" width=\"867\" height=\"1300\" src=\"https:\/\/mlr04w2evrow.i.optimole.com\/cb:O59K.20376\/w:auto\/h:auto\/q:mauto\/f:best\/id:6c980f1fb37296a27a4f6729ca09577e\/https:\/\/www.valenciablue.com\/pexels-photo-5403286.jpeg\" alt=\"colorful map of north america on globe\" class=\"wp-image-725 size-full\"\/><\/figure><div class=\"wp-block-media-text__content\">\n<p>Entre <a href=\"https:\/\/www.cnbc.com\/2024\/11\/08\/americans-interested-in-moving-abroad-skyrocket-after-trumps-win.html\">Los principales destinos extranjeros<\/a> Los pa\u00edses que m\u00e1s se destacan son Canad\u00e1 y M\u00e9xico por su proximidad. Adem\u00e1s de nuestro vecino al norte de la frontera con Estados Unidos, otros pa\u00edses de habla inglesa, como el Reino Unido, Irlanda, Nueva Zelanda y Australia, figuran en los primeros puestos de la lista. A ellos se puede sumar la India con su<a href=\"https:\/\/www.thehistoryofenglish.com\/how-many-people-in-india-speak-english\" target=\"_blank\" rel=\"noreferrer noopener\"> gran poblaci\u00f3n de habla inglesa<\/a> en virtud de su tama\u00f1o.<\/p>\n<\/div><\/div>\n\n\n\n<p>Aunque vivimos en Italia hace un par de d\u00e9cadas, <a href=\"https:\/\/www.valenciablue.com\/es\/getting-here-is-half-the-fun-your-new-life-in-valencia\/\" data-type=\"post\" data-id=\"488\" target=\"_blank\" rel=\"noreferrer noopener\">Esa experiencia por s\u00ed sola no nos prepar\u00f3 para levantar los palos.<\/a> y <a href=\"https:\/\/www.valenciablue.com\/es\/so-im-in-a-new-country-why\/\" data-type=\"post\" data-id=\"257\">Mudarse a Espa\u00f1a<\/a>Para empezar, hace a\u00f1os estuve en Italia con un visado de estudiante. Muchos asuntos burocr\u00e1ticos los gestionaba la universidad. Los impuestos no eran un problema, pero cuando se acab\u00f3 el visado, nos llevaron a toda prisa a la salida. Por eso decid\u00ed hacer las cosas de otra manera a nuestro regreso a Europa.<br><\/p>\n\n\n\n<div class=\"wp-block-media-text has-media-on-the-right is-stacked-on-mobile\" style=\"grid-template-columns:auto 27%\"><div class=\"wp-block-media-text__content\">\n<p>El hecho de tener un pasaporte estadounidense no significa que puedas llegar y quedarte en el pa\u00eds que elijas. En la mayor\u00eda de los casos, tendr\u00e1s solo 90 d\u00edas antes de tener que salir por otros 90 d\u00edas antes de regresar. Este ciclo de 180 d\u00edas puede tener sentido para una situaci\u00f3n de &quot;probar antes de comprar&quot;, pero puede volverse oneroso a largo plazo. Pero al menos no estar\u00e1s sujeto (por lo general, pero esta publicaci\u00f3n no pretende ser un consejo fiscal) a la mayor\u00eda de los impuestos sobre la renta de tu nuevo pa\u00eds.<br><\/p>\n<\/div><figure class=\"wp-block-media-text__media\"><img data-opt-id=1205613861  fetchpriority=\"high\" decoding=\"async\" width=\"1040\" height=\"1300\" src=\"https:\/\/mlr04w2evrow.i.optimole.com\/cb:O59K.20376\/w:auto\/h:auto\/q:mauto\/f:best\/id:8b6c3eb73f2fe695eb0199a8bef48612\/https:\/\/www.valenciablue.com\/pexels-photo-4353813.jpeg\" alt=\"anonymous tourists showing us passports on street on sunny day\" class=\"wp-image-726 size-full\"\/><\/figure><\/div>\n\n\n\n<h2 class=\"wp-block-heading\">Una descripci\u00f3n general r\u00e1pida de los factores a tener en cuenta a la hora de decidir<\/h2>\n\n\n\n<p>Sin ning\u00fan orden en particular, aqu\u00ed hay algunas cosas a tener en cuenta\u2026<\/p>\n\n\n\n<h3 class=\"wp-block-heading\">Ventajas:<\/h3>\n\n\n\n<ul class=\"wp-block-list\">\n<li>Estabilidad pol\u00edtica, por eso nos instalamos en Espa\u00f1a.<\/li>\n\n\n\n<li>Calidad de vida, infraestructura de atenci\u00f3n m\u00e9dica.<\/li>\n\n\n\n<li>Cercan\u00eda a otros destinos europeos.<\/li>\n\n\n\n<li>Quer\u00eda aprender un nuevo idioma, en este caso espa\u00f1ol.<\/li>\n\n\n\n<li><a href=\"https:\/\/www.expatica.com\/es\/moving\/visas\/spain-visa-102354\/\" target=\"_blank\" rel=\"noreferrer noopener\">Diferentes tipos de visas<\/a> Est\u00e1n disponibles: No lucrativo, N\u00f3mada digital, Dorado (este \u00faltimo dejar\u00e1 de estar disponible en enero de 2025 al momento de escribir este art\u00edculo).<\/li>\n\n\n\n<li>El costo de vida puede ser m\u00e1s barato.<\/li>\n<\/ul>\n\n\n\n<h3 class=\"wp-block-heading\">Contras:<\/h3>\n\n\n\n<ul class=\"wp-block-list\">\n<li>La distancia de amigos y familiares en EE. UU. Es un vuelo de un d\u00eda, al menos, para llegar all\u00ed<\/li>\n\n\n\n<li><a href=\"https:\/\/marthamillerwrites.com\/10-things-i-miss-about-living-in-the-united-states\/\" data-type=\"link\" data-id=\"https:\/\/marthamillerwrites.com\/10-things-i-miss-about-living-in-the-united-states\/\" target=\"_blank\" rel=\"noreferrer noopener\">Nostalgia<\/a> \u2013 A veces parece m\u00e1s f\u00e1cil afrontar las cosas en un entorno familiar.<\/li>\n\n\n\n<li>Responsabilidad fiscal: piense en cosas como el impuesto a las ganancias de capital, las ganancias por la venta de una casa, los fondos de jubilaci\u00f3n que reciben un tratamiento fiscal favorable en los EE. UU. no son los mismos en el extranjero.<\/li>\n\n\n\n<li>Renunciar a su trabajo para obtener una visa no lucrativa pr\u00e1cticamente quema sus naves.<\/li>\n\n\n\n<li>Inestabilidad pol\u00edtica. Por ejemplo, analizamos los casos de M\u00e9xico y Ecuador, pero decidimos no hacerlo porque eran demasiado riesgosos.<\/li>\n\n\n\n<li>Aprender un nuevo idioma y cultura no es para todos. <a href=\"https:\/\/marthamillerwrites.com\/it-will-all-be-better-in-the-new-place-the-post-no-aspiring-expat-wants-to-read\/\" target=\"_blank\" rel=\"noreferrer noopener\">Sea realista<\/a> sobre sus objetivos de competencia ling\u00fc\u00edstica.<\/li>\n\n\n\n<li>En su nuevo pa\u00eds no podr\u00e1 votar, lo que implica una participaci\u00f3n limitada en las decisiones pol\u00edticas que afectan su vida.<\/li>\n\n\n\n<li>Los costos de la mudanza incluyen qu\u00e9 conservar y de qu\u00e9 deshacerse. \u00bfTraer mascotas? Ese es otro tema.<\/li>\n<\/ul>\n\n\n\n<h2 class=\"wp-block-heading\">Tenga claro y l\u00facido lo que esto implica.<\/h2>\n\n\n\n<p>Mira, no quiero ser pesimista. Notar\u00e1s que la lista de \u201cContras\u201d es m\u00e1s larga, pero es intencional. Inf\u00f3rmate antes de ir. A corto plazo, gran parte de este sentimiento actual de mudarse al extranjero est\u00e1 impulsado por la frustraci\u00f3n. Pero las decisiones que se tomen hoy tendr\u00e1n consecuencias a largo plazo.<a href=\"https:\/\/marthamillerwrites.com\/why-spain-why-valencia-and-why-did-it-take-three-years\/\" data-type=\"link\" data-id=\"https:\/\/marthamillerwrites.com\/why-spain-why-valencia-and-why-did-it-take-three-years\/\" target=\"_blank\" rel=\"noreferrer noopener\"> Tomar\u00e1 un tiempo poner todo en orden<\/a>Investigar ahora, evaluar de forma realista sus expectativas sobre la vida en el extranjero y actuar de manera racional le garantizar\u00e1 el \u00e9xito si decide dar el salto.<br><\/p>","protected":false},"excerpt":{"rendered":"<p> Un sentimiento de \u201cAmerexit\u201d se ha apoderado de algunos ciudadanos estadounidenses debido a los resultados de las elecciones presidenciales estadounidenses de 2024.<\/p>","protected":false},"author":2,"featured_media":727,"comment_status":"open","ping_status":"closed","sticky":false,"template":"","format":"standard","meta":{"advanced_seo_description":"","jetpack_seo_html_title":"","jetpack_seo_noindex":false,"jetpack_post_was_ever_published":false,"_jetpack_newsletter_access":"","_jetpack_dont_email_post_to_subs":false,"_jetpack_newsletter_tier_id":0,"_jetpack_memberships_contains_paywalled_content":false,"_jetpack_memberships_contains_paid_content":false,"footnotes":"","jetpack_publicize_message":"OK, I live in Spain now. But what factors would I consider if I had to leave the U.S. again? #amerexit","jetpack_publicize_feature_enabled":true,"jetpack_social_post_already_shared":false,"jetpack_social_options":{"image_generator_settings":{"template":"highway","enabled":false},"version":2}},"categories":[1],"tags":[55,18,34,56,17],"class_list":["post-724","post","type-post","status-publish","format-standard","has-post-thumbnail","hentry","category-daily-life","tag-amerexit","tag-american-expats-abroad","tag-leaving-friends-and-family","tag-leaving-the-u-s","tag-living-in-spain"],"jetpack_publicize_connections":[],"jetpack_featured_media_url":"https:\/\/mlr04w2evrow.i.optimole.com\/cb:O59K.20376\/w:1440\/h:1080\/q:mauto\/f:best\/id:2478b3d3d12aec0a1a4fba9569e0ef44\/https:\/\/www.valenciablue.com\/moving-boxes-bw-background-featured-image-4x3-1.jpg","jetpack-related-posts":[{"id":475,"url":"https:\/\/www.valenciablue.com\/es\/suddenly-just-like-that-im-an-empty-nester\/","url_meta":{"origin":724,"position":0},"title":"De repente, as\u00ed como as\u00ed, soy un nido vac\u00edo.","author":"Admin","date":"12\/04\/2024","format":false,"excerpt":"El D\u00eda del Padre en Espa\u00f1a, mi hijo regres\u00f3 a los EE. UU. Su mam\u00e1 lo acompa\u00f1a, as\u00ed que me qued\u00e9 en Valencia, solo. Bueno, con los gatos de todos modos.","rel":"","context":"En \u00abDaily life\u00bb","block_context":{"text":"Daily life","link":"https:\/\/www.valenciablue.com\/es\/category\/daily-life\/"},"img":{"alt_text":"Statue of St. Joseph against a cloudy sky.","src":"https:\/\/mlr04w2evrow.i.optimole.com\/cb:O59K.20376\/w:auto\/h:auto\/q:mauto\/f:best\/https:\/\/i0.wp.com\/mlr04w2evrow.i.optimole.com\/w%3A1200\/h%3A900\/q%3Amauto\/process%3A477\/id%3Ab4eba8a48b0311a6f021c10d58689bac\/https%3A\/\/www.valenciablue.com\/san-jose-patron-saint-las-fallas.jpg?resize=350%2C200&ssl=1","width":350,"height":200,"srcset":"https:\/\/mlr04w2evrow.i.optimole.com\/cb:O59K.20376\/w:auto\/h:auto\/q:mauto\/f:best\/https:\/\/i0.wp.com\/mlr04w2evrow.i.optimole.com\/w%3A1200\/h%3A900\/q%3Amauto\/process%3A477\/id%3Ab4eba8a48b0311a6f021c10d58689bac\/https%3A\/\/www.valenciablue.com\/san-jose-patron-saint-las-fallas.jpg?resize=350%2C200&ssl=1 1x, https:\/\/mlr04w2evrow.i.optimole.com\/cb:O59K.20376\/w:auto\/h:auto\/q:mauto\/f:best\/https:\/\/i0.wp.com\/mlr04w2evrow.i.optimole.com\/w%3A1200\/h%3A900\/q%3Amauto\/process%3A477\/id%3Ab4eba8a48b0311a6f021c10d58689bac\/https%3A\/\/www.valenciablue.com\/san-jose-patron-saint-las-fallas.jpg?resize=525%2C300&ssl=1 1.5x, https:\/\/mlr04w2evrow.i.optimole.com\/cb:O59K.20376\/w:auto\/h:auto\/q:mauto\/f:best\/https:\/\/i0.wp.com\/mlr04w2evrow.i.optimole.com\/w%3A1200\/h%3A900\/q%3Amauto\/process%3A477\/id%3Ab4eba8a48b0311a6f021c10d58689bac\/https%3A\/\/www.valenciablue.com\/san-jose-patron-saint-las-fallas.jpg?resize=700%2C400&ssl=1 2x, https:\/\/mlr04w2evrow.i.optimole.com\/cb:O59K.20376\/w:auto\/h:auto\/q:mauto\/f:best\/https:\/\/i0.wp.com\/mlr04w2evrow.i.optimole.com\/w%3A1200\/h%3A900\/q%3Amauto\/process%3A477\/id%3Ab4eba8a48b0311a6f021c10d58689bac\/https%3A\/\/www.valenciablue.com\/san-jose-patron-saint-las-fallas.jpg?resize=1050%2C600&ssl=1 3x"},"classes":[]},{"id":962,"url":"https:\/\/www.valenciablue.com\/es\/what-i-know-now-but-didnt-before-about-moving-to-spain\/","url_meta":{"origin":724,"position":1},"title":"Lo que s\u00e9 ahora, pero no sab\u00eda antes, sobre mudarme a Espa\u00f1a","author":"Admin","date":"06\/04\/2025","format":false,"excerpt":"Este es un resumen r\u00e1pido, y ciertamente no exhaustivo, de algunas de las cosas que descubr\u00ed.","rel":"","context":"En \u00abDaily life\u00bb","block_context":{"text":"Daily life","link":"https:\/\/www.valenciablue.com\/es\/category\/daily-life\/"},"img":{"alt_text":"man and woman sitting on brown wooden bench","src":"https:\/\/mlr04w2evrow.i.optimole.com\/cb:O59K.20376\/w:auto\/h:auto\/q:mauto\/f:best\/https:\/\/i0.wp.com\/mlr04w2evrow.i.optimole.com\/w%3A1674\/h%3A1300\/q%3Amauto\/process%3A966\/id%3A1b83fd08418fce20f946e72b8ce13097\/https%3A\/\/www.valenciablue.com\/pexels-photo-1034597.jpeg?resize=350%2C200&ssl=1","width":350,"height":200,"srcset":"https:\/\/mlr04w2evrow.i.optimole.com\/cb:O59K.20376\/w:auto\/h:auto\/q:mauto\/f:best\/https:\/\/i0.wp.com\/mlr04w2evrow.i.optimole.com\/w%3A1674\/h%3A1300\/q%3Amauto\/process%3A966\/id%3A1b83fd08418fce20f946e72b8ce13097\/https%3A\/\/www.valenciablue.com\/pexels-photo-1034597.jpeg?resize=350%2C200&ssl=1 1x, https:\/\/mlr04w2evrow.i.optimole.com\/cb:O59K.20376\/w:auto\/h:auto\/q:mauto\/f:best\/https:\/\/i0.wp.com\/mlr04w2evrow.i.optimole.com\/w%3A1674\/h%3A1300\/q%3Amauto\/process%3A966\/id%3A1b83fd08418fce20f946e72b8ce13097\/https%3A\/\/www.valenciablue.com\/pexels-photo-1034597.jpeg?resize=525%2C300&ssl=1 1.5x, https:\/\/mlr04w2evrow.i.optimole.com\/cb:O59K.20376\/w:auto\/h:auto\/q:mauto\/f:best\/https:\/\/i0.wp.com\/mlr04w2evrow.i.optimole.com\/w%3A1674\/h%3A1300\/q%3Amauto\/process%3A966\/id%3A1b83fd08418fce20f946e72b8ce13097\/https%3A\/\/www.valenciablue.com\/pexels-photo-1034597.jpeg?resize=700%2C400&ssl=1 2x, https:\/\/mlr04w2evrow.i.optimole.com\/cb:O59K.20376\/w:auto\/h:auto\/q:mauto\/f:best\/https:\/\/i0.wp.com\/mlr04w2evrow.i.optimole.com\/w%3A1674\/h%3A1300\/q%3Amauto\/process%3A966\/id%3A1b83fd08418fce20f946e72b8ce13097\/https%3A\/\/www.valenciablue.com\/pexels-photo-1034597.jpeg?resize=1050%2C600&ssl=1 3x, https:\/\/mlr04w2evrow.i.optimole.com\/cb:O59K.20376\/w:auto\/h:auto\/q:mauto\/f:best\/https:\/\/i0.wp.com\/mlr04w2evrow.i.optimole.com\/w%3A1674\/h%3A1300\/q%3Amauto\/process%3A966\/id%3A1b83fd08418fce20f946e72b8ce13097\/https%3A\/\/www.valenciablue.com\/pexels-photo-1034597.jpeg?resize=1400%2C800&ssl=1 4x"},"classes":[]},{"id":509,"url":"https:\/\/www.valenciablue.com\/es\/embracing-the-golden-years-retiring-in-spain\/","url_meta":{"origin":724,"position":2},"title":"Abrazando los a\u00f1os dorados: Jubilarse en Espa\u00f1a","author":"Admin","date":"26\/06\/2024","format":false,"excerpt":"La edad me est\u00e1 acechando. Intento mantenerme activa y estar en Espa\u00f1a sin duda me ayuda a lograr ese objetivo. Pero en alg\u00fan momento voy a necesitar ayuda.","rel":"","context":"En \u00abDaily life\u00bb","block_context":{"text":"Daily life","link":"https:\/\/www.valenciablue.com\/es\/category\/daily-life\/"},"img":{"alt_text":"Elderly couple walking down the street with the pictured tinted in yellow.","src":"https:\/\/mlr04w2evrow.i.optimole.com\/cb:O59K.20376\/w:auto\/h:auto\/q:mauto\/f:best\/https:\/\/i0.wp.com\/mlr04w2evrow.i.optimole.com\/w%3A1200\/h%3A900\/q%3Amauto\/process%3A540\/id%3Acea24497ee3394344fa57c523fa7b4a1\/https%3A\/\/www.valenciablue.com\/elderly-couple-gold-1200x900-1.jpg?resize=350%2C200&ssl=1","width":350,"height":200,"srcset":"https:\/\/mlr04w2evrow.i.optimole.com\/cb:O59K.20376\/w:auto\/h:auto\/q:mauto\/f:best\/https:\/\/i0.wp.com\/mlr04w2evrow.i.optimole.com\/w%3A1200\/h%3A900\/q%3Amauto\/process%3A540\/id%3Acea24497ee3394344fa57c523fa7b4a1\/https%3A\/\/www.valenciablue.com\/elderly-couple-gold-1200x900-1.jpg?resize=350%2C200&ssl=1 1x, https:\/\/mlr04w2evrow.i.optimole.com\/cb:O59K.20376\/w:auto\/h:auto\/q:mauto\/f:best\/https:\/\/i0.wp.com\/mlr04w2evrow.i.optimole.com\/w%3A1200\/h%3A900\/q%3Amauto\/process%3A540\/id%3Acea24497ee3394344fa57c523fa7b4a1\/https%3A\/\/www.valenciablue.com\/elderly-couple-gold-1200x900-1.jpg?resize=525%2C300&ssl=1 1.5x, https:\/\/mlr04w2evrow.i.optimole.com\/cb:O59K.20376\/w:auto\/h:auto\/q:mauto\/f:best\/https:\/\/i0.wp.com\/mlr04w2evrow.i.optimole.com\/w%3A1200\/h%3A900\/q%3Amauto\/process%3A540\/id%3Acea24497ee3394344fa57c523fa7b4a1\/https%3A\/\/www.valenciablue.com\/elderly-couple-gold-1200x900-1.jpg?resize=700%2C400&ssl=1 2x, https:\/\/mlr04w2evrow.i.optimole.com\/cb:O59K.20376\/w:auto\/h:auto\/q:mauto\/f:best\/https:\/\/i0.wp.com\/mlr04w2evrow.i.optimole.com\/w%3A1200\/h%3A900\/q%3Amauto\/process%3A540\/id%3Acea24497ee3394344fa57c523fa7b4a1\/https%3A\/\/www.valenciablue.com\/elderly-couple-gold-1200x900-1.jpg?resize=1050%2C600&ssl=1 3x"},"classes":[]},{"id":1384,"url":"https:\/\/www.valenciablue.com\/es\/along-with-allergies-the-new-year-marks-the-beginning-of-the-spanish-tax-season\/","url_meta":{"origin":724,"position":3},"title":"Junto con las alergias, el nuevo a\u00f1o marca el inicio de la temporada fiscal espa\u00f1ola","author":"Admin","date":"15\/03\/2026","format":false,"excerpt":"Existe el viejo t\u00f3pico sobre la muerte y los impuestos: Dos cosas que uno siempre puede esperar. A\u00fan no estoy muerto, as\u00ed que son los impuestos.","rel":"","context":"En \u00abDaily life\u00bb","block_context":{"text":"Daily life","link":"https:\/\/www.valenciablue.com\/es\/category\/daily-life\/"},"img":{"alt_text":"A bloom from an almond tree in Spain","src":"https:\/\/mlr04w2evrow.i.optimole.com\/cb:O59K.20376\/w:auto\/h:auto\/q:mauto\/f:best\/https:\/\/i0.wp.com\/mlr04w2evrow.i.optimole.com\/w%3A1200\/h%3A900\/q%3Amauto\/process%3A1393\/id%3Acf7b2c5200a40596187ba1f7b8923d76\/https%3A\/\/www.valenciablue.com\/flores-de-almendro.jpg?resize=350%2C200&ssl=1","width":350,"height":200,"srcset":"https:\/\/mlr04w2evrow.i.optimole.com\/cb:O59K.20376\/w:auto\/h:auto\/q:mauto\/f:best\/https:\/\/i0.wp.com\/mlr04w2evrow.i.optimole.com\/w%3A1200\/h%3A900\/q%3Amauto\/process%3A1393\/id%3Acf7b2c5200a40596187ba1f7b8923d76\/https%3A\/\/www.valenciablue.com\/flores-de-almendro.jpg?resize=350%2C200&ssl=1 1x, https:\/\/mlr04w2evrow.i.optimole.com\/cb:O59K.20376\/w:auto\/h:auto\/q:mauto\/f:best\/https:\/\/i0.wp.com\/mlr04w2evrow.i.optimole.com\/w%3A1200\/h%3A900\/q%3Amauto\/process%3A1393\/id%3Acf7b2c5200a40596187ba1f7b8923d76\/https%3A\/\/www.valenciablue.com\/flores-de-almendro.jpg?resize=525%2C300&ssl=1 1.5x, https:\/\/mlr04w2evrow.i.optimole.com\/cb:O59K.20376\/w:auto\/h:auto\/q:mauto\/f:best\/https:\/\/i0.wp.com\/mlr04w2evrow.i.optimole.com\/w%3A1200\/h%3A900\/q%3Amauto\/process%3A1393\/id%3Acf7b2c5200a40596187ba1f7b8923d76\/https%3A\/\/www.valenciablue.com\/flores-de-almendro.jpg?resize=700%2C400&ssl=1 2x, https:\/\/mlr04w2evrow.i.optimole.com\/cb:O59K.20376\/w:auto\/h:auto\/q:mauto\/f:best\/https:\/\/i0.wp.com\/mlr04w2evrow.i.optimole.com\/w%3A1200\/h%3A900\/q%3Amauto\/process%3A1393\/id%3Acf7b2c5200a40596187ba1f7b8923d76\/https%3A\/\/www.valenciablue.com\/flores-de-almendro.jpg?resize=1050%2C600&ssl=1 3x"},"classes":[]},{"id":265,"url":"https:\/\/www.valenciablue.com\/es\/avoiding-being-booted-out-of-the-country\/","url_meta":{"origin":724,"position":4},"title":"Evite ser expulsado del pa\u00eds","author":"Admin","date":"28\/01\/2024","format":false,"excerpt":"Me promet\u00ed a m\u00ed mismo que, si se presentaba otra oportunidad, har\u00eda que la mudanza al extranjero fuera m\u00e1s duradera.","rel":"","context":"En \u00abDaily life\u00bb","block_context":{"text":"Daily life","link":"https:\/\/www.valenciablue.com\/es\/category\/daily-life\/"},"img":{"alt_text":"I am standing in front of a wall with the words \"Tourist go home\" spray-painted on it.","src":"https:\/\/mlr04w2evrow.i.optimole.com\/cb:O59K.20376\/w:auto\/h:auto\/q:mauto\/f:best\/https:\/\/i0.wp.com\/mlr04w2evrow.i.optimole.com\/w%3A1200\/h%3A900\/q%3Amauto\/process%3A298\/id%3Aceea57540305d097add835704344d2c0\/https%3A\/\/www.valenciablue.com\/tourist-go-home-feature-image-reset.jpg?resize=350%2C200&ssl=1","width":350,"height":200,"srcset":"https:\/\/mlr04w2evrow.i.optimole.com\/cb:O59K.20376\/w:auto\/h:auto\/q:mauto\/f:best\/https:\/\/i0.wp.com\/mlr04w2evrow.i.optimole.com\/w%3A1200\/h%3A900\/q%3Amauto\/process%3A298\/id%3Aceea57540305d097add835704344d2c0\/https%3A\/\/www.valenciablue.com\/tourist-go-home-feature-image-reset.jpg?resize=350%2C200&ssl=1 1x, https:\/\/mlr04w2evrow.i.optimole.com\/cb:O59K.20376\/w:auto\/h:auto\/q:mauto\/f:best\/https:\/\/i0.wp.com\/mlr04w2evrow.i.optimole.com\/w%3A1200\/h%3A900\/q%3Amauto\/process%3A298\/id%3Aceea57540305d097add835704344d2c0\/https%3A\/\/www.valenciablue.com\/tourist-go-home-feature-image-reset.jpg?resize=525%2C300&ssl=1 1.5x, https:\/\/mlr04w2evrow.i.optimole.com\/cb:O59K.20376\/w:auto\/h:auto\/q:mauto\/f:best\/https:\/\/i0.wp.com\/mlr04w2evrow.i.optimole.com\/w%3A1200\/h%3A900\/q%3Amauto\/process%3A298\/id%3Aceea57540305d097add835704344d2c0\/https%3A\/\/www.valenciablue.com\/tourist-go-home-feature-image-reset.jpg?resize=700%2C400&ssl=1 2x, https:\/\/mlr04w2evrow.i.optimole.com\/cb:O59K.20376\/w:auto\/h:auto\/q:mauto\/f:best\/https:\/\/i0.wp.com\/mlr04w2evrow.i.optimole.com\/w%3A1200\/h%3A900\/q%3Amauto\/process%3A298\/id%3Aceea57540305d097add835704344d2c0\/https%3A\/\/www.valenciablue.com\/tourist-go-home-feature-image-reset.jpg?resize=1050%2C600&ssl=1 3x"},"classes":[]},{"id":1073,"url":"https:\/\/www.valenciablue.com\/es\/fear-as-a-positive-motivator\/","url_meta":{"origin":724,"position":5},"title":"El miedo como motivador positivo","author":"Admin","date":"23\/05\/2025","format":false,"excerpt":"El miedo puede frenarte, pero tambi\u00e9n puede impulsarte a realizar cambios positivos.","rel":"","context":"En \u00abDaily life\u00bb","block_context":{"text":"Daily life","link":"https:\/\/www.valenciablue.com\/es\/category\/daily-life\/"},"img":{"alt_text":"The letters \"FOMO\" spraypainted on a brick wall.","src":"https:\/\/mlr04w2evrow.i.optimole.com\/cb:O59K.20376\/w:auto\/h:auto\/q:mauto\/f:best\/https:\/\/i0.wp.com\/mlr04w2evrow.i.optimole.com\/w%3A1200\/h%3A900\/q%3Amauto\/process%3A1071\/id%3A9bd172732a532f1732d631e819f61ae0\/https%3A\/\/www.valenciablue.com\/fomo-on-wall-featured-image.jpg?resize=350%2C200&ssl=1","width":350,"height":200,"srcset":"https:\/\/mlr04w2evrow.i.optimole.com\/cb:O59K.20376\/w:auto\/h:auto\/q:mauto\/f:best\/https:\/\/i0.wp.com\/mlr04w2evrow.i.optimole.com\/w%3A1200\/h%3A900\/q%3Amauto\/process%3A1071\/id%3A9bd172732a532f1732d631e819f61ae0\/https%3A\/\/www.valenciablue.com\/fomo-on-wall-featured-image.jpg?resize=350%2C200&ssl=1 1x, https:\/\/mlr04w2evrow.i.optimole.com\/cb:O59K.20376\/w:auto\/h:auto\/q:mauto\/f:best\/https:\/\/i0.wp.com\/mlr04w2evrow.i.optimole.com\/w%3A1200\/h%3A900\/q%3Amauto\/process%3A1071\/id%3A9bd172732a532f1732d631e819f61ae0\/https%3A\/\/www.valenciablue.com\/fomo-on-wall-featured-image.jpg?resize=525%2C300&ssl=1 1.5x, https:\/\/mlr04w2evrow.i.optimole.com\/cb:O59K.20376\/w:auto\/h:auto\/q:mauto\/f:best\/https:\/\/i0.wp.com\/mlr04w2evrow.i.optimole.com\/w%3A1200\/h%3A900\/q%3Amauto\/process%3A1071\/id%3A9bd172732a532f1732d631e819f61ae0\/https%3A\/\/www.valenciablue.com\/fomo-on-wall-featured-image.jpg?resize=700%2C400&ssl=1 2x, https:\/\/mlr04w2evrow.i.optimole.com\/cb:O59K.20376\/w:auto\/h:auto\/q:mauto\/f:best\/https:\/\/i0.wp.com\/mlr04w2evrow.i.optimole.com\/w%3A1200\/h%3A900\/q%3Amauto\/process%3A1071\/id%3A9bd172732a532f1732d631e819f61ae0\/https%3A\/\/www.valenciablue.com\/fomo-on-wall-featured-image.jpg?resize=1050%2C600&ssl=1 3x"},"classes":[]}],"jetpack_shortlink":"https:\/\/wp.me\/pftBvt-bG","jetpack_sharing_enabled":true,"jetpack_likes_enabled":true,"_links":{"self":[{"href":"https:\/\/www.valenciablue.com\/es\/wp-json\/wp\/v2\/posts\/724","targetHints":{"allow":["GET"]}}],"collection":[{"href":"https:\/\/www.valenciablue.com\/es\/wp-json\/wp\/v2\/posts"}],"about":[{"href":"https:\/\/www.valenciablue.com\/es\/wp-json\/wp\/v2\/types\/post"}],"author":[{"embeddable":true,"href":"https:\/\/www.valenciablue.com\/es\/wp-json\/wp\/v2\/users\/2"}],"replies":[{"embeddable":true,"href":"https:\/\/www.valenciablue.com\/es\/wp-json\/wp\/v2\/comments?post=724"}],"version-history":[{"count":6,"href":"https:\/\/www.valenciablue.com\/es\/wp-json\/wp\/v2\/posts\/724\/revisions"}],"predecessor-version":[{"id":735,"href":"https:\/\/www.valenciablue.com\/es\/wp-json\/wp\/v2\/posts\/724\/revisions\/735"}],"wp:featuredmedia":[{"embeddable":true,"href":"https:\/\/www.valenciablue.com\/es\/wp-json\/wp\/v2\/media\/727"}],"wp:attachment":[{"href":"https:\/\/www.valenciablue.com\/es\/wp-json\/wp\/v2\/media?parent=724"}],"wp:term":[{"taxonomy":"category","embeddable":true,"href":"https:\/\/www.valenciablue.com\/es\/wp-json\/wp\/v2\/categories?post=724"},{"taxonomy":"post_tag","embeddable":true,"href":"https:\/\/www.valenciablue.com\/es\/wp-json\/wp\/v2\/tags?post=724"}],"curies":[{"name":"gracias","href":"https:\/\/api.w.org\/{rel}","templated":true}]}}