{"id":672,"date":"2024-10-09T17:19:13","date_gmt":"2024-10-09T17:19:13","guid":{"rendered":"https:\/\/www.valenciablue.com\/?p=672"},"modified":"2024-10-18T09:12:57","modified_gmt":"2024-10-18T09:12:57","slug":"see-it-on-the-map-rotondas-around-valencia","status":"publish","type":"post","link":"https:\/\/www.valenciablue.com\/es\/see-it-on-the-map-rotondas-around-valencia\/","title":{"rendered":"Verlo en el mapa: Rotondas alrededor de Valencia"},"content":{"rendered":"<p>Desde que publiqu\u00e9 la historia <a href=\"https:\/\/www.valenciablue.com\/es\/bicycling-in-in-the-valencian-countryside\/\" data-type=\"post\" data-id=\"615\">En bicicleta por Valencia<\/a>Estoy agregando un mapa de la <em>rotondas <\/em>Se ve en la presentaci\u00f3n de diapositivas. Tambi\u00e9n se agregaron algunos sitios adicionales.<\/p>\n\n\n\n<iframe frameborder=\"0\" src=\"https:\/\/valenciablue.com\/wp-content\/uploads\/2024\/10\/pic2map-rotonda.html\" title=\"Sitio web Pic2Map\" loading=\"lazy\" class=\"\" allowfullscreen style=\"width:100%;max-width:100%;height:555px\"><\/iframe>\n\n\n\n<div class=\"wp-block-group is-layout-constrained wp-block-group-is-layout-constrained\">\n<p>Vea la p\u00e1gina web completa aqu\u00ed: <a href=\"https:\/\/valenciablue.com\/wp-content\/uploads\/2024\/10\/pic2map-rotonda.html\" target=\"_blank\" rel=\"noreferrer noopener\">https:\/\/valenciablue.com\/wp-content\/uploads\/2024\/10\/pic2map-rotonda.html<\/a><\/p>\n\n\n\n<p>Las fotos geolocalizadas se tomaron en la Comunidad Valenciana de Espa\u00f1a: Valencia, Ll\u00edria, Segorbe, R\u00edos de Abajo, Cullera. La foto m\u00e1s antigua es del 13 de julio de 2022 y la m\u00e1s reciente del 20 de agosto de 2024.<\/p>\n<\/div>","protected":false},"excerpt":{"rendered":"<p>Las fotos geoetiquetadas se tomaron del 13 de julio de 2022 al 20 de agosto de 2024.<\/p>","protected":false},"author":2,"featured_media":680,"comment_status":"open","ping_status":"closed","sticky":false,"template":"","format":"standard","meta":{"advanced_seo_description":"","jetpack_seo_html_title":"","jetpack_seo_noindex":false,"jetpack_post_was_ever_published":false,"_jetpack_newsletter_access":"","_jetpack_dont_email_post_to_subs":false,"_jetpack_newsletter_tier_id":0,"_jetpack_memberships_contains_paywalled_content":false,"_jetpack_memberships_contains_paid_content":false,"footnotes":"","jetpack_publicize_message":"This is a follow up to my \"Bicycling in in the Valencian countryside\" post. https:\/\/www.valenciablue.com\/map-of-rotondas-near-valencia\/","jetpack_publicize_feature_enabled":true,"jetpack_social_post_already_shared":false,"jetpack_social_options":{"image_generator_settings":{"template":"highway","enabled":false},"version":2}},"categories":[1],"tags":[],"class_list":["post-672","post","type-post","status-publish","format-standard","has-post-thumbnail","hentry","category-daily-life"],"jetpack_publicize_connections":[],"jetpack_featured_media_url":"https:\/\/mlr04w2evrow.i.optimole.com\/cb:O59K.20376\/w:1200\/h:900\/q:mauto\/f:best\/id:e76c65ed03b842c8951c95a61a34b827\/https:\/\/www.valenciablue.com\/featured-4x3-image-plaza-de-la-puerta-del-mar-valencia.jpg","jetpack-related-posts":[{"id":701,"url":"https:\/\/www.valenciablue.com\/es\/were-safe-but-the-loss-of-life-is-heartbreaking\/","url_meta":{"origin":672,"position":0},"title":"Estamos a salvo, pero la p\u00e9rdida de vidas es desgarradora.","author":"Admin","date":"31\/10\/2024","format":false,"excerpt":"Existe cierta confusi\u00f3n sobre qu\u00e9 zonas de Valencia est\u00e1n afectadas.","rel":"","context":"En \u00abDaily life\u00bb","block_context":{"text":"Daily life","link":"https:\/\/www.valenciablue.com\/es\/category\/daily-life\/"},"img":{"alt_text":"Cropped map of areas affected by flooding in Valencia Community, 2024-10-30","src":"https:\/\/mlr04w2evrow.i.optimole.com\/cb:O59K.20376\/w:auto\/h:auto\/q:mauto\/f:best\/https:\/\/i0.wp.com\/mlr04w2evrow.i.optimole.com\/w%3A804\/h%3A603\/q%3Amauto\/process%3A704\/id%3Ad887c6ce07d2760fac63d7d29a0b3e8a\/https%3A\/\/www.valenciablue.com\/populations-most-affected_4x3.png?resize=350%2C200&ssl=1","width":350,"height":200,"srcset":"https:\/\/mlr04w2evrow.i.optimole.com\/cb:O59K.20376\/w:auto\/h:auto\/q:mauto\/f:best\/https:\/\/i0.wp.com\/mlr04w2evrow.i.optimole.com\/w%3A804\/h%3A603\/q%3Amauto\/process%3A704\/id%3Ad887c6ce07d2760fac63d7d29a0b3e8a\/https%3A\/\/www.valenciablue.com\/populations-most-affected_4x3.png?resize=350%2C200&ssl=1 1x, https:\/\/mlr04w2evrow.i.optimole.com\/cb:O59K.20376\/w:auto\/h:auto\/q:mauto\/f:best\/https:\/\/i0.wp.com\/mlr04w2evrow.i.optimole.com\/w%3A804\/h%3A603\/q%3Amauto\/process%3A704\/id%3Ad887c6ce07d2760fac63d7d29a0b3e8a\/https%3A\/\/www.valenciablue.com\/populations-most-affected_4x3.png?resize=525%2C300&ssl=1 1.5x, https:\/\/mlr04w2evrow.i.optimole.com\/cb:O59K.20376\/w:auto\/h:auto\/q:mauto\/f:best\/https:\/\/i0.wp.com\/mlr04w2evrow.i.optimole.com\/w%3A804\/h%3A603\/q%3Amauto\/process%3A704\/id%3Ad887c6ce07d2760fac63d7d29a0b3e8a\/https%3A\/\/www.valenciablue.com\/populations-most-affected_4x3.png?resize=700%2C400&ssl=1 2x"},"classes":[]},{"id":615,"url":"https:\/\/www.valenciablue.com\/es\/bicycling-in-the-valencian-countryside\/","url_meta":{"origin":672,"position":1},"title":"En bicicleta por el campo valenciano","author":"Admin","date":"20\/09\/2024","format":false,"excerpt":"Los temas de mis im\u00e1genes suelen ser objetos cotidianos. Me intrigan, por ejemplo, las estructuras que se encuentran en medio de las rotondas cuando uno entra a la ciudad.","rel":"","context":"En \u00abDaily life\u00bb","block_context":{"text":"Daily life","link":"https:\/\/www.valenciablue.com\/es\/category\/daily-life\/"},"img":{"alt_text":"Spanish word \"Vamos\" spraypainted on brick wall behind bicycle.","src":"https:\/\/mlr04w2evrow.i.optimole.com\/cb:O59K.20376\/w:auto\/h:auto\/q:mauto\/f:best\/https:\/\/i0.wp.com\/mlr04w2evrow.i.optimole.com\/w%3A1200\/h%3A900\/q%3Amauto\/process%3A643\/id%3A101275d86da7307415db500d3cbd905d\/https%3A\/\/www.valenciablue.com\/vamos-and-bicycle.jpg?resize=350%2C200&ssl=1","width":350,"height":200,"srcset":"https:\/\/mlr04w2evrow.i.optimole.com\/cb:O59K.20376\/w:auto\/h:auto\/q:mauto\/f:best\/https:\/\/i0.wp.com\/mlr04w2evrow.i.optimole.com\/w%3A1200\/h%3A900\/q%3Amauto\/process%3A643\/id%3A101275d86da7307415db500d3cbd905d\/https%3A\/\/www.valenciablue.com\/vamos-and-bicycle.jpg?resize=350%2C200&ssl=1 1x, https:\/\/mlr04w2evrow.i.optimole.com\/cb:O59K.20376\/w:auto\/h:auto\/q:mauto\/f:best\/https:\/\/i0.wp.com\/mlr04w2evrow.i.optimole.com\/w%3A1200\/h%3A900\/q%3Amauto\/process%3A643\/id%3A101275d86da7307415db500d3cbd905d\/https%3A\/\/www.valenciablue.com\/vamos-and-bicycle.jpg?resize=525%2C300&ssl=1 1.5x, https:\/\/mlr04w2evrow.i.optimole.com\/cb:O59K.20376\/w:auto\/h:auto\/q:mauto\/f:best\/https:\/\/i0.wp.com\/mlr04w2evrow.i.optimole.com\/w%3A1200\/h%3A900\/q%3Amauto\/process%3A643\/id%3A101275d86da7307415db500d3cbd905d\/https%3A\/\/www.valenciablue.com\/vamos-and-bicycle.jpg?resize=700%2C400&ssl=1 2x, https:\/\/mlr04w2evrow.i.optimole.com\/cb:O59K.20376\/w:auto\/h:auto\/q:mauto\/f:best\/https:\/\/i0.wp.com\/mlr04w2evrow.i.optimole.com\/w%3A1200\/h%3A900\/q%3Amauto\/process%3A643\/id%3A101275d86da7307415db500d3cbd905d\/https%3A\/\/www.valenciablue.com\/vamos-and-bicycle.jpg?resize=1050%2C600&ssl=1 3x"},"classes":[]},{"id":1287,"url":"https:\/\/www.valenciablue.com\/es\/christmas-fusion-or-how-old-meets-new-in-spain\/","url_meta":{"origin":672,"position":2},"title":"Fusi\u00f3n navide\u00f1a o c\u00f3mo lo antiguo se encuentra con lo nuevo en Espa\u00f1a","author":"Admin","date":"22\/12\/2025","format":false,"excerpt":"No se trata de una observaci\u00f3n del tipo &quot;esto o aquello es mejor&quot;. Es solo que, bueno, la Navidad en Espa\u00f1a es diferente a la de Estados Unidos.","rel":"","context":"En \u00abDaily life\u00bb","block_context":{"text":"Daily life","link":"https:\/\/www.valenciablue.com\/es\/category\/daily-life\/"},"img":{"alt_text":"Strings of Christmas lights hang in front of a bell tower in Valencia, Spain.","src":"https:\/\/mlr04w2evrow.i.optimole.com\/cb:O59K.20376\/w:auto\/h:auto\/q:mauto\/f:best\/https:\/\/i0.wp.com\/mlr04w2evrow.i.optimole.com\/w%3A1200\/h%3A900\/q%3Amauto\/process%3A1288\/id%3A2ed4b6d6a1f680aa834926cd758244e6\/https%3A\/\/www.valenciablue.com\/featured-lights-bell-tower.jpg?resize=350%2C200&ssl=1","width":350,"height":200,"srcset":"https:\/\/mlr04w2evrow.i.optimole.com\/cb:O59K.20376\/w:auto\/h:auto\/q:mauto\/f:best\/https:\/\/i0.wp.com\/mlr04w2evrow.i.optimole.com\/w%3A1200\/h%3A900\/q%3Amauto\/process%3A1288\/id%3A2ed4b6d6a1f680aa834926cd758244e6\/https%3A\/\/www.valenciablue.com\/featured-lights-bell-tower.jpg?resize=350%2C200&ssl=1 1x, https:\/\/mlr04w2evrow.i.optimole.com\/cb:O59K.20376\/w:auto\/h:auto\/q:mauto\/f:best\/https:\/\/i0.wp.com\/mlr04w2evrow.i.optimole.com\/w%3A1200\/h%3A900\/q%3Amauto\/process%3A1288\/id%3A2ed4b6d6a1f680aa834926cd758244e6\/https%3A\/\/www.valenciablue.com\/featured-lights-bell-tower.jpg?resize=525%2C300&ssl=1 1.5x, https:\/\/mlr04w2evrow.i.optimole.com\/cb:O59K.20376\/w:auto\/h:auto\/q:mauto\/f:best\/https:\/\/i0.wp.com\/mlr04w2evrow.i.optimole.com\/w%3A1200\/h%3A900\/q%3Amauto\/process%3A1288\/id%3A2ed4b6d6a1f680aa834926cd758244e6\/https%3A\/\/www.valenciablue.com\/featured-lights-bell-tower.jpg?resize=700%2C400&ssl=1 2x, https:\/\/mlr04w2evrow.i.optimole.com\/cb:O59K.20376\/w:auto\/h:auto\/q:mauto\/f:best\/https:\/\/i0.wp.com\/mlr04w2evrow.i.optimole.com\/w%3A1200\/h%3A900\/q%3Amauto\/process%3A1288\/id%3A2ed4b6d6a1f680aa834926cd758244e6\/https%3A\/\/www.valenciablue.com\/featured-lights-bell-tower.jpg?resize=1050%2C600&ssl=1 3x"},"classes":[]},{"id":1083,"url":"https:\/\/www.valenciablue.com\/es\/riding-from-waterstop-to-waterstop-in-spain\/","url_meta":{"origin":672,"position":3},"title":"Cabalgando de un punto de agua a otro en Espa\u00f1a","author":"Admin","date":"07\/07\/2025","format":false,"excerpt":"Andar en bicicleta en Valencia, Espa\u00f1a, a medida que el verano se acerca a su m\u00e1ximo apogeo, presenta sus propios desaf\u00edos.","rel":"","context":"En \u00abDaily life\u00bb","block_context":{"text":"Daily life","link":"https:\/\/www.valenciablue.com\/es\/category\/daily-life\/"},"img":{"alt_text":"Two cyclists are silhouetted by the morning sun before a ride in Valencia, Spain.","src":"https:\/\/mlr04w2evrow.i.optimole.com\/cb:O59K.20376\/w:auto\/h:auto\/q:mauto\/f:best\/https:\/\/i0.wp.com\/mlr04w2evrow.i.optimole.com\/w%3A1200\/h%3A900\/q%3Amauto\/process%3A1100\/id%3A10f557d8d287f5f7b61d5eac14c52cdd\/https%3A\/\/www.valenciablue.com\/cyclists-against-the-sun-featuredcreated-with-gimp-8.jpg?resize=350%2C200&ssl=1","width":350,"height":200,"srcset":"https:\/\/mlr04w2evrow.i.optimole.com\/cb:O59K.20376\/w:auto\/h:auto\/q:mauto\/f:best\/https:\/\/i0.wp.com\/mlr04w2evrow.i.optimole.com\/w%3A1200\/h%3A900\/q%3Amauto\/process%3A1100\/id%3A10f557d8d287f5f7b61d5eac14c52cdd\/https%3A\/\/www.valenciablue.com\/cyclists-against-the-sun-featuredcreated-with-gimp-8.jpg?resize=350%2C200&ssl=1 1x, https:\/\/mlr04w2evrow.i.optimole.com\/cb:O59K.20376\/w:auto\/h:auto\/q:mauto\/f:best\/https:\/\/i0.wp.com\/mlr04w2evrow.i.optimole.com\/w%3A1200\/h%3A900\/q%3Amauto\/process%3A1100\/id%3A10f557d8d287f5f7b61d5eac14c52cdd\/https%3A\/\/www.valenciablue.com\/cyclists-against-the-sun-featuredcreated-with-gimp-8.jpg?resize=525%2C300&ssl=1 1.5x, https:\/\/mlr04w2evrow.i.optimole.com\/cb:O59K.20376\/w:auto\/h:auto\/q:mauto\/f:best\/https:\/\/i0.wp.com\/mlr04w2evrow.i.optimole.com\/w%3A1200\/h%3A900\/q%3Amauto\/process%3A1100\/id%3A10f557d8d287f5f7b61d5eac14c52cdd\/https%3A\/\/www.valenciablue.com\/cyclists-against-the-sun-featuredcreated-with-gimp-8.jpg?resize=700%2C400&ssl=1 2x, https:\/\/mlr04w2evrow.i.optimole.com\/cb:O59K.20376\/w:auto\/h:auto\/q:mauto\/f:best\/https:\/\/i0.wp.com\/mlr04w2evrow.i.optimole.com\/w%3A1200\/h%3A900\/q%3Amauto\/process%3A1100\/id%3A10f557d8d287f5f7b61d5eac14c52cdd\/https%3A\/\/www.valenciablue.com\/cyclists-against-the-sun-featuredcreated-with-gimp-8.jpg?resize=1050%2C600&ssl=1 3x"},"classes":[]},{"id":488,"url":"https:\/\/www.valenciablue.com\/es\/getting-here-is-half-the-fun-your-new-life-in-valencia\/","url_meta":{"origin":672,"position":4},"title":"Llegar aqu\u00ed es la mitad de la diversi\u00f3n: tu nueva vida en Valencia","author":"Admin","date":"12\/05\/2024","format":false,"excerpt":"Despu\u00e9s de llegar, todav\u00eda quedan muchas decisiones por tomar. Los h\u00e1bitos que daba por sentados ahora deben rehacerse y volverse a aprender.","rel":"","context":"En \u00abDaily life\u00bb","block_context":{"text":"Daily life","link":"https:\/\/www.valenciablue.com\/es\/category\/daily-life\/"},"img":{"alt_text":"The words \"Viva Espa\u00f1a\" spray-painted on a wall.","src":"https:\/\/mlr04w2evrow.i.optimole.com\/cb:O59K.20376\/w:auto\/h:auto\/q:mauto\/f:best\/https:\/\/i0.wp.com\/mlr04w2evrow.i.optimole.com\/w%3A1200\/h%3A900\/q%3Amauto\/process%3A494\/id%3Aab245a72644e90a3c176000b1534d744\/https%3A\/\/www.valenciablue.com\/viva-espana-featured.jpg?resize=350%2C200&ssl=1","width":350,"height":200,"srcset":"https:\/\/mlr04w2evrow.i.optimole.com\/cb:O59K.20376\/w:auto\/h:auto\/q:mauto\/f:best\/https:\/\/i0.wp.com\/mlr04w2evrow.i.optimole.com\/w%3A1200\/h%3A900\/q%3Amauto\/process%3A494\/id%3Aab245a72644e90a3c176000b1534d744\/https%3A\/\/www.valenciablue.com\/viva-espana-featured.jpg?resize=350%2C200&ssl=1 1x, https:\/\/mlr04w2evrow.i.optimole.com\/cb:O59K.20376\/w:auto\/h:auto\/q:mauto\/f:best\/https:\/\/i0.wp.com\/mlr04w2evrow.i.optimole.com\/w%3A1200\/h%3A900\/q%3Amauto\/process%3A494\/id%3Aab245a72644e90a3c176000b1534d744\/https%3A\/\/www.valenciablue.com\/viva-espana-featured.jpg?resize=525%2C300&ssl=1 1.5x, https:\/\/mlr04w2evrow.i.optimole.com\/cb:O59K.20376\/w:auto\/h:auto\/q:mauto\/f:best\/https:\/\/i0.wp.com\/mlr04w2evrow.i.optimole.com\/w%3A1200\/h%3A900\/q%3Amauto\/process%3A494\/id%3Aab245a72644e90a3c176000b1534d744\/https%3A\/\/www.valenciablue.com\/viva-espana-featured.jpg?resize=700%2C400&ssl=1 2x, https:\/\/mlr04w2evrow.i.optimole.com\/cb:O59K.20376\/w:auto\/h:auto\/q:mauto\/f:best\/https:\/\/i0.wp.com\/mlr04w2evrow.i.optimole.com\/w%3A1200\/h%3A900\/q%3Amauto\/process%3A494\/id%3Aab245a72644e90a3c176000b1534d744\/https%3A\/\/www.valenciablue.com\/viva-espana-featured.jpg?resize=1050%2C600&ssl=1 3x"},"classes":[]},{"id":601,"url":"https:\/\/www.valenciablue.com\/es\/using-a-gestor-in-spain-and-why-go-with-the-professionals\/","url_meta":{"origin":672,"position":5},"title":"\u00bfQu\u00e9 es un gestor en Espa\u00f1a y por qu\u00e9 acudir a profesionales?","author":"Admin","date":"12\/08\/2024","format":false,"excerpt":"Siguiendo el aforismo \u201cact\u00faa con prisa, arrepi\u00e9ntete cuando te d\u00e9 tiempo\u201d, no soy partidario de arrojar dinero para resolver un problema.","rel":"","context":"En \u00abDaily life\u00bb","block_context":{"text":"Daily life","link":"https:\/\/www.valenciablue.com\/es\/category\/daily-life\/"},"img":{"alt_text":"Hands shuffling through folders and files (stock image)","src":"https:\/\/mlr04w2evrow.i.optimole.com\/cb:O59K.20376\/w:auto\/h:auto\/q:mauto\/f:best\/https:\/\/i0.wp.com\/www.valenciablue.com\/wp-content\/uploads\/2024\/08\/paperwork.jpg?resize=350%2C200&ssl=1","width":350,"height":200,"srcset":"https:\/\/mlr04w2evrow.i.optimole.com\/cb:O59K.20376\/w:auto\/h:auto\/q:mauto\/f:best\/https:\/\/i0.wp.com\/www.valenciablue.com\/wp-content\/uploads\/2024\/08\/paperwork.jpg?resize=350%2C200&ssl=1 1x, https:\/\/mlr04w2evrow.i.optimole.com\/cb:O59K.20376\/w:auto\/h:auto\/q:mauto\/f:best\/https:\/\/i0.wp.com\/www.valenciablue.com\/wp-content\/uploads\/2024\/08\/paperwork.jpg?resize=525%2C300&ssl=1 1.5x, https:\/\/mlr04w2evrow.i.optimole.com\/cb:O59K.20376\/w:auto\/h:auto\/q:mauto\/f:best\/https:\/\/i0.wp.com\/www.valenciablue.com\/wp-content\/uploads\/2024\/08\/paperwork.jpg?resize=700%2C400&ssl=1 2x, https:\/\/mlr04w2evrow.i.optimole.com\/cb:O59K.20376\/w:auto\/h:auto\/q:mauto\/f:best\/https:\/\/i0.wp.com\/www.valenciablue.com\/wp-content\/uploads\/2024\/08\/paperwork.jpg?resize=1050%2C600&ssl=1 3x"},"classes":[]}],"jetpack_shortlink":"https:\/\/wp.me\/pftBvt-aQ","jetpack_sharing_enabled":true,"jetpack_likes_enabled":true,"_links":{"self":[{"href":"https:\/\/www.valenciablue.com\/es\/wp-json\/wp\/v2\/posts\/672","targetHints":{"allow":["GET"]}}],"collection":[{"href":"https:\/\/www.valenciablue.com\/es\/wp-json\/wp\/v2\/posts"}],"about":[{"href":"https:\/\/www.valenciablue.com\/es\/wp-json\/wp\/v2\/types\/post"}],"author":[{"embeddable":true,"href":"https:\/\/www.valenciablue.com\/es\/wp-json\/wp\/v2\/users\/2"}],"replies":[{"embeddable":true,"href":"https:\/\/www.valenciablue.com\/es\/wp-json\/wp\/v2\/comments?post=672"}],"version-history":[{"count":10,"href":"https:\/\/www.valenciablue.com\/es\/wp-json\/wp\/v2\/posts\/672\/revisions"}],"predecessor-version":[{"id":694,"href":"https:\/\/www.valenciablue.com\/es\/wp-json\/wp\/v2\/posts\/672\/revisions\/694"}],"wp:featuredmedia":[{"embeddable":true,"href":"https:\/\/www.valenciablue.com\/es\/wp-json\/wp\/v2\/media\/680"}],"wp:attachment":[{"href":"https:\/\/www.valenciablue.com\/es\/wp-json\/wp\/v2\/media?parent=672"}],"wp:term":[{"taxonomy":"category","embeddable":true,"href":"https:\/\/www.valenciablue.com\/es\/wp-json\/wp\/v2\/categories?post=672"},{"taxonomy":"post_tag","embeddable":true,"href":"https:\/\/www.valenciablue.com\/es\/wp-json\/wp\/v2\/tags?post=672"}],"curies":[{"name":"gracias","href":"https:\/\/api.w.org\/{rel}","templated":true}]}}