{"id":615,"date":"2024-09-20T13:37:18","date_gmt":"2024-09-20T13:37:18","guid":{"rendered":"https:\/\/www.valenciablue.com\/?p=615"},"modified":"2024-10-10T12:59:20","modified_gmt":"2024-10-10T12:59:20","slug":"bicycling-in-the-valencian-countryside","status":"publish","type":"post","link":"https:\/\/www.valenciablue.com\/es\/bicycling-in-the-valencian-countryside\/","title":{"rendered":"En bicicleta por el campo valenciano"},"content":{"rendered":"<h2 class=\"wp-block-heading\">El espa\u00f1ol <em>campos <\/em>tienen una naturaleza propia<\/h2>\n\n\n\n<p>Ser un ciclista apasionado me ha permitido explorar y disfrutar de mi zona en Valencia. He visto cosas que no habr\u00eda podido encontrar desde un coche o en transporte p\u00fablico. Como no entreno para la competici\u00f3n con tanto rigor como antes, puedo sentarme y contemplar literalmente lo que me rodea.<\/p>\n\n\n\n<p>A diferencia de las publicaciones de viajes que se centran en m\u00ed, lo que me llama la atenci\u00f3n son los atisbos de la vida cotidiana. Esta historia en particular comienza en La Garrofera en Serra, Espa\u00f1a. Un s\u00e1bado por la ma\u00f1ana, llegu\u00e9 con mi grupo de ciclistas y vi que el restaurante ya estaba lleno de bicicletas, tanto de monta\u00f1a como de carretera, apoyadas en cualquier espacio disponible.<\/p>\n\n\n\n<h3 class=\"wp-block-heading\">Qu\u00e9 diferencia hace un a\u00f1o y medio<\/h3>\n\n\n\n<figure class=\"wp-block-image size-large\"><img data-opt-id=398128552  fetchpriority=\"high\" decoding=\"async\" width=\"1920\" height=\"1078\" src=\"https:\/\/mlr04w2evrow.i.optimole.com\/cb:O59K.20376\/w:auto\/h:auto\/q:mauto\/f:best\/id:d8975079dcf416f8422d536da2c2fe04\/https:\/\/www.valenciablue.com\/2022-12-08_11-21-00_881-e1726824210290.jpeg\" alt=\"Low-hangling clouds over the Serra Calderona\" class=\"wp-image-618\" style=\"aspect-ratio:16\/9;object-fit:cover\" srcset=\"https:\/\/mlr04w2evrow.i.optimole.com\/cb:O59K.20376\/w:auto\/h:auto\/q:mauto\/f:best\/https:\/\/www.valenciablue.com\/wp-content\/uploads\/2024\/09\/2022-12-08_11-21-00_881.jpeg 300w, https:\/\/mlr04w2evrow.i.optimole.com\/cb:O59K.20376\/w:auto\/h:auto\/q:mauto\/f:best\/https:\/\/www.valenciablue.com\/wp-content\/uploads\/2024\/09\/2022-12-08_11-21-00_881.jpeg 1024w, https:\/\/mlr04w2evrow.i.optimole.com\/cb:O59K.20376\/w:auto\/h:auto\/q:mauto\/f:best\/https:\/\/www.valenciablue.com\/wp-content\/uploads\/2024\/09\/2022-12-08_11-21-00_881.jpeg 1536w, https:\/\/mlr04w2evrow.i.optimole.com\/cb:O59K.20376\/w:auto\/h:auto\/q:mauto\/f:best\/https:\/\/www.valenciablue.com\/wp-content\/uploads\/2024\/09\/2022-12-08_11-21-00_881.jpeg 18w, https:\/\/mlr04w2evrow.i.optimole.com\/cb:O59K.20376\/w:auto\/h:auto\/q:mauto\/f:best\/id:d8975079dcf416f8422d536da2c2fe04\/https:\/\/www.valenciablue.com\/2022-12-08_11-21-00_881-e1726824210290.jpeg 1920w, https:\/\/mlr04w2evrow.i.optimole.com\/cb:O59K.20376\/w:auto\/h:auto\/q:mauto\/f:best\/id:d8975079dcf416f8422d536da2c2fe04\/https:\/\/www.valenciablue.com\/2022-12-08_11-21-00_881-e1726824210290.jpeg 2x\" sizes=\"(max-width: 1000px) 100vw, 1000px\" \/><figcaption class=\"wp-element-caption\">Vista desde La Garrofera, diciembre 2022<\/figcaption><\/figure>\n\n\n\n<p>La \u00faltima vez que estuve aqu\u00ed fue hace un a\u00f1o y medio, cuando, mientras \u00edbamos en bicicleta, nuestro grupo se vio atrapado por una fr\u00eda lluvia de diciembre, lo que interrumpi\u00f3 el viaje. Las colinas cercanas estaban oscurecidas por la niebla baja mientras nos acurruc\u00e1bamos alrededor de los calentadores mientras tom\u00e1bamos algo de tiempo. <em>Almuerzo <\/em>- almuerzo.<\/p>\n\n\n\n<p>Dieciocho meses despu\u00e9s, est\u00e1bamos sentados afuera, bajo las sombrillas, en un t\u00edpico d\u00eda de verano en las faldas de la <a href=\"https:\/\/parquesnaturales.gva.es\/va\/web\/pn-serra-calderona\" target=\"_blank\" rel=\"noreferrer noopener\">Sierra Calderona<\/a>Al mirar las mesas llenas de ciclistas y familias, not\u00e9 el nombre del restaurante, \u201cLa Garrofera\u201d, y les pregunt\u00e9 a mis amigos qu\u00e9 significaba. Traducido del valenciano al espa\u00f1ol, es \u201c<em>Algarroba&#039;<\/em>&#039; o algarroba en ingl\u00e9s.<\/p>\n\n\n\n<figure class=\"wp-block-gallery has-nested-images columns-default is-cropped wp-block-gallery-2 is-layout-flex wp-block-gallery-is-layout-flex\">\n<figure class=\"wp-block-image size-large\"><img data-opt-id=449085222  fetchpriority=\"high\" decoding=\"async\" data-id=\"620\" src=\"https:\/\/mlr04w2evrow.i.optimole.com\/cb:O59K.20376\/w:819\/h:1024\/q:mauto\/f:best\/id:6b1165feed90c22e24f0a9222eb7822f\/https:\/\/www.valenciablue.com\/Restaurant-La-Garrofera-bikes.jpg\" alt=\"La Garrofera restaurant exterior with shade umbrellas and a bicycle leaning against a guardrail.\" class=\"wp-image-620\" title=\"Imagen de la galer\u00eda\"\/><\/figure>\n\n\n\n<figure class=\"wp-block-image size-large\"><img data-opt-id=336371254  fetchpriority=\"high\" decoding=\"async\" data-id=\"621\" src=\"https:\/\/mlr04w2evrow.i.optimole.com\/cb:O59K.20376\/w:819\/h:1024\/q:mauto\/f:best\/id:ac8f913f66b70319fd8133771aa67835\/https:\/\/www.valenciablue.com\/garrofera-algarroba-carob-arbole.jpg\" alt=\"La Garrofera or Algarroba - Carob tree\" class=\"wp-image-621\" title=\"Imagen de la galer\u00eda\"\/><\/figure>\n\n\n\n<figure class=\"wp-block-image size-large\"><img data-opt-id=1384303915  data-opt-src=\"https:\/\/mlr04w2evrow.i.optimole.com\/cb:O59K.20376\/w:819\/h:1024\/q:mauto\/f:best\/id:b800e15ddf5e450f9c922c289a411a43\/https:\/\/www.valenciablue.com\/garrofera-algarroba-carob-ripe-pod.jpg\"  decoding=\"async\" data-id=\"622\" src=\"data:image/svg+xml,%3Csvg%20viewBox%3D%220%200%20819%201024%22%20width%3D%22819%22%20height%3D%221024%22%20xmlns%3D%22http%3A%2F%2Fwww.w3.org%2F2000%2Fsvg%22%3E%3Crect%20width%3D%22819%22%20height%3D%221024%22%20fill%3D%22transparent%22%2F%3E%3C%2Fsvg%3E\" alt=\"La Garrofera or Algarroba - Carob bean hanging from tree branch\" class=\"wp-image-622\" title=\"Imagen de la galer\u00eda\"\/><\/figure>\n<\/figure>\n\n\n\n<p>En la parte trasera del edificio se encontraba el \u00e1rbol que lleva su nombre. Mediante una combinaci\u00f3n de espa\u00f1ol y gesticulaci\u00f3n, me dijeron que <em>algarroba <\/em>Se utilizaba para alimentar al ganado y a las personas. Investigaciones posteriores confirmaron mi comprensi\u00f3n, as\u00ed como <a href=\"https:\/\/en.wikipedia.org\/wiki\/Carob\">la etimolog\u00eda de la palabra<\/a>Es como el Jard\u00edn del Ed\u00e9n aqu\u00ed, con almendras, arroz, horchata, alcachofas, higueras y, por supuesto, naranjos creciendo junto a la carretera.<\/p>\n\n\n\n<h3 class=\"wp-block-heading\">Vivir dentro y fuera del momento<\/h3>\n\n\n\n<p>Entiendo el deseo de ver en persona esos lugares que hemos visto durante la mayor parte de nuestras vidas (en los EE. UU.), como las torres Eiffel, Londres y Pisa. Es cierto que soy euroc\u00e9ntrica y hay otros lugares en el mundo que me encantar\u00eda ver y experimentar. \u00bfMachu Picchu, la Gran Muralla China y quiz\u00e1s Cuba antes de que se americanice?<\/p>\n\n\n\n<div class=\"wp-block-media-text is-stacked-on-mobile is-image-fill\" style=\"grid-template-columns:24% auto\"><figure class=\"wp-block-media-text__media\" style=\"background-image:url(https:\/\/mlr04w2evrow.i.optimole.com\/cb:O59K.20376\/w:auto\/h:auto\/q:mauto\/f:best\/id:b0c2134607c11536cbf31f1d1ad0a4a9\/https:\/\/www.valenciablue.com\/pexels-photo-16142644.jpeg);background-position:50% 50%\"><img data-opt-id=1687956668  data-opt-src=\"https:\/\/mlr04w2evrow.i.optimole.com\/cb:O59K.20376\/w:auto\/h:auto\/q:mauto\/f:best\/id:b0c2134607c11536cbf31f1d1ad0a4a9\/https:\/\/www.valenciablue.com\/pexels-photo-16142644.jpeg\"  decoding=\"async\" width=\"764\" height=\"1300\" src=\"data:image/svg+xml,%3Csvg%20viewBox%3D%220%200%20100%%20100%%22%20width%3D%22100%%22%20height%3D%22100%%22%20xmlns%3D%22http%3A%2F%2Fwww.w3.org%2F2000%2Fsvg%22%3E%3Crect%20width%3D%22100%%22%20height%3D%22100%%22%20fill%3D%22transparent%22%2F%3E%3C%2Fsvg%3E\" alt=\"flag of san marino\" class=\"wp-image-616 size-full\"\/><\/figure><div class=\"wp-block-media-text__content\">\n<p>No tengo una lista de cosas por hacer. Bueno, tal vez con una excepci\u00f3n: los microestados. Hay <a href=\"https:\/\/jia.sipa.columbia.edu\/content\/identification-and-definition-microstates\">41 en todo el mundo y Europa tiene 10 de ellos.<\/a>He tenido la suerte de visitar San Marino y el Vaticano y, si tuviera la oportunidad, me gustar\u00eda visitar M\u00f3naco y Liechtenstein, entre otros. Andorra es mi primera opci\u00f3n, ya que est\u00e1 relativamente cerca de m\u00ed. Pero si no sucede, no mirar\u00e9 atr\u00e1s y me arrepentir\u00e9 de no haber visitado esos pa\u00edses. Para m\u00ed, es algo que me gustar\u00eda tener, no una adquisici\u00f3n que tenga que hacer.<br><\/p>\n<\/div><\/div>\n\n\n\n<p>Aparte de eso, mi preferencia a la hora de viajar no es viajar. Vale, eso es contradictorio. La gente se pregunta: &quot;\u00bfY si pudi\u00e9ramos vivir aqu\u00ed?&quot;. Hemos tenido la suerte de que eso ocurra. Y vivir en Europa ofrece una proximidad relativamente cercana a otras grandes ciudades del continente. Pero lo que realmente quiero es experimentarlo como residente. Con mi experiencia en los medios de comunicaci\u00f3n, mi condici\u00f3n era la de observador desinteresado, que miraba desde fuera y nunca participaba. Sin embargo, soy plenamente consciente de que nunca conocer\u00e9 Espa\u00f1a de verdad, ya que mi entorno cultural es diferente. Pero, por otra parte, tampoco estoy seguro de entender tan bien mi pa\u00eds natal, los Estados Unidos.<\/p>\n\n\n\n<h3 class=\"wp-block-heading\">Una lecci\u00f3n de bot\u00e1nica y cultura<\/h3>\n\n\n\n<p>Lo que me lleva de nuevo al algarrobo. Cuando pregunt\u00e9 por el nombre del restaurante, mis compa\u00f1eros de almuerzo estuvieron encantados de explicarme qu\u00e9 significaba y para qu\u00e9 serv\u00eda. Ahora esos \u00e1rboles por los que paso en bicicleta tienen un nombre y un prop\u00f3sito para m\u00ed.<\/p>\n\n\n\n<p>Sonando como un ni\u00f1o peque\u00f1o, constantemente pregunto &quot;\u00bfQu\u00e9 es eso?&quot; &quot;\u00bfQu\u00e9 significa eso?&quot; (\u00bfQu\u00e9 es eso? \u00bfCu\u00e1l es el\/la significado\/a de\u2026?\u201d) Los valencianos est\u00e1n muy orgullosos de su regi\u00f3n y se enorgullecen mucho de explicarme el significado de esta o aquella palabra o la historia de un lugar determinado.<\/p>\n\n\n\n<div class=\"wp-block-media-text has-media-on-the-right is-stacked-on-mobile is-image-fill\"><div class=\"wp-block-media-text__content\">\n<p>Como estoy continuamente haciendo fotos, act\u00fao como un turista. Le pregunt\u00e9 al personal de La Garrofera si pod\u00eda tomar una foto de la hilera de <a href=\"https:\/\/dle.rae.es\/paellero\"><em>paelleras<\/em><\/a><em>, <\/em>(en las que se prepara la paella) sobre los fogones de le\u00f1a mientras el restaurante se prepara para la multitud que se preparaba para el almuerzo de media tarde. A pesar de que la cocina estaba sofocante debido a los fuegos, el personal accedi\u00f3 felizmente y mostr\u00f3 los distintos platos que se estaban preparando.<br><\/p>\n<\/div><figure class=\"wp-block-media-text__media\" style=\"background-image:url(https:\/\/mlr04w2evrow.i.optimole.com\/cb:O59K.20376\/w:819\/h:1024\/q:mauto\/f:best\/id:13975f5e83c6e98425d1a6f52e0346f3\/https:\/\/www.valenciablue.com\/Restaurant-La-Garrofera-paella-row.jpg);background-position:50% 50%\"><img data-opt-id=812272578  data-opt-src=\"https:\/\/mlr04w2evrow.i.optimole.com\/cb:O59K.20376\/w:819\/h:1024\/q:mauto\/f:best\/id:13975f5e83c6e98425d1a6f52e0346f3\/https:\/\/www.valenciablue.com\/Restaurant-La-Garrofera-paella-row.jpg\"  decoding=\"async\" src=\"data:image/svg+xml,%3Csvg%20viewBox%3D%220%200%20819%201024%22%20width%3D%22819%22%20height%3D%221024%22%20xmlns%3D%22http%3A%2F%2Fwww.w3.org%2F2000%2Fsvg%22%3E%3Crect%20width%3D%22819%22%20height%3D%221024%22%20fill%3D%22transparent%22%2F%3E%3C%2Fsvg%3E\" alt=\"Row of paella pans being heated by a wood-fire stove\" class=\"wp-image-617 size-full\"\/><\/figure><\/div>\n\n\n\n<p>El tema de mis im\u00e1genes son t\u00edpicamente objetos cotidianos. Me intrigan vistas como las estructuras en el medio de la <em>rotondas <\/em>(rotondas) al entrar en la ciudad. Estos s\u00edmbolos municipales muestran un poco del pasado y lo que es importante para sus ciudadanos.<\/p>\n\n\n\n<p>Mientras saco mi tel\u00e9fono para tomar una \u00faltima foto, digo:<em>Soy como un turista<\/em>\u201cSoy como un turista\u201d para mi grupo y su respuesta es \u201c<em>No, no, vives aqu\u00ed<\/em>!\u201d \u201c\u00a1No, t\u00fa vives aqu\u00ed!\u201d<\/p>\n\n\n\n<p>Adenda: Algunas de las rotondas y otros hitos c\u00edvicos de la Comunidad Valenciana se pueden ver en la presentaci\u00f3n de diapositivas a continuaci\u00f3n. Y si quieres ver las ubicaciones: <a href=\"https:\/\/www.valenciablue.com\/es\/see-it-on-the-map-rotondas-around-valencia\/\" data-type=\"post\" data-id=\"672\" target=\"_blank\" rel=\"noreferrer noopener\">Verlo en el mapa: Rotondas alrededor de Valencia<\/a>.<\/p>\n\n\n\n<div class=\"wp-block-jetpack-slideshow aligncenter\" data-effect=\"slide\"><div class=\"wp-block-jetpack-slideshow_container swiper-container\"><ul class=\"wp-block-jetpack-slideshow_swiper-wrapper swiper-wrapper\"><li class=\"wp-block-jetpack-slideshow_slide swiper-slide\"><figure><img data-opt-id=1795636592  data-opt-src=\"https:\/\/mlr04w2evrow.i.optimole.com\/cb:O59K.20376\/w:auto\/h:auto\/q:mauto\/f:best\/id:d793501222ea93f2b4da48a95e5bf545\/https:\/\/www.valenciablue.com\/slide-16x9-toro-la-Vall-dUixo.jpg\"  decoding=\"async\" width=\"1600\" height=\"900\" alt=\"A large sculpture of a bull in a roundabout\" class=\"wp-block-jetpack-slideshow_image wp-image-638\" data-id=\"638\" src=\"data:image/svg+xml,%3Csvg%20viewBox%3D%220%200%20100%%20100%%22%20width%3D%22100%%22%20height%3D%22100%%22%20xmlns%3D%22http%3A%2F%2Fwww.w3.org%2F2000%2Fsvg%22%3E%3Crect%20width%3D%22100%%22%20height%3D%22100%%22%20fill%3D%22transparent%22%2F%3E%3C%2Fsvg%3E\"\/><figcaption class=\"wp-block-jetpack-slideshow_caption gallery-caption\">El toro en Vall d&#039;Uix\u00f3<\/figcaption><\/figure><\/li><li class=\"wp-block-jetpack-slideshow_slide swiper-slide\"><figure><img data-opt-id=1490046938  data-opt-src=\"https:\/\/mlr04w2evrow.i.optimole.com\/cb:O59K.20376\/w:auto\/h:auto\/q:mauto\/f:best\/id:3ede540360c7c90b7db65957f39f8b07\/https:\/\/www.valenciablue.com\/slide-16x9-spanish-flag-Altura.jpg\"  decoding=\"async\" width=\"1600\" height=\"900\" alt=\"The Spanish flag flying in a roundabout\" class=\"wp-block-jetpack-slideshow_image wp-image-637\" data-id=\"637\" src=\"data:image/svg+xml,%3Csvg%20viewBox%3D%220%200%20100%%20100%%22%20width%3D%22100%%22%20height%3D%22100%%22%20xmlns%3D%22http%3A%2F%2Fwww.w3.org%2F2000%2Fsvg%22%3E%3Crect%20width%3D%22100%%22%20height%3D%22100%%22%20fill%3D%22transparent%22%2F%3E%3C%2Fsvg%3E\"\/><figcaption class=\"wp-block-jetpack-slideshow_caption gallery-caption\">Bandera espa\u00f1ola en un d\u00eda ventoso en Altura.<\/figcaption><\/figure><\/li><li class=\"wp-block-jetpack-slideshow_slide swiper-slide\"><figure><img data-opt-id=322346190  data-opt-src=\"https:\/\/mlr04w2evrow.i.optimole.com\/cb:O59K.20376\/w:auto\/h:auto\/q:mauto\/f:best\/id:3f635acdd24504417f8b8b6d50381f4f\/https:\/\/www.valenciablue.com\/slide-16x9-soneja-city-name.jpg\"  decoding=\"async\" width=\"1600\" height=\"900\" alt=\"A large 3D sign with the word &quot;Soneja&quot;\" class=\"wp-block-jetpack-slideshow_image wp-image-636\" data-id=\"636\" src=\"data:image/svg+xml,%3Csvg%20viewBox%3D%220%200%20100%%20100%%22%20width%3D%22100%%22%20height%3D%22100%%22%20xmlns%3D%22http%3A%2F%2Fwww.w3.org%2F2000%2Fsvg%22%3E%3Crect%20width%3D%22100%%22%20height%3D%22100%%22%20fill%3D%22transparent%22%2F%3E%3C%2Fsvg%3E\"\/><figcaption class=\"wp-block-jetpack-slideshow_caption gallery-caption\">Algo tan sencillo como el nombre del pueblo \u2013 Soneja<\/figcaption><\/figure><\/li><li class=\"wp-block-jetpack-slideshow_slide swiper-slide\"><figure><img data-opt-id=831165059  data-opt-src=\"https:\/\/mlr04w2evrow.i.optimole.com\/cb:O59K.20376\/w:auto\/h:auto\/q:mauto\/f:best\/id:fd7752ef952862113828823ede8d04d1\/https:\/\/www.valenciablue.com\/slide-16x9-Plaza-de-la-Puerta-del-Mar.jpg\"  decoding=\"async\" width=\"1600\" height=\"900\" alt=\"The arch of Plaza de la Puerta del Mar in Valencia\" class=\"wp-block-jetpack-slideshow_image wp-image-635\" data-id=\"635\" src=\"data:image/svg+xml,%3Csvg%20viewBox%3D%220%200%20100%%20100%%22%20width%3D%22100%%22%20height%3D%22100%%22%20xmlns%3D%22http%3A%2F%2Fwww.w3.org%2F2000%2Fsvg%22%3E%3Crect%20width%3D%22100%%22%20height%3D%22100%%22%20fill%3D%22transparent%22%2F%3E%3C%2Fsvg%3E\"\/><figcaption class=\"wp-block-jetpack-slideshow_caption gallery-caption\">O tan grande como la Plaza de la Puerta del Mar de Valencia<\/figcaption><\/figure><\/li><li class=\"wp-block-jetpack-slideshow_slide swiper-slide\"><figure><img data-opt-id=844955611  data-opt-src=\"https:\/\/mlr04w2evrow.i.optimole.com\/cb:O59K.20376\/w:auto\/h:auto\/q:mauto\/f:best\/id:75929f00e116cda143f5da8397efd1fd\/https:\/\/www.valenciablue.com\/slide-16x9-old-press-alcublas.jpg\"  decoding=\"async\" width=\"1600\" height=\"900\" alt=\"An old machine to press material sits on an intersection's esplanade wtih direction signs\" class=\"wp-block-jetpack-slideshow_image wp-image-634\" data-id=\"634\" src=\"data:image/svg+xml,%3Csvg%20viewBox%3D%220%200%20100%%20100%%22%20width%3D%22100%%22%20height%3D%22100%%22%20xmlns%3D%22http%3A%2F%2Fwww.w3.org%2F2000%2Fsvg%22%3E%3Crect%20width%3D%22100%%22%20height%3D%22100%%22%20fill%3D%22transparent%22%2F%3E%3C%2Fsvg%3E\"\/><figcaption class=\"wp-block-jetpack-slideshow_caption gallery-caption\">Una antigua prensa en Alcublas<\/figcaption><\/figure><\/li><li class=\"wp-block-jetpack-slideshow_slide swiper-slide\"><figure><img data-opt-id=1603397954  data-opt-src=\"https:\/\/mlr04w2evrow.i.optimole.com\/cb:O59K.20376\/w:auto\/h:auto\/q:mauto\/f:best\/id:0d3a7c26df1f5c4ee2f836b135a7a47c\/https:\/\/www.valenciablue.com\/slide-16x9-naquera-city-name.jpg\"  decoding=\"async\" width=\"1600\" height=\"900\" alt=\"A large 3D sign with the word &quot;Naquera&quot;\" class=\"wp-block-jetpack-slideshow_image wp-image-633\" data-id=\"633\" src=\"data:image/svg+xml,%3Csvg%20viewBox%3D%220%200%20100%%20100%%22%20width%3D%22100%%22%20height%3D%22100%%22%20xmlns%3D%22http%3A%2F%2Fwww.w3.org%2F2000%2Fsvg%22%3E%3Crect%20width%3D%22100%%22%20height%3D%22100%%22%20fill%3D%22transparent%22%2F%3E%3C%2Fsvg%3E\"\/><figcaption class=\"wp-block-jetpack-slideshow_caption gallery-caption\">El acceso sur a N\u00e1quera<\/figcaption><\/figure><\/li><li class=\"wp-block-jetpack-slideshow_slide swiper-slide\"><figure><img data-opt-id=963810565  data-opt-src=\"https:\/\/mlr04w2evrow.i.optimole.com\/cb:O59K.20376\/w:auto\/h:auto\/q:mauto\/f:best\/id:7c1be4d18601dc767dd939d14bfdafa6\/https:\/\/www.valenciablue.com\/slide-16x9-Lliria-city-of-music.jpg\"  decoding=\"async\" width=\"1600\" height=\"900\" alt=\"Large 3D sign with the word's &quot;Lliria - City of Music&quot;\" class=\"wp-block-jetpack-slideshow_image wp-image-632\" data-id=\"632\" src=\"data:image/svg+xml,%3Csvg%20viewBox%3D%220%200%20100%%20100%%22%20width%3D%22100%%22%20height%3D%22100%%22%20xmlns%3D%22http%3A%2F%2Fwww.w3.org%2F2000%2Fsvg%22%3E%3Crect%20width%3D%22100%%22%20height%3D%22100%%22%20fill%3D%22transparent%22%2F%3E%3C%2Fsvg%3E\"\/><figcaption class=\"wp-block-jetpack-slideshow_caption gallery-caption\">Ll\u00edria \u2013 Ciudad de la M\u00fasica<\/figcaption><\/figure><\/li><li class=\"wp-block-jetpack-slideshow_slide swiper-slide\"><figure><img data-opt-id=833827797  data-opt-src=\"https:\/\/mlr04w2evrow.i.optimole.com\/cb:O59K.20376\/w:auto\/h:auto\/q:mauto\/f:best\/id:be562a59efc7db0fc4d19e009895076f\/https:\/\/www.valenciablue.com\/slide-16x9-Gilet-city-name.jpg\"  decoding=\"async\" width=\"1600\" height=\"900\" alt=\"Large sign with the words &quot;Sant Esperit&quot; outside a subdivision.\" class=\"wp-block-jetpack-slideshow_image wp-image-631\" data-id=\"631\" src=\"data:image/svg+xml,%3Csvg%20viewBox%3D%220%200%20100%%20100%%22%20width%3D%22100%%22%20height%3D%22100%%22%20xmlns%3D%22http%3A%2F%2Fwww.w3.org%2F2000%2Fsvg%22%3E%3Crect%20width%3D%22100%%22%20height%3D%22100%%22%20fill%3D%22transparent%22%2F%3E%3C%2Fsvg%3E\"\/><figcaption class=\"wp-block-jetpack-slideshow_caption gallery-caption\">Urbanizaci\u00f3n Santo Esp\u00edritu, Gilet<\/figcaption><\/figure><\/li><li class=\"wp-block-jetpack-slideshow_slide swiper-slide\"><figure><img data-opt-id=541803720  data-opt-src=\"https:\/\/mlr04w2evrow.i.optimole.com\/cb:O59K.20376\/w:auto\/h:auto\/q:mauto\/f:best\/id:5cc8de7b91db909087c9ee4052383089\/https:\/\/www.valenciablue.com\/slide-16x9-Algemesi-sculpture.jpg\"  decoding=\"async\" width=\"1600\" height=\"900\" alt=\"Large public art sculpture in roundabout\" class=\"wp-block-jetpack-slideshow_image wp-image-625\" data-id=\"625\" src=\"data:image/svg+xml,%3Csvg%20viewBox%3D%220%200%20100%%20100%%22%20width%3D%22100%%22%20height%3D%22100%%22%20xmlns%3D%22http%3A%2F%2Fwww.w3.org%2F2000%2Fsvg%22%3E%3Crect%20width%3D%22100%%22%20height%3D%22100%%22%20fill%3D%22transparent%22%2F%3E%3C%2Fsvg%3E\"\/><figcaption class=\"wp-block-jetpack-slideshow_caption gallery-caption\">Escultura de Algemes\u00ed<\/figcaption><\/figure><\/li><li class=\"wp-block-jetpack-slideshow_slide swiper-slide\"><figure><img data-opt-id=899756038  data-opt-src=\"https:\/\/mlr04w2evrow.i.optimole.com\/cb:O59K.20376\/w:auto\/h:auto\/q:mauto\/f:best\/id:75fa2821803b413e43778d1664526f45\/https:\/\/www.valenciablue.com\/slide-16x9-Bejis-drop-of-water.jpg\"  decoding=\"async\" width=\"1600\" height=\"900\" alt=\"A large artwork showing a drop of water in Bej\u00eds\" class=\"wp-block-jetpack-slideshow_image wp-image-627\" data-id=\"627\" src=\"data:image/svg+xml,%3Csvg%20viewBox%3D%220%200%20100%%20100%%22%20width%3D%22100%%22%20height%3D%22100%%22%20xmlns%3D%22http%3A%2F%2Fwww.w3.org%2F2000%2Fsvg%22%3E%3Crect%20width%3D%22100%%22%20height%3D%22100%%22%20fill%3D%22transparent%22%2F%3E%3C%2Fsvg%3E\"\/><figcaption class=\"wp-block-jetpack-slideshow_caption gallery-caption\">Bej\u00eds y su gota de agua<\/figcaption><\/figure><\/li><li class=\"wp-block-jetpack-slideshow_slide swiper-slide\"><figure><img data-opt-id=1580571566  data-opt-src=\"https:\/\/mlr04w2evrow.i.optimole.com\/cb:O59K.20376\/w:auto\/h:auto\/q:mauto\/f:best\/id:5970062dd193049c9269dff9dac5956a\/https:\/\/www.valenciablue.com\/slide-16x9-cullera-velas.jpg\"  decoding=\"async\" width=\"1600\" height=\"900\" alt=\"Large outdoor sculpture conceptualizing boat sails.\" class=\"wp-block-jetpack-slideshow_image wp-image-628\" data-id=\"628\" src=\"data:image/svg+xml,%3Csvg%20viewBox%3D%220%200%20100%%20100%%22%20width%3D%22100%%22%20height%3D%22100%%22%20xmlns%3D%22http%3A%2F%2Fwww.w3.org%2F2000%2Fsvg%22%3E%3Crect%20width%3D%22100%%22%20height%3D%22100%%22%20fill%3D%22transparent%22%2F%3E%3C%2Fsvg%3E\"\/><figcaption class=\"wp-block-jetpack-slideshow_caption gallery-caption\">Las velas rumbo a Cullera<\/figcaption><\/figure><\/li><li class=\"wp-block-jetpack-slideshow_slide swiper-slide\"><figure><img data-opt-id=876977874  data-opt-src=\"https:\/\/mlr04w2evrow.i.optimole.com\/cb:O59K.20376\/w:auto\/h:auto\/q:mauto\/f:best\/id:550a001921c3487775ee913a229d6647\/https:\/\/www.valenciablue.com\/slide-16x9-Altura-coat-of-arms.jpg\"  decoding=\"async\" width=\"1600\" height=\"900\" alt=\"Altura's coat of arms in the roundabout\" class=\"wp-block-jetpack-slideshow_image wp-image-626\" data-id=\"626\" src=\"data:image/svg+xml,%3Csvg%20viewBox%3D%220%200%20100%%20100%%22%20width%3D%22100%%22%20height%3D%22100%%22%20xmlns%3D%22http%3A%2F%2Fwww.w3.org%2F2000%2Fsvg%22%3E%3Crect%20width%3D%22100%%22%20height%3D%22100%%22%20fill%3D%22transparent%22%2F%3E%3C%2Fsvg%3E\"\/><figcaption class=\"wp-block-jetpack-slideshow_caption gallery-caption\">Escudo de armas de Altura<\/figcaption><\/figure><\/li><li class=\"wp-block-jetpack-slideshow_slide swiper-slide\"><figure><img data-opt-id=976503073  data-opt-src=\"https:\/\/mlr04w2evrow.i.optimole.com\/cb:O59K.20376\/w:auto\/h:auto\/q:mauto\/f:best\/id:7ed2c5c540606233cac6d9a8308ae378\/https:\/\/www.valenciablue.com\/slide-16x9-Domeno-coat-of-arms.jpg\"  decoding=\"async\" width=\"1600\" height=\"900\" alt=\"Dome\u00f1o's coat of arms in the roundabout\" class=\"wp-block-jetpack-slideshow_image wp-image-629\" data-id=\"629\" src=\"data:image/svg+xml,%3Csvg%20viewBox%3D%220%200%20100%%20100%%22%20width%3D%22100%%22%20height%3D%22100%%22%20xmlns%3D%22http%3A%2F%2Fwww.w3.org%2F2000%2Fsvg%22%3E%3Crect%20width%3D%22100%%22%20height%3D%22100%%22%20fill%3D%22transparent%22%2F%3E%3C%2Fsvg%3E\"\/><figcaption class=\"wp-block-jetpack-slideshow_caption gallery-caption\">Escudo de Dome\u00f1o<\/figcaption><\/figure><\/li><li class=\"wp-block-jetpack-slideshow_slide swiper-slide\"><figure><img data-opt-id=293239905  data-opt-src=\"https:\/\/mlr04w2evrow.i.optimole.com\/cb:O59K.20376\/w:auto\/h:auto\/q:mauto\/f:best\/id:1ba524542a92c1502645b165db111090\/https:\/\/www.valenciablue.com\/slide-16x9-geldo-bus-stop.jpg\"  decoding=\"async\" width=\"1600\" height=\"900\" alt=\"A bus stop with the word &quot;Geldo&quot; painted inside. The word's shape that is of a snail.\" class=\"wp-block-jetpack-slideshow_image wp-image-630\" data-id=\"630\" src=\"data:image/svg+xml,%3Csvg%20viewBox%3D%220%200%20100%%20100%%22%20width%3D%22100%%22%20height%3D%22100%%22%20xmlns%3D%22http%3A%2F%2Fwww.w3.org%2F2000%2Fsvg%22%3E%3Crect%20width%3D%22100%%22%20height%3D%22100%%22%20fill%3D%22transparent%22%2F%3E%3C%2Fsvg%3E\"\/><figcaption class=\"wp-block-jetpack-slideshow_caption gallery-caption\">La parada de autob\u00fas en Geldo<\/figcaption><\/figure><\/li><\/ul><a class=\"wp-block-jetpack-slideshow_button-prev swiper-button-prev swiper-button-white\" role=\"button\"><\/a><a class=\"wp-block-jetpack-slideshow_button-next swiper-button-next swiper-button-white\" role=\"button\"><\/a><a aria-label=\"Pausar presentaci\u00f3n de diapositivas\" class=\"wp-block-jetpack-slideshow_button-pause\" role=\"button\"><\/a><div class=\"wp-block-jetpack-slideshow_pagination swiper-pagination swiper-pagination-white\"><\/div><\/div><\/div>","protected":false},"excerpt":{"rendered":"<p>Los temas de mis im\u00e1genes suelen ser objetos cotidianos. Me intrigan, por ejemplo, las estructuras que se encuentran en medio de las rotondas cuando uno entra a la ciudad.<\/p>","protected":false},"author":2,"featured_media":643,"comment_status":"open","ping_status":"closed","sticky":false,"template":"","format":"standard","meta":{"advanced_seo_description":"","jetpack_seo_html_title":"","jetpack_seo_noindex":false,"jetpack_post_was_ever_published":false,"_jetpack_newsletter_access":"","_jetpack_dont_email_post_to_subs":false,"_jetpack_newsletter_tier_id":0,"_jetpack_memberships_contains_paywalled_content":false,"_jetpack_memberships_contains_paid_content":false,"footnotes":"","jetpack_publicize_message":"Getting out and about by #bicycle in the #Valencia community in #Spain.","jetpack_publicize_feature_enabled":true,"jetpack_social_post_already_shared":false,"jetpack_social_options":{"image_generator_settings":{"template":"highway","enabled":false},"version":2}},"categories":[1,10,9],"tags":[52,51,53,17,54],"class_list":["post-615","post","type-post","status-publish","format-standard","has-post-thumbnail","hentry","category-daily-life","category-bike","category-updates","tag-bicycling-in-valencia-spain","tag-bicycling-in-valencia-spain-exploring-valencia-spain-exploring-valencia-countryside-living-in-valencia-spain-living-in-spain","tag-exploring-valencia-countryside","tag-living-in-spain","tag-living-in-valencia-spain"],"jetpack_publicize_connections":[],"jetpack_featured_media_url":"https:\/\/mlr04w2evrow.i.optimole.com\/cb:O59K.20376\/w:1200\/h:900\/q:mauto\/f:best\/id:101275d86da7307415db500d3cbd905d\/https:\/\/www.valenciablue.com\/vamos-and-bicycle.jpg","jetpack-related-posts":[{"id":1287,"url":"https:\/\/www.valenciablue.com\/es\/christmas-fusion-or-how-old-meets-new-in-spain\/","url_meta":{"origin":615,"position":0},"title":"Fusi\u00f3n navide\u00f1a o c\u00f3mo lo antiguo se encuentra con lo nuevo en Espa\u00f1a","author":"Admin","date":"22\/12\/2025","format":false,"excerpt":"No se trata de una observaci\u00f3n del tipo &quot;esto o aquello es mejor&quot;. Es solo que, bueno, la Navidad en Espa\u00f1a es diferente a la de Estados Unidos.","rel":"","context":"En \u00abDaily life\u00bb","block_context":{"text":"Daily life","link":"https:\/\/www.valenciablue.com\/es\/category\/daily-life\/"},"img":{"alt_text":"Strings of Christmas lights hang in front of a bell tower in Valencia, Spain.","src":"https:\/\/mlr04w2evrow.i.optimole.com\/cb:O59K.20376\/w:auto\/h:auto\/q:mauto\/f:best\/https:\/\/i0.wp.com\/mlr04w2evrow.i.optimole.com\/w%3A1200\/h%3A900\/q%3Amauto\/process%3A1288\/id%3A2ed4b6d6a1f680aa834926cd758244e6\/https%3A\/\/www.valenciablue.com\/featured-lights-bell-tower.jpg?resize=350%2C200&ssl=1","width":350,"height":200,"srcset":"https:\/\/mlr04w2evrow.i.optimole.com\/cb:O59K.20376\/w:auto\/h:auto\/q:mauto\/f:best\/https:\/\/i0.wp.com\/mlr04w2evrow.i.optimole.com\/w%3A1200\/h%3A900\/q%3Amauto\/process%3A1288\/id%3A2ed4b6d6a1f680aa834926cd758244e6\/https%3A\/\/www.valenciablue.com\/featured-lights-bell-tower.jpg?resize=350%2C200&ssl=1 1x, https:\/\/mlr04w2evrow.i.optimole.com\/cb:O59K.20376\/w:auto\/h:auto\/q:mauto\/f:best\/https:\/\/i0.wp.com\/mlr04w2evrow.i.optimole.com\/w%3A1200\/h%3A900\/q%3Amauto\/process%3A1288\/id%3A2ed4b6d6a1f680aa834926cd758244e6\/https%3A\/\/www.valenciablue.com\/featured-lights-bell-tower.jpg?resize=525%2C300&ssl=1 1.5x, https:\/\/mlr04w2evrow.i.optimole.com\/cb:O59K.20376\/w:auto\/h:auto\/q:mauto\/f:best\/https:\/\/i0.wp.com\/mlr04w2evrow.i.optimole.com\/w%3A1200\/h%3A900\/q%3Amauto\/process%3A1288\/id%3A2ed4b6d6a1f680aa834926cd758244e6\/https%3A\/\/www.valenciablue.com\/featured-lights-bell-tower.jpg?resize=700%2C400&ssl=1 2x, https:\/\/mlr04w2evrow.i.optimole.com\/cb:O59K.20376\/w:auto\/h:auto\/q:mauto\/f:best\/https:\/\/i0.wp.com\/mlr04w2evrow.i.optimole.com\/w%3A1200\/h%3A900\/q%3Amauto\/process%3A1288\/id%3A2ed4b6d6a1f680aa834926cd758244e6\/https%3A\/\/www.valenciablue.com\/featured-lights-bell-tower.jpg?resize=1050%2C600&ssl=1 3x"},"classes":[]},{"id":672,"url":"https:\/\/www.valenciablue.com\/es\/see-it-on-the-map-rotondas-around-valencia\/","url_meta":{"origin":615,"position":1},"title":"Verlo en el mapa: Rotondas alrededor de Valencia","author":"Admin","date":"09\/10\/2024","format":false,"excerpt":"Las fotos geoetiquetadas se tomaron del 13 de julio de 2022 al 20 de agosto de 2024.","rel":"","context":"En \u00abDaily life\u00bb","block_context":{"text":"Daily life","link":"https:\/\/www.valenciablue.com\/es\/category\/daily-life\/"},"img":{"alt_text":"Picture of the arch situated in Valencia, Spain called \"Plaza de la Puerta del Mar\"","src":"https:\/\/mlr04w2evrow.i.optimole.com\/cb:O59K.20376\/w:auto\/h:auto\/q:mauto\/f:best\/https:\/\/i0.wp.com\/mlr04w2evrow.i.optimole.com\/w%3A1200\/h%3A900\/q%3Amauto\/process%3A680\/id%3Ae76c65ed03b842c8951c95a61a34b827\/https%3A\/\/www.valenciablue.com\/featured-4x3-image-plaza-de-la-puerta-del-mar-valencia.jpg?resize=350%2C200&ssl=1","width":350,"height":200,"srcset":"https:\/\/mlr04w2evrow.i.optimole.com\/cb:O59K.20376\/w:auto\/h:auto\/q:mauto\/f:best\/https:\/\/i0.wp.com\/mlr04w2evrow.i.optimole.com\/w%3A1200\/h%3A900\/q%3Amauto\/process%3A680\/id%3Ae76c65ed03b842c8951c95a61a34b827\/https%3A\/\/www.valenciablue.com\/featured-4x3-image-plaza-de-la-puerta-del-mar-valencia.jpg?resize=350%2C200&ssl=1 1x, https:\/\/mlr04w2evrow.i.optimole.com\/cb:O59K.20376\/w:auto\/h:auto\/q:mauto\/f:best\/https:\/\/i0.wp.com\/mlr04w2evrow.i.optimole.com\/w%3A1200\/h%3A900\/q%3Amauto\/process%3A680\/id%3Ae76c65ed03b842c8951c95a61a34b827\/https%3A\/\/www.valenciablue.com\/featured-4x3-image-plaza-de-la-puerta-del-mar-valencia.jpg?resize=525%2C300&ssl=1 1.5x, https:\/\/mlr04w2evrow.i.optimole.com\/cb:O59K.20376\/w:auto\/h:auto\/q:mauto\/f:best\/https:\/\/i0.wp.com\/mlr04w2evrow.i.optimole.com\/w%3A1200\/h%3A900\/q%3Amauto\/process%3A680\/id%3Ae76c65ed03b842c8951c95a61a34b827\/https%3A\/\/www.valenciablue.com\/featured-4x3-image-plaza-de-la-puerta-del-mar-valencia.jpg?resize=700%2C400&ssl=1 2x, https:\/\/mlr04w2evrow.i.optimole.com\/cb:O59K.20376\/w:auto\/h:auto\/q:mauto\/f:best\/https:\/\/i0.wp.com\/mlr04w2evrow.i.optimole.com\/w%3A1200\/h%3A900\/q%3Amauto\/process%3A680\/id%3Ae76c65ed03b842c8951c95a61a34b827\/https%3A\/\/www.valenciablue.com\/featured-4x3-image-plaza-de-la-puerta-del-mar-valencia.jpg?resize=1050%2C600&ssl=1 3x"},"classes":[]},{"id":1083,"url":"https:\/\/www.valenciablue.com\/es\/riding-from-waterstop-to-waterstop-in-spain\/","url_meta":{"origin":615,"position":2},"title":"Cabalgando de un punto de agua a otro en Espa\u00f1a","author":"Admin","date":"07\/07\/2025","format":false,"excerpt":"Andar en bicicleta en Valencia, Espa\u00f1a, a medida que el verano se acerca a su m\u00e1ximo apogeo, presenta sus propios desaf\u00edos.","rel":"","context":"En \u00abDaily life\u00bb","block_context":{"text":"Daily life","link":"https:\/\/www.valenciablue.com\/es\/category\/daily-life\/"},"img":{"alt_text":"Two cyclists are silhouetted by the morning sun before a ride in Valencia, Spain.","src":"https:\/\/mlr04w2evrow.i.optimole.com\/cb:O59K.20376\/w:auto\/h:auto\/q:mauto\/f:best\/https:\/\/i0.wp.com\/mlr04w2evrow.i.optimole.com\/w%3A1200\/h%3A900\/q%3Amauto\/process%3A1100\/id%3A10f557d8d287f5f7b61d5eac14c52cdd\/https%3A\/\/www.valenciablue.com\/cyclists-against-the-sun-featuredcreated-with-gimp-8.jpg?resize=350%2C200&ssl=1","width":350,"height":200,"srcset":"https:\/\/mlr04w2evrow.i.optimole.com\/cb:O59K.20376\/w:auto\/h:auto\/q:mauto\/f:best\/https:\/\/i0.wp.com\/mlr04w2evrow.i.optimole.com\/w%3A1200\/h%3A900\/q%3Amauto\/process%3A1100\/id%3A10f557d8d287f5f7b61d5eac14c52cdd\/https%3A\/\/www.valenciablue.com\/cyclists-against-the-sun-featuredcreated-with-gimp-8.jpg?resize=350%2C200&ssl=1 1x, https:\/\/mlr04w2evrow.i.optimole.com\/cb:O59K.20376\/w:auto\/h:auto\/q:mauto\/f:best\/https:\/\/i0.wp.com\/mlr04w2evrow.i.optimole.com\/w%3A1200\/h%3A900\/q%3Amauto\/process%3A1100\/id%3A10f557d8d287f5f7b61d5eac14c52cdd\/https%3A\/\/www.valenciablue.com\/cyclists-against-the-sun-featuredcreated-with-gimp-8.jpg?resize=525%2C300&ssl=1 1.5x, https:\/\/mlr04w2evrow.i.optimole.com\/cb:O59K.20376\/w:auto\/h:auto\/q:mauto\/f:best\/https:\/\/i0.wp.com\/mlr04w2evrow.i.optimole.com\/w%3A1200\/h%3A900\/q%3Amauto\/process%3A1100\/id%3A10f557d8d287f5f7b61d5eac14c52cdd\/https%3A\/\/www.valenciablue.com\/cyclists-against-the-sun-featuredcreated-with-gimp-8.jpg?resize=700%2C400&ssl=1 2x, https:\/\/mlr04w2evrow.i.optimole.com\/cb:O59K.20376\/w:auto\/h:auto\/q:mauto\/f:best\/https:\/\/i0.wp.com\/mlr04w2evrow.i.optimole.com\/w%3A1200\/h%3A900\/q%3Amauto\/process%3A1100\/id%3A10f557d8d287f5f7b61d5eac14c52cdd\/https%3A\/\/www.valenciablue.com\/cyclists-against-the-sun-featuredcreated-with-gimp-8.jpg?resize=1050%2C600&ssl=1 3x"},"classes":[]},{"id":1184,"url":"https:\/\/www.valenciablue.com\/es\/what-a-long-strange-trip-it-has-been-for-my-bike\/","url_meta":{"origin":615,"position":3},"title":"\u00a1Qu\u00e9 viaje tan largo y extra\u00f1o ha sido (para mi bicicleta)!","author":"Admin","date":"14\/09\/2025","format":false,"excerpt":"En septiembre de 2025, mi bicicleta finalmente regres\u00f3 conmigo a Espa\u00f1a.","rel":"","context":"En \u00abDaily life\u00bb","block_context":{"text":"Daily life","link":"https:\/\/www.valenciablue.com\/es\/category\/daily-life\/"},"img":{"alt_text":"A taped and sealed bike box over transparent background.","src":"https:\/\/mlr04w2evrow.i.optimole.com\/cb:O59K.20376\/w:auto\/h:auto\/q:mauto\/f:best\/https:\/\/i0.wp.com\/mlr04w2evrow.i.optimole.com\/w%3A1200\/h%3A900\/q%3Amauto\/process%3A1205\/id%3A8509ef52993a44ca0d4d66b93eb137a6\/https%3A\/\/www.valenciablue.com\/box-condition-start-edge.png?resize=350%2C200&ssl=1","width":350,"height":200,"srcset":"https:\/\/mlr04w2evrow.i.optimole.com\/cb:O59K.20376\/w:auto\/h:auto\/q:mauto\/f:best\/https:\/\/i0.wp.com\/mlr04w2evrow.i.optimole.com\/w%3A1200\/h%3A900\/q%3Amauto\/process%3A1205\/id%3A8509ef52993a44ca0d4d66b93eb137a6\/https%3A\/\/www.valenciablue.com\/box-condition-start-edge.png?resize=350%2C200&ssl=1 1x, https:\/\/mlr04w2evrow.i.optimole.com\/cb:O59K.20376\/w:auto\/h:auto\/q:mauto\/f:best\/https:\/\/i0.wp.com\/mlr04w2evrow.i.optimole.com\/w%3A1200\/h%3A900\/q%3Amauto\/process%3A1205\/id%3A8509ef52993a44ca0d4d66b93eb137a6\/https%3A\/\/www.valenciablue.com\/box-condition-start-edge.png?resize=525%2C300&ssl=1 1.5x, https:\/\/mlr04w2evrow.i.optimole.com\/cb:O59K.20376\/w:auto\/h:auto\/q:mauto\/f:best\/https:\/\/i0.wp.com\/mlr04w2evrow.i.optimole.com\/w%3A1200\/h%3A900\/q%3Amauto\/process%3A1205\/id%3A8509ef52993a44ca0d4d66b93eb137a6\/https%3A\/\/www.valenciablue.com\/box-condition-start-edge.png?resize=700%2C400&ssl=1 2x, https:\/\/mlr04w2evrow.i.optimole.com\/cb:O59K.20376\/w:auto\/h:auto\/q:mauto\/f:best\/https:\/\/i0.wp.com\/mlr04w2evrow.i.optimole.com\/w%3A1200\/h%3A900\/q%3Amauto\/process%3A1205\/id%3A8509ef52993a44ca0d4d66b93eb137a6\/https%3A\/\/www.valenciablue.com\/box-condition-start-edge.png?resize=1050%2C600&ssl=1 3x"},"classes":[]},{"id":488,"url":"https:\/\/www.valenciablue.com\/es\/getting-here-is-half-the-fun-your-new-life-in-valencia\/","url_meta":{"origin":615,"position":4},"title":"Llegar aqu\u00ed es la mitad de la diversi\u00f3n: tu nueva vida en Valencia","author":"Admin","date":"12\/05\/2024","format":false,"excerpt":"Despu\u00e9s de llegar, todav\u00eda quedan muchas decisiones por tomar. Los h\u00e1bitos que daba por sentados ahora deben rehacerse y volverse a aprender.","rel":"","context":"En \u00abDaily life\u00bb","block_context":{"text":"Daily life","link":"https:\/\/www.valenciablue.com\/es\/category\/daily-life\/"},"img":{"alt_text":"The words \"Viva Espa\u00f1a\" spray-painted on a wall.","src":"https:\/\/mlr04w2evrow.i.optimole.com\/cb:O59K.20376\/w:auto\/h:auto\/q:mauto\/f:best\/https:\/\/i0.wp.com\/mlr04w2evrow.i.optimole.com\/w%3A1200\/h%3A900\/q%3Amauto\/process%3A494\/id%3Aab245a72644e90a3c176000b1534d744\/https%3A\/\/www.valenciablue.com\/viva-espana-featured.jpg?resize=350%2C200&ssl=1","width":350,"height":200,"srcset":"https:\/\/mlr04w2evrow.i.optimole.com\/cb:O59K.20376\/w:auto\/h:auto\/q:mauto\/f:best\/https:\/\/i0.wp.com\/mlr04w2evrow.i.optimole.com\/w%3A1200\/h%3A900\/q%3Amauto\/process%3A494\/id%3Aab245a72644e90a3c176000b1534d744\/https%3A\/\/www.valenciablue.com\/viva-espana-featured.jpg?resize=350%2C200&ssl=1 1x, https:\/\/mlr04w2evrow.i.optimole.com\/cb:O59K.20376\/w:auto\/h:auto\/q:mauto\/f:best\/https:\/\/i0.wp.com\/mlr04w2evrow.i.optimole.com\/w%3A1200\/h%3A900\/q%3Amauto\/process%3A494\/id%3Aab245a72644e90a3c176000b1534d744\/https%3A\/\/www.valenciablue.com\/viva-espana-featured.jpg?resize=525%2C300&ssl=1 1.5x, https:\/\/mlr04w2evrow.i.optimole.com\/cb:O59K.20376\/w:auto\/h:auto\/q:mauto\/f:best\/https:\/\/i0.wp.com\/mlr04w2evrow.i.optimole.com\/w%3A1200\/h%3A900\/q%3Amauto\/process%3A494\/id%3Aab245a72644e90a3c176000b1534d744\/https%3A\/\/www.valenciablue.com\/viva-espana-featured.jpg?resize=700%2C400&ssl=1 2x, https:\/\/mlr04w2evrow.i.optimole.com\/cb:O59K.20376\/w:auto\/h:auto\/q:mauto\/f:best\/https:\/\/i0.wp.com\/mlr04w2evrow.i.optimole.com\/w%3A1200\/h%3A900\/q%3Amauto\/process%3A494\/id%3Aab245a72644e90a3c176000b1534d744\/https%3A\/\/www.valenciablue.com\/viva-espana-featured.jpg?resize=1050%2C600&ssl=1 3x"},"classes":[]},{"id":701,"url":"https:\/\/www.valenciablue.com\/es\/were-safe-but-the-loss-of-life-is-heartbreaking\/","url_meta":{"origin":615,"position":5},"title":"Estamos a salvo, pero la p\u00e9rdida de vidas es desgarradora.","author":"Admin","date":"31\/10\/2024","format":false,"excerpt":"Existe cierta confusi\u00f3n sobre qu\u00e9 zonas de Valencia est\u00e1n afectadas.","rel":"","context":"En \u00abDaily life\u00bb","block_context":{"text":"Daily life","link":"https:\/\/www.valenciablue.com\/es\/category\/daily-life\/"},"img":{"alt_text":"Cropped map of areas affected by flooding in Valencia Community, 2024-10-30","src":"https:\/\/mlr04w2evrow.i.optimole.com\/cb:O59K.20376\/w:auto\/h:auto\/q:mauto\/f:best\/https:\/\/i0.wp.com\/mlr04w2evrow.i.optimole.com\/w%3A804\/h%3A603\/q%3Amauto\/process%3A704\/id%3Ad887c6ce07d2760fac63d7d29a0b3e8a\/https%3A\/\/www.valenciablue.com\/populations-most-affected_4x3.png?resize=350%2C200&ssl=1","width":350,"height":200,"srcset":"https:\/\/mlr04w2evrow.i.optimole.com\/cb:O59K.20376\/w:auto\/h:auto\/q:mauto\/f:best\/https:\/\/i0.wp.com\/mlr04w2evrow.i.optimole.com\/w%3A804\/h%3A603\/q%3Amauto\/process%3A704\/id%3Ad887c6ce07d2760fac63d7d29a0b3e8a\/https%3A\/\/www.valenciablue.com\/populations-most-affected_4x3.png?resize=350%2C200&ssl=1 1x, https:\/\/mlr04w2evrow.i.optimole.com\/cb:O59K.20376\/w:auto\/h:auto\/q:mauto\/f:best\/https:\/\/i0.wp.com\/mlr04w2evrow.i.optimole.com\/w%3A804\/h%3A603\/q%3Amauto\/process%3A704\/id%3Ad887c6ce07d2760fac63d7d29a0b3e8a\/https%3A\/\/www.valenciablue.com\/populations-most-affected_4x3.png?resize=525%2C300&ssl=1 1.5x, https:\/\/mlr04w2evrow.i.optimole.com\/cb:O59K.20376\/w:auto\/h:auto\/q:mauto\/f:best\/https:\/\/i0.wp.com\/mlr04w2evrow.i.optimole.com\/w%3A804\/h%3A603\/q%3Amauto\/process%3A704\/id%3Ad887c6ce07d2760fac63d7d29a0b3e8a\/https%3A\/\/www.valenciablue.com\/populations-most-affected_4x3.png?resize=700%2C400&ssl=1 2x"},"classes":[]}],"jetpack_shortlink":"https:\/\/wp.me\/pftBvt-9V","jetpack_sharing_enabled":true,"jetpack_likes_enabled":true,"_links":{"self":[{"href":"https:\/\/www.valenciablue.com\/es\/wp-json\/wp\/v2\/posts\/615","targetHints":{"allow":["GET"]}}],"collection":[{"href":"https:\/\/www.valenciablue.com\/es\/wp-json\/wp\/v2\/posts"}],"about":[{"href":"https:\/\/www.valenciablue.com\/es\/wp-json\/wp\/v2\/types\/post"}],"author":[{"embeddable":true,"href":"https:\/\/www.valenciablue.com\/es\/wp-json\/wp\/v2\/users\/2"}],"replies":[{"embeddable":true,"href":"https:\/\/www.valenciablue.com\/es\/wp-json\/wp\/v2\/comments?post=615"}],"version-history":[{"count":8,"href":"https:\/\/www.valenciablue.com\/es\/wp-json\/wp\/v2\/posts\/615\/revisions"}],"predecessor-version":[{"id":683,"href":"https:\/\/www.valenciablue.com\/es\/wp-json\/wp\/v2\/posts\/615\/revisions\/683"}],"wp:featuredmedia":[{"embeddable":true,"href":"https:\/\/www.valenciablue.com\/es\/wp-json\/wp\/v2\/media\/643"}],"wp:attachment":[{"href":"https:\/\/www.valenciablue.com\/es\/wp-json\/wp\/v2\/media?parent=615"}],"wp:term":[{"taxonomy":"category","embeddable":true,"href":"https:\/\/www.valenciablue.com\/es\/wp-json\/wp\/v2\/categories?post=615"},{"taxonomy":"post_tag","embeddable":true,"href":"https:\/\/www.valenciablue.com\/es\/wp-json\/wp\/v2\/tags?post=615"}],"curies":[{"name":"gracias","href":"https:\/\/api.w.org\/{rel}","templated":true}]}}