{"id":452,"date":"2024-03-27T16:01:42","date_gmt":"2024-03-27T16:01:42","guid":{"rendered":"https:\/\/www.valenciablue.com\/?p=452"},"modified":"2024-08-16T13:36:33","modified_gmt":"2024-08-16T13:36:33","slug":"is-it-possible-to-travel-in-texas-like-spain","status":"publish","type":"post","link":"https:\/\/www.valenciablue.com\/es\/is-it-possible-to-travel-in-texas-like-spain\/","title":{"rendered":"Viajar de forma civilizada y responsable con el medio ambiente"},"content":{"rendered":"<blockquote class=\"wp-block-quote is-layout-flow wp-block-quote-is-layout-flow\">\n<p><em>T\u00fa ves cosas y dices \u00bfpor qu\u00e9? Pero yo sue\u00f1o cosas que nunca fueron y digo \u00bfpor qu\u00e9 no?<\/em><\/p>\n<cite>George Bernard Shaw<\/cite><\/blockquote>\n\n\n\n<h2 class=\"wp-block-heading\">Meditando a m\u00e1s de 200 kil\u00f3metros por hora<\/h2>\n\n\n\n<div class=\"wp-block-media-text is-stacked-on-mobile\" style=\"grid-template-columns:32% auto\"><figure class=\"wp-block-media-text__media\"><img data-opt-id=1438285536  fetchpriority=\"high\" decoding=\"async\" width=\"1200\" height=\"1200\" src=\"https:\/\/mlr04w2evrow.i.optimole.com\/cb:O59K.20376\/w:auto\/h:auto\/q:mauto\/f:best\/id:6613085ec926251c3bc6beae53d0b3bf\/https:\/\/www.valenciablue.com\/inline-square-300kph.jpg\" alt=\"Sign in railway coach showing speed of 301 kph\" class=\"wp-image-453 size-full\"\/><\/figure><div class=\"wp-block-media-text__content\">\n<p>Un viaje reciente a Barcelona de <a href=\"https:\/\/www.renfe.com\/es\/en\" target=\"_blank\" rel=\"noopener\" title=\"Renfe.com\">Renfe<\/a> Me hizo pensar de nuevo en c\u00f3mo funcionar\u00eda esto en el lugar de donde vengo. Es decir: \u00bfes posible tener trenes de alta velocidad en Texas? Ya he elogiado las virtudes de los viajes en tren antes y quer\u00eda poner esto en perspectiva para los tejanos. <br><br>No se trata de una diatriba sobre el tren de cercan\u00edas. S\u00e9 que la mayor\u00eda de las ciudades de Estados Unidos se caracterizan por una baja densidad de poblaci\u00f3n que hace que gran parte de ese sistema sea poco pr\u00e1ctico. Echar un vistazo a c\u00f3mo las \u00e1reas metropolitanas de Texas est\u00e1n distribuidas de manera similar a las ciudades espa\u00f1olas es \u00fatil para el servicio de trenes de pasajeros de larga distancia. No se preocupen, esto no va a estar lleno de investigaciones complicadas y profundas. Si lo desean, pueden hacer clic en los enlaces del texto para obtener m\u00e1s informaci\u00f3n.<\/p>\n<\/div><\/div>\n\n\n\n<h2 class=\"wp-block-heading\">Algunos datos demogr\u00e1ficos<\/h2>\n\n\n\n<div class=\"wp-block-media-text is-stacked-on-mobile\" style=\"grid-template-columns:32% auto\"><figure class=\"wp-block-media-text__media\"><img data-opt-id=176599001  fetchpriority=\"high\" decoding=\"async\" width=\"1200\" height=\"1200\" src=\"https:\/\/mlr04w2evrow.i.optimole.com\/cb:O59K.20376\/w:auto\/h:auto\/q:mauto\/f:best\/id:7fca432567b9fca775d5d53e61782d86\/https:\/\/www.valenciablue.com\/true-size-texas-spain-size-comparison-screenshot.png\" alt=\"Overlay of Texas map over Spain\" class=\"wp-image-455 size-full\"\/><\/figure><div class=\"wp-block-media-text__content\">\n<p>Texas se trata de <a href=\"https:\/\/www.mylifeelsewhere.com\/country-size-comparison\/spain\/texas-usa\" target=\"_blank\" rel=\"noopener\" title=\"Espa\u00f1a es aproximadamente 1,3 veces m\u00e1s peque\u00f1a que Texas\">1,3 veces m\u00e1s grande que Espa\u00f1a<\/a>El pa\u00eds <a href=\"https:\/\/www.cia.gov\/the-world-factbook\/countries\/spain\/\" target=\"_blank\" rel=\"noopener\" title=\"Libro de datos de la CIA\">poblaci\u00f3n total de 47 millones (estimaci\u00f3n de 2023)<\/a>) se compara con Texas <a href=\"https:\/\/datacommons.org\/place\/geoId\/48?hl=en&amp;mprop=count&amp;popt=Person\" target=\"_blank\" rel=\"noopener\" title=\"Datos comunes - Texas\">30 millones de habitantes en 2022<\/a>Al igual que el oeste de Texas, un <a href=\"https:\/\/www.areweeurope.com\/stories\/empty-spain\/\" target=\"_blank\" rel=\"noopener\" title=\"\u00bfSomos Europa? - \u201cLa Espa\u00f1a vac\u00eda\u201d\">Gran parte del interior de Espa\u00f1a<\/a> Est\u00e1 en gran parte deshabitada o en proceso de despoblaci\u00f3n.<br><br>Las \u00e1reas metropolitanas de Madrid, Barcelona y Valencia, <a href=\"https:\/\/en.wikipedia.org\/wiki\/List_of_metropolitan_areas_in_Spain\" target=\"_blank\" rel=\"noopener\" title=\"Wikipedia - Lista de \u00e1reas metropolitanas de Espa\u00f1a\">seg\u00fan las cifras aqu\u00ed<\/a>Se estima de manera conservadora que la poblaci\u00f3n total es de unos 12 millones de personas. Por el contrario, la \u201c<a href=\"https:\/\/www.facebook.com\/groups\/AllThingsTexasGroup\/permalink\/2648251755349309\/\" target=\"_blank\" rel=\"noopener\" title=\"Facebook - Grupo Todo sobre Texas\">Tri\u00e1ngulo de Texas<\/a>\u201d, que cubre el \u00e1rea entre Dallas-Fort Worth, Houston, San Antonio y Austin, tiene 21 millones. S\u00ed, no todas esas personas viven dentro de las \u00e1reas metropolitanas de las ciudades m\u00e1s grandes; yo dir\u00eda que hay alrededor de 19 millones de residentes, m\u00e1s o menos, a lo largo de la ruta.<\/p>\n<\/div><\/div>\n\n\n\n<p>Finalmente, en la marca de 8:50 en este <a href=\"https:\/\/www.youtube.com\/watch?v=wfxJhX8Y4QI\" target=\"_blank\" rel=\"noopener\" title=\"YouTube: El ferrocarril de pasajeros en Estados Unidos frente al de Espa\u00f1a: prep\u00e1rese para una gran decepci\u00f3n\">V\u00eddeo de YouTube<\/a> es una buena comparaci\u00f3n de las opciones ferroviarias de Espa\u00f1a con el servicio actual de EE. UU. Si no has visto <a href=\"https:\/\/www.youtube.com\/@CityNerd\" target=\"_blank\" rel=\"noopener\" title=\"Canal de YouTube CityNerd\">Canal de YouTube de CityNerd<\/a> Antes, es realmente esclarecedor.<\/p>\n\n\n\n<p>S\u00ed, admito que no citar\u00eda la mayor\u00eda de las fuentes mencionadas anteriormente para un art\u00edculo acad\u00e9mico. Sin embargo, es un punto de partida para encontrar el material fuente que confirme el contexto y la idoneidad. Y para un experimento mental, es lo suficientemente preciso.<\/p>\n\n\n\n<h2 class=\"wp-block-heading\">\u00bfD\u00f3nde funcionar\u00eda en Texas?<\/h2>\n\n\n\n<figure class=\"wp-block-image size-large\"><img data-opt-id=1874467549  fetchpriority=\"high\" decoding=\"async\" width=\"1400\" height=\"1125\" src=\"https:\/\/mlr04w2evrow.i.optimole.com\/cb:O59K.20376\/w:auto\/h:auto\/q:mauto\/f:best\/id:c95587fe94f15e1e35ba508274dff4ea\/https:\/\/www.valenciablue.com\/image.png\" alt=\"\" class=\"wp-image-468\"\/><\/figure>\n\n\n\n<p>S\u00e9 que el plan ferroviario de dos etapas de Texas, una conexi\u00f3n de Houston a Dallas-Fort Worth, es <a href=\"https:\/\/www.texasmonthly.com\/news-politics\/amtrak-txdot-passenger-train-high-speed-rail\/\">Enfrentando oposici\u00f3n<\/a>Gran parte de la resistencia parece tener su origen en dos frentes: los NIMBY (Not In My BackYard) manifiestos y los intereses comerciales sutiles (\u00a1te estoy mirando a ti, Southwest Airlines!).<\/p>\n\n\n\n<p>A medida que el cambio clim\u00e1tico nos obliga a tomar decisiones, \u00bfpodemos seguir utilizando el transporte a\u00e9reo altamente contaminante para vuelos de distancias relativamente cortas, de aproximadamente una hora? \u00bfO la tecnolog\u00eda nos salvar\u00e1 de esa elecci\u00f3n mediante la creaci\u00f3n de aviones el\u00e9ctricos o de combustibles alternativos que operen en esas rutas? Si hay algo posible, \u00bfqu\u00e9 es probable? Actualmente, Espa\u00f1a est\u00e1 <a href=\"https:\/\/www.eraa.org\/proposed-ban-short-haul-flights-spain#:~:text=4%20March%202024%3A%20Spain's%20coalition,and%20a%20half%20hours%20instead.\" target=\"_blank\" rel=\"noopener\" title=\"Espa\u00f1a planea prohibir los vuelos de corta distancia\">considerando la prohibici\u00f3n de vuelos<\/a> en rutas que tambi\u00e9n son atendidas por trenes con un tiempo de viaje inferior a 2 horas y media. A esto contribuye el hecho de que ya existe una extensa red ferroviaria.<\/p>\n\n\n\n<h2 class=\"wp-block-heading\">C\u00f3mo llegar desde aqu\u00ed<\/h2>\n\n\n\n<div class=\"wp-block-media-text is-stacked-on-mobile\" style=\"grid-template-columns:33% auto\"><figure class=\"wp-block-media-text__media\"><img data-opt-id=695752497  data-opt-src=\"https:\/\/mlr04w2evrow.i.optimole.com\/cb:O59K.20376\/w:auto\/h:auto\/q:mauto\/f:best\/https:\/\/www.valenciablue.com\/wp-content\/uploads\/2024\/03\/square-estacion-nord-am.jpg\"  decoding=\"async\" width=\"1200\" height=\"1200\" src=\"data:image/svg+xml,%3Csvg%20viewBox%3D%220%200%20100%%20100%%22%20width%3D%22100%%22%20height%3D%22100%%22%20xmlns%3D%22http%3A%2F%2Fwww.w3.org%2F2000%2Fsvg%22%3E%3Crect%20width%3D%22100%%22%20height%3D%22100%%22%20fill%3D%22transparent%22%2F%3E%3C%2Fsvg%3E\" alt=\"Estaci\u00f3 del Nord in Valencia exterior at night\" class=\"wp-image-457 size-full\"\/><\/figure><div class=\"wp-block-media-text__content\">\n<p>Mi viaje de un d\u00eda en tren a Barcelona empez\u00f3 a las 6:50 am y regres\u00e9 a Valencia antes de las 10:00 pm y me cost\u00f3 $93.21. A modo de comparaci\u00f3n, un boleto de avi\u00f3n entre SAT y HOU, comprado con dos semanas de anticipaci\u00f3n, cuesta aproximadamente $300, seg\u00fan Google. Estoy usando ese lapso de tiempo porque es con cu\u00e1nta anticipaci\u00f3n compr\u00e9 mis boletos de tren.<\/p>\n<\/div><\/div>\n\n\n\n<p>S\u00ed, hay vuelos m\u00e1s baratos o opciones de conducci\u00f3n y la comparaci\u00f3n es para una reserva con dos semanas de antelaci\u00f3n. El tiempo de vuelo en la ruta de San Antonio a Houston es de poco m\u00e1s de una hora. Si se tiene en cuenta el tiempo de conducci\u00f3n, el aparcamiento (o la entrega), las colas de seguridad y el tiempo de tr\u00e1fico hasta el centro de la ciudad desde el aeropuerto, dir\u00eda que se trata del mismo tiempo exacto que las tres horas en tren. Y la conexi\u00f3n VLC-BCN no es la m\u00e1s r\u00e1pida. Curiosamente, puedo llegar a Madrid m\u00e1s r\u00e1pido, que es aproximadamente la misma distancia. Esa es una historia para otro d\u00eda.<\/p>\n\n\n\n<p>La idea de construir y reconstruir autopistas para dar cabida a m\u00e1s tr\u00e1fico no contribuye a aliviar la congesti\u00f3n. Si se construyen, cada vez habr\u00e1 m\u00e1s tr\u00e1fico. Si a esto le sumamos las externalidades de la contaminaci\u00f3n, el tiempo perdido en el tr\u00e1fico y la expansi\u00f3n urbana, tenemos una ecuaci\u00f3n que dice: <a href=\"https:\/\/www.nytimes.com\/2023\/01\/06\/us\/widen-highways-traffic.html\" target=\"_blank\" rel=\"noopener\" title=\"The New York Times: La ampliaci\u00f3n de las autopistas no soluciona el problema del tr\u00e1fico. \u00bfPor qu\u00e9 seguimos haci\u00e9ndolo?\">No cuadra<\/a>M\u00e1s carriles en las autopistas generan m\u00e1s tr\u00e1fico vehicular y, con el tiempo, hacen que el tiempo de viaje vuelva a ser lento como antes.<\/p>\n\n\n\n<p>Econ\u00f3micamente y <a href=\"https:\/\/www.greenguides.net\/post\/trains-reduce-carbon-footprint\" target=\"_blank\" rel=\"noopener\" title=\"Por qu\u00e9 viajar en tren es bueno para el medio ambiente\">ambientalmente<\/a> El uso del tren tiene sentido. Texas es la tierra de los grandes espacios y las grandes ideas. Es el pensamiento a corto plazo de la pol\u00edtica del &quot;qu\u00e9 hay para m\u00ed&quot; lo que impide los beneficios a largo plazo del cambio. Los visitantes me dicen lo impresionados que est\u00e1n con los trenes en Espa\u00f1a. Luego, al instante, dicen &quot;pero nunca funcionar\u00e1 en los EE. UU.&quot; En gran parte, eso es cierto para las ciudades m\u00e1s peque\u00f1as. Con el crecimiento de la <a href=\"https:\/\/eu.statesman.com\/story\/news\/history\/2023\/09\/12\/mega-metro-austin-san-antonio-corridor-metropolitan-area-growth-what-we-know-about-alamo-city\/70761158007\/\" target=\"_blank\" rel=\"noopener\" title=\"Austin American-Statesman: Nos vemos en San Austin: es hora de explorar la idea de una &quot;mega-metro&quot; Austin-San Antonio\">mega-metro<\/a> Es una idea que debe considerarse como parte del panorama general de c\u00f3mo nos desplazamos en el estado de la Estrella Solitaria.<\/p>","protected":false},"excerpt":{"rendered":"<p>Un viaje reciente a Barcelona realizado por Renfe me hizo pensar de nuevo en c\u00f3mo funcionar\u00edan los trenes de alta velocidad en Texas.<\/p>","protected":false},"author":2,"featured_media":459,"comment_status":"open","ping_status":"closed","sticky":false,"template":"","format":"standard","meta":{"advanced_seo_description":"","jetpack_seo_html_title":"","jetpack_seo_noindex":false,"jetpack_post_was_ever_published":false,"_jetpack_newsletter_access":"","_jetpack_dont_email_post_to_subs":false,"_jetpack_newsletter_tier_id":0,"_jetpack_memberships_contains_paywalled_content":false,"_jetpack_memberships_contains_paid_content":false,"footnotes":"","jetpack_publicize_message":"You see things; and you say Why? But I dream things that never were; and I say Why not?\n- George Bernard Shaw","jetpack_publicize_feature_enabled":true,"jetpack_social_post_already_shared":false,"jetpack_social_options":{"image_generator_settings":{"template":"highway","default_image_id":0,"font":"","enabled":false},"version":2}},"categories":[1,9],"tags":[33,31,32,30],"class_list":["post-452","post","type-post","status-publish","format-standard","has-post-thumbnail","hentry","category-daily-life","category-updates","tag-environmental-travel","tag-hight-speed-rail","tag-spanish-trains","tag-train-travel"],"jetpack_publicize_connections":[],"jetpack_featured_media_url":"https:\/\/mlr04w2evrow.i.optimole.com\/cb:O59K.20376\/w:1200\/h:900\/q:mauto\/f:best\/id:ecf91576ee7e0abea39b4d16c653d5ea\/https:\/\/www.valenciablue.com\/featured-image-high-speed-trains.jpg","jetpack-related-posts":[{"id":744,"url":"https:\/\/www.valenciablue.com\/es\/youre-going-to-confront-it-eventually-spanish-bureaucracy\/","url_meta":{"origin":452,"position":0},"title":"Al final te vas a enfrentar a ello: la burocracia espa\u00f1ola","author":"Admin","date":"09\/12\/2024","format":false,"excerpt":"La molestia de tratar con un funcionario del gobierno en un idioma con el que no estoy familiarizado...","rel":"","context":"En \u00abDaily life\u00bb","block_context":{"text":"Daily life","link":"https:\/\/www.valenciablue.com\/es\/category\/daily-life\/"},"img":{"alt_text":"A wait number over a form to be filled out.","src":"https:\/\/mlr04w2evrow.i.optimole.com\/cb:O59K.20376\/w:auto\/h:auto\/q:mauto\/f:best\/https:\/\/i0.wp.com\/mlr04w2evrow.i.optimole.com\/w%3A1200\/h%3A900\/q%3Amauto\/process%3A748\/id%3A601e0dba352a31406a2bfec2af00ac7d\/https%3A\/\/www.valenciablue.com\/solicitud-vlc.jpg?resize=350%2C200&ssl=1","width":350,"height":200,"srcset":"https:\/\/mlr04w2evrow.i.optimole.com\/cb:O59K.20376\/w:auto\/h:auto\/q:mauto\/f:best\/https:\/\/i0.wp.com\/mlr04w2evrow.i.optimole.com\/w%3A1200\/h%3A900\/q%3Amauto\/process%3A748\/id%3A601e0dba352a31406a2bfec2af00ac7d\/https%3A\/\/www.valenciablue.com\/solicitud-vlc.jpg?resize=350%2C200&ssl=1 1x, https:\/\/mlr04w2evrow.i.optimole.com\/cb:O59K.20376\/w:auto\/h:auto\/q:mauto\/f:best\/https:\/\/i0.wp.com\/mlr04w2evrow.i.optimole.com\/w%3A1200\/h%3A900\/q%3Amauto\/process%3A748\/id%3A601e0dba352a31406a2bfec2af00ac7d\/https%3A\/\/www.valenciablue.com\/solicitud-vlc.jpg?resize=525%2C300&ssl=1 1.5x, https:\/\/mlr04w2evrow.i.optimole.com\/cb:O59K.20376\/w:auto\/h:auto\/q:mauto\/f:best\/https:\/\/i0.wp.com\/mlr04w2evrow.i.optimole.com\/w%3A1200\/h%3A900\/q%3Amauto\/process%3A748\/id%3A601e0dba352a31406a2bfec2af00ac7d\/https%3A\/\/www.valenciablue.com\/solicitud-vlc.jpg?resize=700%2C400&ssl=1 2x, https:\/\/mlr04w2evrow.i.optimole.com\/cb:O59K.20376\/w:auto\/h:auto\/q:mauto\/f:best\/https:\/\/i0.wp.com\/mlr04w2evrow.i.optimole.com\/w%3A1200\/h%3A900\/q%3Amauto\/process%3A748\/id%3A601e0dba352a31406a2bfec2af00ac7d\/https%3A\/\/www.valenciablue.com\/solicitud-vlc.jpg?resize=1050%2C600&ssl=1 3x"},"classes":[]},{"id":1351,"url":"https:\/\/www.valenciablue.com\/es\/living-your-best-life-inconveniently\/","url_meta":{"origin":452,"position":1},"title":"Vivir tu mejor vida de forma inc\u00f3moda","author":"Admin","date":"23\/01\/2026","format":false,"excerpt":"Muchos visitantes de Europa y otros pa\u00edses se maravillan de la facilidad para caminar en las ciudades. Sin embargo, al regresar a sus pa\u00edses de origen, regresan r\u00e1pidamente a su vida centrada en el coche.","rel":"","context":"En \u00abDaily life\u00bb","block_context":{"text":"Daily life","link":"https:\/\/www.valenciablue.com\/es\/category\/daily-life\/"},"img":{"alt_text":"Pedestrians surround a stationary woman wearing an orange backpack.","src":"https:\/\/mlr04w2evrow.i.optimole.com\/cb:O59K.20376\/w:auto\/h:auto\/q:mauto\/f:best\/https:\/\/i0.wp.com\/mlr04w2evrow.i.optimole.com\/w%3A1200\/h%3A900\/q%3Amauto\/process%3A1348\/id%3A4e620a3cf1597edb5e9c05d801b4cbfd\/https%3A\/\/www.valenciablue.com\/pedestrians.jpg?resize=350%2C200&ssl=1","width":350,"height":200,"srcset":"https:\/\/mlr04w2evrow.i.optimole.com\/cb:O59K.20376\/w:auto\/h:auto\/q:mauto\/f:best\/https:\/\/i0.wp.com\/mlr04w2evrow.i.optimole.com\/w%3A1200\/h%3A900\/q%3Amauto\/process%3A1348\/id%3A4e620a3cf1597edb5e9c05d801b4cbfd\/https%3A\/\/www.valenciablue.com\/pedestrians.jpg?resize=350%2C200&ssl=1 1x, https:\/\/mlr04w2evrow.i.optimole.com\/cb:O59K.20376\/w:auto\/h:auto\/q:mauto\/f:best\/https:\/\/i0.wp.com\/mlr04w2evrow.i.optimole.com\/w%3A1200\/h%3A900\/q%3Amauto\/process%3A1348\/id%3A4e620a3cf1597edb5e9c05d801b4cbfd\/https%3A\/\/www.valenciablue.com\/pedestrians.jpg?resize=525%2C300&ssl=1 1.5x, https:\/\/mlr04w2evrow.i.optimole.com\/cb:O59K.20376\/w:auto\/h:auto\/q:mauto\/f:best\/https:\/\/i0.wp.com\/mlr04w2evrow.i.optimole.com\/w%3A1200\/h%3A900\/q%3Amauto\/process%3A1348\/id%3A4e620a3cf1597edb5e9c05d801b4cbfd\/https%3A\/\/www.valenciablue.com\/pedestrians.jpg?resize=700%2C400&ssl=1 2x, https:\/\/mlr04w2evrow.i.optimole.com\/cb:O59K.20376\/w:auto\/h:auto\/q:mauto\/f:best\/https:\/\/i0.wp.com\/mlr04w2evrow.i.optimole.com\/w%3A1200\/h%3A900\/q%3Amauto\/process%3A1348\/id%3A4e620a3cf1597edb5e9c05d801b4cbfd\/https%3A\/\/www.valenciablue.com\/pedestrians.jpg?resize=1050%2C600&ssl=1 3x"},"classes":[]},{"id":615,"url":"https:\/\/www.valenciablue.com\/es\/bicycling-in-the-valencian-countryside\/","url_meta":{"origin":452,"position":2},"title":"En bicicleta por el campo valenciano","author":"Admin","date":"20\/09\/2024","format":false,"excerpt":"Los temas de mis im\u00e1genes suelen ser objetos cotidianos. Me intrigan, por ejemplo, las estructuras que se encuentran en medio de las rotondas cuando uno entra a la ciudad.","rel":"","context":"En \u00abDaily life\u00bb","block_context":{"text":"Daily life","link":"https:\/\/www.valenciablue.com\/es\/category\/daily-life\/"},"img":{"alt_text":"Spanish word \"Vamos\" spraypainted on brick wall behind bicycle.","src":"https:\/\/mlr04w2evrow.i.optimole.com\/cb:O59K.20376\/w:auto\/h:auto\/q:mauto\/f:best\/https:\/\/i0.wp.com\/mlr04w2evrow.i.optimole.com\/w%3A1200\/h%3A900\/q%3Amauto\/process%3A643\/id%3A101275d86da7307415db500d3cbd905d\/https%3A\/\/www.valenciablue.com\/vamos-and-bicycle.jpg?resize=350%2C200&ssl=1","width":350,"height":200,"srcset":"https:\/\/mlr04w2evrow.i.optimole.com\/cb:O59K.20376\/w:auto\/h:auto\/q:mauto\/f:best\/https:\/\/i0.wp.com\/mlr04w2evrow.i.optimole.com\/w%3A1200\/h%3A900\/q%3Amauto\/process%3A643\/id%3A101275d86da7307415db500d3cbd905d\/https%3A\/\/www.valenciablue.com\/vamos-and-bicycle.jpg?resize=350%2C200&ssl=1 1x, https:\/\/mlr04w2evrow.i.optimole.com\/cb:O59K.20376\/w:auto\/h:auto\/q:mauto\/f:best\/https:\/\/i0.wp.com\/mlr04w2evrow.i.optimole.com\/w%3A1200\/h%3A900\/q%3Amauto\/process%3A643\/id%3A101275d86da7307415db500d3cbd905d\/https%3A\/\/www.valenciablue.com\/vamos-and-bicycle.jpg?resize=525%2C300&ssl=1 1.5x, https:\/\/mlr04w2evrow.i.optimole.com\/cb:O59K.20376\/w:auto\/h:auto\/q:mauto\/f:best\/https:\/\/i0.wp.com\/mlr04w2evrow.i.optimole.com\/w%3A1200\/h%3A900\/q%3Amauto\/process%3A643\/id%3A101275d86da7307415db500d3cbd905d\/https%3A\/\/www.valenciablue.com\/vamos-and-bicycle.jpg?resize=700%2C400&ssl=1 2x, https:\/\/mlr04w2evrow.i.optimole.com\/cb:O59K.20376\/w:auto\/h:auto\/q:mauto\/f:best\/https:\/\/i0.wp.com\/mlr04w2evrow.i.optimole.com\/w%3A1200\/h%3A900\/q%3Amauto\/process%3A643\/id%3A101275d86da7307415db500d3cbd905d\/https%3A\/\/www.valenciablue.com\/vamos-and-bicycle.jpg?resize=1050%2C600&ssl=1 3x"},"classes":[]},{"id":475,"url":"https:\/\/www.valenciablue.com\/es\/suddenly-just-like-that-im-an-empty-nester\/","url_meta":{"origin":452,"position":3},"title":"De repente, as\u00ed como as\u00ed, soy un nido vac\u00edo.","author":"Admin","date":"12\/04\/2024","format":false,"excerpt":"El D\u00eda del Padre en Espa\u00f1a, mi hijo regres\u00f3 a los EE. UU. Su mam\u00e1 lo acompa\u00f1a, as\u00ed que me qued\u00e9 en Valencia, solo. Bueno, con los gatos de todos modos.","rel":"","context":"En \u00abDaily life\u00bb","block_context":{"text":"Daily life","link":"https:\/\/www.valenciablue.com\/es\/category\/daily-life\/"},"img":{"alt_text":"Statue of St. Joseph against a cloudy sky.","src":"https:\/\/mlr04w2evrow.i.optimole.com\/cb:O59K.20376\/w:auto\/h:auto\/q:mauto\/f:best\/https:\/\/i0.wp.com\/mlr04w2evrow.i.optimole.com\/w%3A1200\/h%3A900\/q%3Amauto\/process%3A477\/id%3Ab4eba8a48b0311a6f021c10d58689bac\/https%3A\/\/www.valenciablue.com\/san-jose-patron-saint-las-fallas.jpg?resize=350%2C200&ssl=1","width":350,"height":200,"srcset":"https:\/\/mlr04w2evrow.i.optimole.com\/cb:O59K.20376\/w:auto\/h:auto\/q:mauto\/f:best\/https:\/\/i0.wp.com\/mlr04w2evrow.i.optimole.com\/w%3A1200\/h%3A900\/q%3Amauto\/process%3A477\/id%3Ab4eba8a48b0311a6f021c10d58689bac\/https%3A\/\/www.valenciablue.com\/san-jose-patron-saint-las-fallas.jpg?resize=350%2C200&ssl=1 1x, https:\/\/mlr04w2evrow.i.optimole.com\/cb:O59K.20376\/w:auto\/h:auto\/q:mauto\/f:best\/https:\/\/i0.wp.com\/mlr04w2evrow.i.optimole.com\/w%3A1200\/h%3A900\/q%3Amauto\/process%3A477\/id%3Ab4eba8a48b0311a6f021c10d58689bac\/https%3A\/\/www.valenciablue.com\/san-jose-patron-saint-las-fallas.jpg?resize=525%2C300&ssl=1 1.5x, https:\/\/mlr04w2evrow.i.optimole.com\/cb:O59K.20376\/w:auto\/h:auto\/q:mauto\/f:best\/https:\/\/i0.wp.com\/mlr04w2evrow.i.optimole.com\/w%3A1200\/h%3A900\/q%3Amauto\/process%3A477\/id%3Ab4eba8a48b0311a6f021c10d58689bac\/https%3A\/\/www.valenciablue.com\/san-jose-patron-saint-las-fallas.jpg?resize=700%2C400&ssl=1 2x, https:\/\/mlr04w2evrow.i.optimole.com\/cb:O59K.20376\/w:auto\/h:auto\/q:mauto\/f:best\/https:\/\/i0.wp.com\/mlr04w2evrow.i.optimole.com\/w%3A1200\/h%3A900\/q%3Amauto\/process%3A477\/id%3Ab4eba8a48b0311a6f021c10d58689bac\/https%3A\/\/www.valenciablue.com\/san-jose-patron-saint-las-fallas.jpg?resize=1050%2C600&ssl=1 3x"},"classes":[]},{"id":979,"url":"https:\/\/www.valenciablue.com\/es\/then-the-lights-went-out\/","url_meta":{"origin":452,"position":4},"title":"Entonces las luces se apagaron","author":"Admin","date":"29\/04\/2025","format":false,"excerpt":"\u00bfQu\u00e9 pas\u00f3? En ese momento no lo sab\u00eda. Y lo que es m\u00e1s importante, no me fue f\u00e1cil averiguarlo. Mi tel\u00e9fono dej\u00f3 de funcionar como dispositivo de telecomunicaciones.","rel":"","context":"En \u00abDaily life\u00bb","block_context":{"text":"Daily life","link":"https:\/\/www.valenciablue.com\/es\/category\/daily-life\/"},"img":{"alt_text":"A stop light and pedestrian crossing light on a pole without power","src":"https:\/\/mlr04w2evrow.i.optimole.com\/cb:O59K.20376\/w:auto\/h:auto\/q:mauto\/f:best\/https:\/\/i0.wp.com\/mlr04w2evrow.i.optimole.com\/w%3A1200\/h%3A900\/q%3Amauto\/process%3A987\/id%3Aa3caab36c6a2748bf2b2052ed776f2a4\/https%3A\/\/www.valenciablue.com\/power-out-walk-sign.jpg?resize=350%2C200&ssl=1","width":350,"height":200,"srcset":"https:\/\/mlr04w2evrow.i.optimole.com\/cb:O59K.20376\/w:auto\/h:auto\/q:mauto\/f:best\/https:\/\/i0.wp.com\/mlr04w2evrow.i.optimole.com\/w%3A1200\/h%3A900\/q%3Amauto\/process%3A987\/id%3Aa3caab36c6a2748bf2b2052ed776f2a4\/https%3A\/\/www.valenciablue.com\/power-out-walk-sign.jpg?resize=350%2C200&ssl=1 1x, https:\/\/mlr04w2evrow.i.optimole.com\/cb:O59K.20376\/w:auto\/h:auto\/q:mauto\/f:best\/https:\/\/i0.wp.com\/mlr04w2evrow.i.optimole.com\/w%3A1200\/h%3A900\/q%3Amauto\/process%3A987\/id%3Aa3caab36c6a2748bf2b2052ed776f2a4\/https%3A\/\/www.valenciablue.com\/power-out-walk-sign.jpg?resize=525%2C300&ssl=1 1.5x, https:\/\/mlr04w2evrow.i.optimole.com\/cb:O59K.20376\/w:auto\/h:auto\/q:mauto\/f:best\/https:\/\/i0.wp.com\/mlr04w2evrow.i.optimole.com\/w%3A1200\/h%3A900\/q%3Amauto\/process%3A987\/id%3Aa3caab36c6a2748bf2b2052ed776f2a4\/https%3A\/\/www.valenciablue.com\/power-out-walk-sign.jpg?resize=700%2C400&ssl=1 2x, https:\/\/mlr04w2evrow.i.optimole.com\/cb:O59K.20376\/w:auto\/h:auto\/q:mauto\/f:best\/https:\/\/i0.wp.com\/mlr04w2evrow.i.optimole.com\/w%3A1200\/h%3A900\/q%3Amauto\/process%3A987\/id%3Aa3caab36c6a2748bf2b2052ed776f2a4\/https%3A\/\/www.valenciablue.com\/power-out-walk-sign.jpg?resize=1050%2C600&ssl=1 3x"},"classes":[]},{"id":1222,"url":"https:\/\/www.valenciablue.com\/es\/planning-your-life-in-spain-what-you-did-not-expect\/","url_meta":{"origin":452,"position":5},"title":"Planificando tu vida en Espa\u00f1a; lo que no esperabas","author":"Admin","date":"20\/10\/2025","format":false,"excerpt":"Sinceramente, no sabes c\u00f3mo es vivir en un lugar a menos que lo hagas. Es decir, un viaje corto de reconocimiento no es suficiente.","rel":"","context":"En \u00abDaily life\u00bb","block_context":{"text":"Daily life","link":"https:\/\/www.valenciablue.com\/es\/category\/daily-life\/"},"img":{"alt_text":"Las Fallas fireworks exploding over a city street.","src":"https:\/\/mlr04w2evrow.i.optimole.com\/cb:O59K.20376\/w:auto\/h:auto\/q:mauto\/f:best\/https:\/\/i0.wp.com\/mlr04w2evrow.i.optimole.com\/w%3A1200\/h%3A900\/q%3Amauto\/process%3A1224\/id%3Ab6b394aaf30d3a74860bd6ba89622f1e\/https%3A\/\/www.valenciablue.com\/vlc-las-fallas-fireworks.jpg?resize=350%2C200&ssl=1","width":350,"height":200,"srcset":"https:\/\/mlr04w2evrow.i.optimole.com\/cb:O59K.20376\/w:auto\/h:auto\/q:mauto\/f:best\/https:\/\/i0.wp.com\/mlr04w2evrow.i.optimole.com\/w%3A1200\/h%3A900\/q%3Amauto\/process%3A1224\/id%3Ab6b394aaf30d3a74860bd6ba89622f1e\/https%3A\/\/www.valenciablue.com\/vlc-las-fallas-fireworks.jpg?resize=350%2C200&ssl=1 1x, https:\/\/mlr04w2evrow.i.optimole.com\/cb:O59K.20376\/w:auto\/h:auto\/q:mauto\/f:best\/https:\/\/i0.wp.com\/mlr04w2evrow.i.optimole.com\/w%3A1200\/h%3A900\/q%3Amauto\/process%3A1224\/id%3Ab6b394aaf30d3a74860bd6ba89622f1e\/https%3A\/\/www.valenciablue.com\/vlc-las-fallas-fireworks.jpg?resize=525%2C300&ssl=1 1.5x, https:\/\/mlr04w2evrow.i.optimole.com\/cb:O59K.20376\/w:auto\/h:auto\/q:mauto\/f:best\/https:\/\/i0.wp.com\/mlr04w2evrow.i.optimole.com\/w%3A1200\/h%3A900\/q%3Amauto\/process%3A1224\/id%3Ab6b394aaf30d3a74860bd6ba89622f1e\/https%3A\/\/www.valenciablue.com\/vlc-las-fallas-fireworks.jpg?resize=700%2C400&ssl=1 2x, https:\/\/mlr04w2evrow.i.optimole.com\/cb:O59K.20376\/w:auto\/h:auto\/q:mauto\/f:best\/https:\/\/i0.wp.com\/mlr04w2evrow.i.optimole.com\/w%3A1200\/h%3A900\/q%3Amauto\/process%3A1224\/id%3Ab6b394aaf30d3a74860bd6ba89622f1e\/https%3A\/\/www.valenciablue.com\/vlc-las-fallas-fireworks.jpg?resize=1050%2C600&ssl=1 3x"},"classes":[]}],"jetpack_shortlink":"https:\/\/wp.me\/pftBvt-7i","jetpack_sharing_enabled":true,"jetpack_likes_enabled":true,"_links":{"self":[{"href":"https:\/\/www.valenciablue.com\/es\/wp-json\/wp\/v2\/posts\/452","targetHints":{"allow":["GET"]}}],"collection":[{"href":"https:\/\/www.valenciablue.com\/es\/wp-json\/wp\/v2\/posts"}],"about":[{"href":"https:\/\/www.valenciablue.com\/es\/wp-json\/wp\/v2\/types\/post"}],"author":[{"embeddable":true,"href":"https:\/\/www.valenciablue.com\/es\/wp-json\/wp\/v2\/users\/2"}],"replies":[{"embeddable":true,"href":"https:\/\/www.valenciablue.com\/es\/wp-json\/wp\/v2\/comments?post=452"}],"version-history":[{"count":13,"href":"https:\/\/www.valenciablue.com\/es\/wp-json\/wp\/v2\/posts\/452\/revisions"}],"predecessor-version":[{"id":470,"href":"https:\/\/www.valenciablue.com\/es\/wp-json\/wp\/v2\/posts\/452\/revisions\/470"}],"wp:featuredmedia":[{"embeddable":true,"href":"https:\/\/www.valenciablue.com\/es\/wp-json\/wp\/v2\/media\/459"}],"wp:attachment":[{"href":"https:\/\/www.valenciablue.com\/es\/wp-json\/wp\/v2\/media?parent=452"}],"wp:term":[{"taxonomy":"category","embeddable":true,"href":"https:\/\/www.valenciablue.com\/es\/wp-json\/wp\/v2\/categories?post=452"},{"taxonomy":"post_tag","embeddable":true,"href":"https:\/\/www.valenciablue.com\/es\/wp-json\/wp\/v2\/tags?post=452"}],"curies":[{"name":"gracias","href":"https:\/\/api.w.org\/{rel}","templated":true}]}}