{"id":376,"date":"2024-03-13T10:45:21","date_gmt":"2024-03-13T10:45:21","guid":{"rendered":"https:\/\/www.valenciablue.com\/?p=376"},"modified":"2024-08-16T13:36:35","modified_gmt":"2024-08-16T13:36:35","slug":"spanish-norms-for-dining-gyms-shopping-socializing","status":"publish","type":"post","link":"https:\/\/www.valenciablue.com\/es\/spanish-norms-for-dining-gyms-shopping-socializing\/","title":{"rendered":"Normas espa\u00f1olas para cenar, gimnasios, ir de compras y socializar"},"content":{"rendered":"<p>Aprender las normas de etiqueta espa\u00f1olas para comer, ir al gimnasio, ir de compras y socializar puede resultar confuso al principio. Algunas cosas se explican por s\u00ed solas, pero otras me desconciertan. Comprender el comportamiento educado ayudar\u00e1 mucho a evitar posibles errores. Las costumbres sociales espa\u00f1olas difieren a veces, pero aprender observando es mi estrategia preferida. Lo que he encontrado a continuaci\u00f3n no es en absoluto una lista exhaustiva y las experiencias difieren.<\/p>\n\n\n\n<h2 class=\"wp-block-heading\">Etiqueta en la mesa <\/h2>\n\n\n\n<p>Aqu\u00ed se observan conductas comunes, como esperar a que todos reciban su comida antes de comer. Sin embargo, no es una regla estricta. Una vez, estaba con mi grupo de ciclistas almorzando cuando mi <em>tostada y tomate con at\u00fan y anchoa<\/em> (esencialmente un <em>Bocadilla <\/em>Me trajeron un panecillo cortado a la mitad, tostado, cubierto con una capa de pur\u00e9 de tomate y cubierto con at\u00fan y anchoas. Por supuesto, esper\u00e9 a que llegaran los dem\u00e1s pedidos. Pero al verme esperando, mis compa\u00f1eros me dijeron que comenzara a comer; estaba bien.<\/p>\n\n\n\n<p>Recuerde tambi\u00e9n que las horas de comida no son horas punta. Existe el concepto de <em>sobremesa<\/em>, alrededor de la mesa, con mucha charla y sin prisas. Es un evento social prolongado. En una ocasi\u00f3n, est\u00e1bamos con un grupo grande y nos quedamos m\u00e1s de dos horas en un restaurante. Mientras tanto, los camareros trajeron las mesas y las sillas para preparar el cierre por la tarde. Pero dijeron que no hab\u00eda problema en que continu\u00e1ramos nuestra conversaci\u00f3n y nos qued\u00e1ramos en nuestra mesa despu\u00e9s del cierre.<\/p>\n\n\n\n<div class=\"wp-block-media-text is-stacked-on-mobile\"><figure class=\"wp-block-media-text__media\"><img data-opt-id=1041072579  fetchpriority=\"high\" decoding=\"async\" width=\"1024\" height=\"1024\" src=\"https:\/\/mlr04w2evrow.i.optimole.com\/co-ZpyQ--68q7o0v\/w:1024\/h:1024\/g:ce\/rt:fill\/cb:O59K.20376\/f:best\/q:mauto\/id:eed7aa0e3b7e27529343b34f6b9de09a\/directUpload\/almuerzo-ciclista-2022-10-01_11-22-13_825.webp\" alt=\"\" class=\"wp-image-424 size-full\"\/><\/figure><div class=\"wp-block-media-text__content\">\n<p><em>Desayuno<\/em> es el desayuno, que es un plato ligero que generalmente consiste en una taza de caf\u00e9 y un pastel (aunque he visto que tambi\u00e9n se consume cerveza y vino), luego est\u00e1 el <em>merienda<\/em> (merienda de media ma\u00f1ana) antes de la <em>Almuerzo<\/em> (almuerzo), que suele tener lugar entre la 1 y las 4 de la tarde. Por cierto, el almuerzo es la verdadera comida del d\u00eda y algunos restaurantes lo ofrecen. <em>Primeros<\/em> y <em>segundos platos<\/em> adem\u00e1s de <em>postre<\/em> (postre) y caf\u00e9. <em>La cena<\/em>La cena es una serie de peque\u00f1os platos (tapas) que se reparten a lo largo de varias horas al final de la noche. De esta manera, los clientes pueden moverse entre bares y restaurantes, comer y beber un poco en cada uno, reunirse con amigos y planificar el resto de las actividades de la noche.<\/p>\n<\/div><\/div>\n\n\n\n<p>En \u00faltima instancia, tenga cuidado con \u201c<em>La de la verg\u00fcenza<\/em>\u201d (el de la verg\u00fcenza) o el \u00faltimo bocado que queda en el plato. Como en Estados Unidos no se considera de buena educaci\u00f3n coger el \u00faltimo trozo. En Espa\u00f1a, normalmente alguien acabar\u00e1 con \u00e9l, no sin las bromas y los \u00e1nimos de los dem\u00e1s comensales.<\/p>\n\n\n\n<h2 class=\"wp-block-heading\">Etiqueta del gimnasio <\/h2>\n\n\n\n<p>No me considero un adicto al gimnasio en ning\u00fan caso. Hacer ejercicio es mi plan a largo plazo para mantener mi masa muscular y mi salud corporal. Al hacerlo, he aprendido un par de cosas sobre c\u00f3mo comportarme en un gimnasio. En Espa\u00f1a, es diferente en algunas \u00e1reas clave. Puede resultar desconcertante que alguien est\u00e9 rondando cerca de ti mientras haces tus series. Cuando terminas y despejas la m\u00e1quina, se abalanzan sobre ti para reclamarla.<\/p>\n\n\n\n<p>Luego hay que marcar el territorio, normalmente una m\u00e1quina, con una toalla o una botella de agua mientras se va a hacer otra actividad. Creo que la idea es asegurarse de que hagan sus ejercicios en orden, como con grupos musculares opuestos (por ejemplo, prensas de piernas seguidas de extensiones de isquiotibiales) y no quieren que ese flujo se interrumpa. <\/p>\n\n\n\n<p>Algunas similitudes con lo que ocurre en Estados Unidos son el acaparamiento de una serie de mancuernas como ardillas que recogen nueces para el invierno. He visto el estante de pesas completamente desmontado, con su contenido esparcido alrededor de un cliente sentado en un banco. Pens\u00e9 que lo correcto era tomar las pesas que necesitaba para esa serie y, despu\u00e9s de terminarla, devolverlas al estante. Luego, tomar las pesas siguientes de la secuencia.<\/p>\n\n\n\n<div class=\"wp-block-jetpack-slideshow aligncenter\" data-effect=\"slide\"><div class=\"wp-block-jetpack-slideshow_container swiper-container\"><ul class=\"wp-block-jetpack-slideshow_swiper-wrapper swiper-wrapper\"><li class=\"wp-block-jetpack-slideshow_slide swiper-slide\"><figure><img data-opt-id=1345876003  fetchpriority=\"high\" decoding=\"async\" width=\"1600\" height=\"900\" alt=\"Towel draped over seat of legpress machine.\" class=\"wp-block-jetpack-slideshow_image wp-image-442\" data-id=\"442\" src=\"https:\/\/mlr04w2evrow.i.optimole.com\/cb:O59K.20376\/w:auto\/h:auto\/q:mauto\/f:best\/id:ca5bac4389eabf0a92aca9d1797b575a\/https:\/\/www.valenciablue.com\/slideshow-gym-machine-towel.jpg\"\/><figcaption class=\"wp-block-jetpack-slideshow_caption gallery-caption\">La toalla marca el lugar donde regresar\u00e1 el propietario.<\/figcaption><\/figure><\/li><li class=\"wp-block-jetpack-slideshow_slide swiper-slide\"><figure><img data-opt-id=1775288862  fetchpriority=\"high\" decoding=\"async\" width=\"1600\" height=\"900\" alt=\"Empty spots for hand-weights.\" class=\"wp-block-jetpack-slideshow_image wp-image-430\" data-id=\"430\" src=\"https:\/\/mlr04w2evrow.i.optimole.com\/cb:O59K.20376\/w:auto\/h:auto\/q:mauto\/f:best\/id:28395638e0e8393bd7984914bdcf4596\/https:\/\/www.valenciablue.com\/slideshow-empty-weight-rack.jpg\"\/><figcaption class=\"wp-block-jetpack-slideshow_caption gallery-caption\">Estante despojado de pesas de mano.<\/figcaption><\/figure><\/li><\/ul><a class=\"wp-block-jetpack-slideshow_button-prev swiper-button-prev swiper-button-white\" role=\"button\"><\/a><a class=\"wp-block-jetpack-slideshow_button-next swiper-button-next swiper-button-white\" role=\"button\"><\/a><a aria-label=\"Pausar presentaci\u00f3n de diapositivas\" class=\"wp-block-jetpack-slideshow_button-pause\" role=\"button\"><\/a><div class=\"wp-block-jetpack-slideshow_pagination swiper-pagination swiper-pagination-white\"><\/div><\/div><\/div>\n\n\n\n<p>Por \u00faltimo, la moda. <\/p>\n\n\n\n<p>No est\u00e1 prohibido llevar el abdomen y los hombros al descubierto. Los pantalones de ciclista muy ajustados, tanto para hombres como para mujeres, dejan muy poco a la imaginaci\u00f3n. Cuando llegu\u00e9 aqu\u00ed por primera vez, me qued\u00e9 at\u00f3nito, pero ahora no me doy cuenta, demasiado. En cuanto a la indumentaria, no parece que haya demasiadas cosas prohibidas, pero he visto que se aplican al menos dos normas. En primer lugar, no se permite llevar la cabeza descubierta en la piscina. No s\u00e9 si obligan a las personas calvas a llevar gorro de ba\u00f1o, pero no se mencionan excepciones. En segundo lugar, vi a alguien rega\u00f1ado por el personal por llevar gorro de ba\u00f1o. <em>ropa de calle<\/em> \u2013 ropa de calle \u2013 mientras se hace ejercicio. Pero esa regla se aplica de manera inconsistente. Por el contrario, la ropa de gimnasio no es (por lo general) una opci\u00f3n de moda para la calle.<\/p>\n\n\n\n<h2 class=\"wp-block-heading\">Etiqueta para hacer compras en el supermercado <\/h2>\n\n\n\n<p>A diferencia de los EE. UU., las tiendas de comestibles en Europa no intentan tener de todo. \u00bfBuscas bombillas? Dir\u00edgete a la <em>Ferreter\u00eda<\/em> o ferreter\u00eda. \u00bfQu\u00e9 hay disponible en la <em>supermercado <\/em>es limitado. No encontrar\u00e1s un pasillo dedicado exclusivamente a <em>Cereales<\/em>Muchas tiendas en Espa\u00f1a est\u00e1n en espacios urbanos compactos y no tienen espacio para ofrecer un surtido amplio. Afortunadamente, s\u00ed lo tienen. <a href=\"https:\/\/thedecisionlab.com\/reference-guide\/economics\/the-paradox-of-choice\" target=\"_blank\" rel=\"noopener\" title=\"La paradoja de la elecci\u00f3n\">Simplificar la toma de decisiones<\/a>Los cereales son algo realmente americano, o al menos, no es el desayuno habitual en Espa\u00f1a.<\/p>\n\n\n\n<div class=\"wp-block-jetpack-slideshow aligncenter\" data-effect=\"slide\"><div class=\"wp-block-jetpack-slideshow_container swiper-container\"><ul class=\"wp-block-jetpack-slideshow_swiper-wrapper swiper-wrapper\"><li class=\"wp-block-jetpack-slideshow_slide swiper-slide\"><figure><img data-opt-id=2123460112  data-opt-src=\"https:\/\/mlr04w2evrow.i.optimole.com\/cb:O59K.20376\/w:auto\/h:auto\/q:mauto\/f:best\/id:e44ce724bb375d7b499567e70445f7b1\/https:\/\/www.valenciablue.com\/slideshow-guante.jpg\"  decoding=\"async\" width=\"1600\" height=\"900\" alt=\"Clear, plastic glove for handling the produce.\" class=\"wp-block-jetpack-slideshow_image wp-image-432\" data-id=\"432\" src=\"data:image/svg+xml,%3Csvg%20viewBox%3D%220%200%20100%%20100%%22%20width%3D%22100%%22%20height%3D%22100%%22%20xmlns%3D%22http%3A%2F%2Fwww.w3.org%2F2000%2Fsvg%22%3E%3Crect%20width%3D%22100%%22%20height%3D%22100%%22%20fill%3D%22transparent%22%2F%3E%3C%2Fsvg%3E\"\/><figcaption class=\"wp-block-jetpack-slideshow_caption gallery-caption\">Los guantes son para tocar y examinar el producto.<\/figcaption><\/figure><\/li><li class=\"wp-block-jetpack-slideshow_slide swiper-slide\"><figure><img data-opt-id=550545541  data-opt-src=\"https:\/\/mlr04w2evrow.i.optimole.com\/cb:O59K.20376\/w:auto\/h:auto\/q:mauto\/f:best\/id:edaf8e86622bd0666b63506e9b767ac6\/https:\/\/www.valenciablue.com\/slideshow-frutas.jpg\"  decoding=\"async\" width=\"1600\" height=\"900\" alt=\"Picture of fresh fruits and vegetables at a fruter\u00eda.\" class=\"wp-block-jetpack-slideshow_image wp-image-431\" data-id=\"431\" src=\"data:image/svg+xml,%3Csvg%20viewBox%3D%220%200%20100%%20100%%22%20width%3D%22100%%22%20height%3D%22100%%22%20xmlns%3D%22http%3A%2F%2Fwww.w3.org%2F2000%2Fsvg%22%3E%3Crect%20width%3D%22100%%22%20height%3D%22100%%22%20fill%3D%22transparent%22%2F%3E%3C%2Fsvg%3E\"\/><figcaption class=\"wp-block-jetpack-slideshow_caption gallery-caption\">Todo se ve bien, pero no lo toques con las manos desnudas.<\/figcaption><\/figure><\/li><li class=\"wp-block-jetpack-slideshow_slide swiper-slide\"><figure><img data-opt-id=1844411401  data-opt-src=\"https:\/\/mlr04w2evrow.i.optimole.com\/cb:O59K.20376\/w:auto\/h:auto\/q:mauto\/f:best\/id:931b4cfc2c6c10c0d910fa339c87eb3a\/https:\/\/www.valenciablue.com\/slideshow-parking-de-carros-senal.jpg\"  decoding=\"async\" width=\"1600\" height=\"900\" alt=\"Parking de Carros - a sign in a local supermercado.\" class=\"wp-block-jetpack-slideshow_image wp-image-438\" data-id=\"438\" src=\"data:image/svg+xml,%3Csvg%20viewBox%3D%220%200%20100%%20100%%22%20width%3D%22100%%22%20height%3D%22100%%22%20xmlns%3D%22http%3A%2F%2Fwww.w3.org%2F2000%2Fsvg%22%3E%3Crect%20width%3D%22100%%22%20height%3D%22100%%22%20fill%3D%22transparent%22%2F%3E%3C%2Fsvg%3E\"\/><figcaption class=\"wp-block-jetpack-slideshow_caption gallery-caption\">Parking de Carros: un cartel en un supermercado local.<\/figcaption><\/figure><\/li><li class=\"wp-block-jetpack-slideshow_slide swiper-slide\"><figure><img data-opt-id=1152105720  data-opt-src=\"https:\/\/mlr04w2evrow.i.optimole.com\/cb:O59K.20376\/w:auto\/h:auto\/q:mauto\/f:best\/id:64dbdade976dea7d5e83087c15175d34\/https:\/\/www.valenciablue.com\/slideshow-parking-de-carros.jpg\"  decoding=\"async\" width=\"1600\" height=\"900\" alt=\"A shopping cart parked within the green lines.\" class=\"wp-block-jetpack-slideshow_image wp-image-437\" data-id=\"437\" src=\"data:image/svg+xml,%3Csvg%20viewBox%3D%220%200%20100%%20100%%22%20width%3D%22100%%22%20height%3D%22100%%22%20xmlns%3D%22http%3A%2F%2Fwww.w3.org%2F2000%2Fsvg%22%3E%3Crect%20width%3D%22100%%22%20height%3D%22100%%22%20fill%3D%22transparent%22%2F%3E%3C%2Fsvg%3E\"\/><figcaption class=\"wp-block-jetpack-slideshow_caption gallery-caption\">Un carrito de compras estacionado dentro de las l\u00edneas verdes.<\/figcaption><\/figure><\/li><\/ul><a class=\"wp-block-jetpack-slideshow_button-prev swiper-button-prev swiper-button-white\" role=\"button\"><\/a><a class=\"wp-block-jetpack-slideshow_button-next swiper-button-next swiper-button-white\" role=\"button\"><\/a><a aria-label=\"Pausar presentaci\u00f3n de diapositivas\" class=\"wp-block-jetpack-slideshow_button-pause\" role=\"button\"><\/a><div class=\"wp-block-jetpack-slideshow_pagination swiper-pagination swiper-pagination-white\"><\/div><\/div><\/div>\n\n\n\n<p>Esto es lo que encontrar\u00e1: guantes. Los compradores no tocan los productos sin guantes. <em>guantes<\/em>Puedes depositar las usadas en un recipiente cercano para reciclarlas. Si quieres irritar a los dem\u00e1s compradores y comerciantes, manosea las verduras y frutas hurg\u00e1ndolas y empuj\u00e1ndolas con las manos desnudas. Si las tocas, las compras.<\/p>\n\n\n\n<p>Y esto me sorprendi\u00f3 durante una de mis primeras compras de comestibles. Si vas a estar en un lugar por un tiempo, hay un \u00e1rea marcada en el medio del departamento de frutas y verduras. Eso es para tu carrito de compras para que no bloquees el acceso a las verduras mientras examinas tranquilamente los distintos art\u00edculos mientras empujas lentamente el carrito.<\/p>\n\n\n\n<p>\u00bfQuieres saber m\u00e1s? Mi esposa <a href=\"https:\/\/www.wantedinrome.com\/news\/shopping-etiquette-italian-style.html\" title=\"Etiqueta de compras al estilo italiano\">escribi\u00f3 sobre sus experiencias mientras compraba en Italia<\/a>, pero muchos de sus consejos tambi\u00e9n son aplicables a Espa\u00f1a.<\/p>\n\n\n\n<h2 class=\"wp-block-heading\">Vivir en una comunidad unida<\/h2>\n\n\n\n<figure class=\"wp-block-pullquote\"><blockquote><p>Etiqueta significa comportarse un poco mejor de lo que es absolutamente esencial.<\/p><cite><a href=\"https:\/\/www.brainyquote.com\/authors\/will-cuppy-quotes\">Ser\u00e1 Cuppy<\/a><\/cite><\/blockquote><\/figure>\n\n\n\n<p>La etiqueta es el modo como se facilitan las interacciones entre las personas. <em>Usted <\/em>y <em>Ustedes<\/em>El sentido formal de \u201ct\u00fa\u201d en espa\u00f1ol puede ser complicado a veces, pero en general, entre mis compa\u00f1eros, el m\u00e1s familiar <em>t\u00fa <\/em>y <em>vosotros <\/em>(you and you all) es suficiente. Pero en una nueva situaci\u00f3n social, escucho c\u00f3mo se dirigen a m\u00ed y a los dem\u00e1s para tener una idea del pronombre que se debe usar.<\/p>\n\n\n\n<div class=\"wp-block-media-text is-stacked-on-mobile\" style=\"grid-template-columns:33% auto\"><figure class=\"wp-block-media-text__media\"><img data-opt-id=820796349  data-opt-src=\"https:\/\/mlr04w2evrow.i.optimole.com\/cb:O59K.20376\/w:1024\/h:1024\/q:mauto\/f:best\/https:\/\/www.valenciablue.com\/wp-content\/uploads\/2024\/03\/image-content-caca-no-2.jpg\"  decoding=\"async\" width=\"1024\" height=\"1024\" src=\"data:image/svg+xml,%3Csvg%20viewBox%3D%220%200%201024%201024%22%20width%3D%221024%22%20height%3D%221024%22%20xmlns%3D%22http%3A%2F%2Fwww.w3.org%2F2000%2Fsvg%22%3E%3Crect%20width%3D%221024%22%20height%3D%221024%22%20fill%3D%22transparent%22%2F%3E%3C%2Fsvg%3E\" alt=\"\" class=\"wp-image-597 size-medium\" old-srcset=\"https:\/\/mlr04w2evrow.i.optimole.com\/cb:O59K.20376\/w:1024\/h:1024\/q:mauto\/f:best\/https:\/\/www.valenciablue.com\/wp-content\/uploads\/2024\/03\/image-content-caca-no-2image-content-caca-no-3.jpg 1024w, https:\/\/mlr04w2evrow.i.optimole.com\/cb:O59K.20376\/w:300\/h:300\/q:mauto\/f:best\/https:\/\/www.valenciablue.com\/wp-content\/uploads\/2024\/03\/image-content-caca-no-2image-content-caca-no-3.jpg 300w, https:\/\/mlr04w2evrow.i.optimole.com\/cb:O59K.20376\/w:150\/h:150\/q:mauto\/f:best\/https:\/\/www.valenciablue.com\/wp-content\/uploads\/2024\/03\/image-content-caca-no-2image-content-caca-no-3.jpg 150w, https:\/\/mlr04w2evrow.i.optimole.com\/cb:O59K.20376\/w:768\/h:768\/q:mauto\/f:best\/https:\/\/www.valenciablue.com\/wp-content\/uploads\/2024\/03\/image-content-caca-no-2image-content-caca-no-3.jpg 768w, https:\/\/mlr04w2evrow.i.optimole.com\/cb:O59K.20376\/w:12\/h:12\/q:mauto\/f:best\/https:\/\/www.valenciablue.com\/wp-content\/uploads\/2024\/03\/image-content-caca-no-2image-content-caca-no-3.jpg 12w, https:\/\/mlr04w2evrow.i.optimole.com\/cb:O59K.20376\/w:1080\/h:1080\/q:mauto\/f:best\/https:\/\/www.valenciablue.com\/wp-content\/uploads\/2024\/03\/image-content-caca-no-2image-content-caca-no-3.jpg 1200w, https:\/\/mlr04w2evrow.i.optimole.com\/cb:O59K.20376\/w:1080\/h:1080\/q:mauto\/f:best\/dpr:2\/https:\/\/www.valenciablue.com\/wp-content\/uploads\/2024\/03\/image-content-caca-no-2image-content-caca-no-3.jpg 2x\" \/><\/figure><div class=\"wp-block-media-text__content\">\n<p>Hace a\u00f1os, cuando viv\u00edamos en Roma, escuch\u00e1bamos el grito de \u201cAttenti alla cacca\u201d (\u00a1cuidado con la caca!). Aqu\u00ed en Espa\u00f1a, esa es mi obsesi\u00f3n (juego de palabras intencionado). Es el problema de la gente que no recoge los excrementos de sus perros. Esto tambi\u00e9n podr\u00eda aplicarse a los gatos, pero no veo a los que van con correa usando las aceras para hacer sus necesidades.<\/p>\n<\/div><\/div>\n\n\n\n<p>Hablando de aceras: chicle. Se pega a los zapatos, se enreda en las ruedas de mi bicicleta y gira hasta el mecanismo de transmisi\u00f3n. Es una irresponsabilidad y deber\u00eda prohibirse. Vale, es un poco draconiano, pero observa cualquier espacio p\u00fablico muy transitado y observa todos los chicles que cubren la superficie. \u00a1Puaj!<\/p>\n\n\n\n<p>Y si tienes la suerte de que un espa\u00f1ol te invite a alg\u00fan evento personal, ten en cuenta algunas cosas. No ser\u00e1 en casa. La mayor\u00eda de los apartamentos son peque\u00f1os y la socializaci\u00f3n se hace en los caf\u00e9s. No les preguntes a qu\u00e9 se dedican. Normalmente ellos tampoco te preguntar\u00e1n a qu\u00e9 te dedicas t\u00fa, as\u00ed que deja tu t\u00edtulo laboral en casa. El trabajo no define a los espa\u00f1oles: es un medio para un fin.<\/p>\n\n\n\n<h2 class=\"wp-block-heading\">No es lo que sabes, es a qui\u00e9n conoces<\/h2>\n\n\n\n<p>Espa\u00f1a es un pa\u00eds de relaciones, que se centran en la familia. Elige cualquier tarde de domingo y pasa por la terraza de un restaurante. Ver\u00e1s y oir\u00e1s a una familia extensa (abuelos, hijos, nietos) reunida alrededor de una gran mesa. Esta es la unidad principal de la sociedad espa\u00f1ola.<\/p>\n\n\n\n<p>Y a muchos de sus amigos los conocen desde siempre. Han ido a la escuela con ellos y tal vez han trabajado con ellos. Es un v\u00ednculo dif\u00edcil de forjar pero f\u00e1cil de romper. La peluquera de mi esposa, que creci\u00f3 en Valencia, se mud\u00f3 por un tiempo. Cuando regres\u00f3, se dio cuenta de que ya no formaba parte de su grupo social anterior y le result\u00f3 dif\u00edcil hacer nuevos amigos.<\/p>\n\n\n\n<p>Sorprendentemente, hace a\u00f1os no pude encontrar un grupo de ciclismo en Roma. Estar en la escuela a tiempo completo no dejaba muchas oportunidades de reunirme para organizar paseos en bicicleta. Aqu\u00ed en Valencia ocurri\u00f3 algo similar. Pregunt\u00e9 en las tiendas de bicicletas, pero esto fue casi al final de la pandemia de Covid y no hab\u00eda nada realmente programado. Por lo tanto, gran parte de mis primeros paseos en bicicleta consistieron en sesiones de entrenamiento cortas y largas por mi cuenta. <\/p>\n\n\n\n<p>Ve\u00eda a otros ciclistas, pero iban en direcci\u00f3n contraria. Un gesto con la mano, un movimiento con la cabeza, eso era todo lo que necesitaba para conectar. Durante uno de mis recorridos m\u00e1s largos, pas\u00e9 a un ciclista, que se coloc\u00f3 detr\u00e1s de m\u00ed y comenzamos a tirarnos. Es entonces cuando los ciclistas se turnan al frente, lo que permite que los dem\u00e1s descansen en la estela. Pronto comenzamos a hablar en una mezcla de espa\u00f1ol e ingl\u00e9s y me cont\u00f3 sobre un grupo que sal\u00eda en bicicleta los s\u00e1bados desde una universidad cercana. <\/p>\n\n\n\n<p>Arm\u00e1ndome de valor, record\u00e9 mi experiencia en Italia y me asegur\u00e9 de saber el nombre de la persona que me invitaba a ir en bicicleta con el grupo. Esa fue la palabra m\u00e1gica. Me preguntaron varias veces a qui\u00e9n conoc\u00eda en el grupo. Responder con el nombre fue todo lo que hizo falta. Eso y conocer bien las reglas universales de etiqueta ciclista. Pero esa es una historia para otro d\u00eda.<\/p>\n\n\n\n<p>Cada d\u00eda es una nueva oportunidad para aprender algo nuevo. Como todav\u00eda tengo dificultades con mi espa\u00f1ol, he descubierto que el viejo dicho de \u201cse aprende m\u00e1s con la boca cerrada y los o\u00eddos abiertos\u201d es un buen consejo.<\/p>\n\n\n\n<figure class=\"wp-block-image size-large\"><img data-opt-id=114828098  data-opt-src=\"https:\/\/mlr04w2evrow.i.optimole.com\/co-ZpyQ-3TCbKxuG\/w:1024\/h:1024\/g:ce\/rt:fill\/cb:O59K.20376\/f:best\/q:mauto\/id:b056e3ea22f4f9510a34a92a1720d069\/directUpload\/gracias-por-su-visita.webp\"  decoding=\"async\" width=\"1024\" height=\"1024\" src=\"data:image/svg+xml,%3Csvg%20viewBox%3D%220%200%201024%201024%22%20width%3D%221024%22%20height%3D%221024%22%20xmlns%3D%22http%3A%2F%2Fwww.w3.org%2F2000%2Fsvg%22%3E%3Crect%20width%3D%221024%22%20height%3D%221024%22%20fill%3D%22transparent%22%2F%3E%3C%2Fsvg%3E\" alt=\"\" class=\"wp-image-422\"\/><\/figure>","protected":false},"excerpt":{"rendered":"<p>Las costumbres sociales espa\u00f1olas difieren a veces, pero aprender observando es mi estrategia preferida.<\/p>","protected":false},"author":2,"featured_media":450,"comment_status":"open","ping_status":"closed","sticky":false,"template":"","format":"standard","meta":{"advanced_seo_description":"","jetpack_seo_html_title":"","jetpack_seo_noindex":false,"jetpack_post_was_ever_published":true,"_jetpack_newsletter_access":"","_jetpack_dont_email_post_to_subs":false,"_jetpack_newsletter_tier_id":0,"_jetpack_memberships_contains_paywalled_content":false,"_jetpack_memberships_contains_paid_content":false,"footnotes":"","jetpack_publicize_message":"","jetpack_publicize_feature_enabled":true,"jetpack_social_post_already_shared":true,"jetpack_social_options":{"image_generator_settings":{"template":"highway","default_image_id":0,"font":"","enabled":false},"version":2}},"categories":[1,9],"tags":[27,28,26,29,25],"class_list":["post-376","post","type-post","status-publish","format-standard","has-post-thumbnail","hentry","category-daily-life","category-updates","tag-spain-gyms","tag-spain-shopping","tag-spainish-etiquette","tag-spanish-socializing","tag-valenciablue"],"jetpack_publicize_connections":[],"jetpack_featured_media_url":"https:\/\/mlr04w2evrow.i.optimole.com\/cb:O59K.20376\/w:1200\/h:900\/q:mauto\/f:best\/id:8f2dedb4cf80b57157b02d7f5a70dcb4\/https:\/\/www.valenciablue.com\/featured-tostada-tomate-tenedor.jpg","jetpack-related-posts":[{"id":543,"url":"https:\/\/www.valenciablue.com\/es\/having-lived-in-spain-for-three-years-why-dont-i-speak-spanish-better\/","url_meta":{"origin":376,"position":0},"title":"Habiendo vivido en Espa\u00f1a durante tres a\u00f1os, \u00bfpor qu\u00e9 no hablo mejor espa\u00f1ol?","author":"Admin","date":"14\/07\/2024","format":false,"excerpt":"Aprendo de forma visual. La pronunciaci\u00f3n que escucho no es la misma que la que tengo en la cabeza mientras la leo.","rel":"","context":"En \u00abDaily life\u00bb","block_context":{"text":"Daily life","link":"https:\/\/www.valenciablue.com\/es\/category\/daily-life\/"},"img":{"alt_text":"A textbook to learn Spanish is pictured.","src":"https:\/\/mlr04w2evrow.i.optimole.com\/cb:O59K.20376\/w:auto\/h:auto\/q:mauto\/f:best\/https:\/\/i0.wp.com\/mlr04w2evrow.i.optimole.com\/w%3A1200\/h%3A900\/q%3Amauto\/process%3A551\/id%3Accf45e84711c0314b5af486c4639c665\/https%3A\/\/www.valenciablue.com\/gramitica-espanola.jpg?resize=350%2C200&ssl=1","width":350,"height":200,"srcset":"https:\/\/mlr04w2evrow.i.optimole.com\/cb:O59K.20376\/w:auto\/h:auto\/q:mauto\/f:best\/https:\/\/i0.wp.com\/mlr04w2evrow.i.optimole.com\/w%3A1200\/h%3A900\/q%3Amauto\/process%3A551\/id%3Accf45e84711c0314b5af486c4639c665\/https%3A\/\/www.valenciablue.com\/gramitica-espanola.jpg?resize=350%2C200&ssl=1 1x, https:\/\/mlr04w2evrow.i.optimole.com\/cb:O59K.20376\/w:auto\/h:auto\/q:mauto\/f:best\/https:\/\/i0.wp.com\/mlr04w2evrow.i.optimole.com\/w%3A1200\/h%3A900\/q%3Amauto\/process%3A551\/id%3Accf45e84711c0314b5af486c4639c665\/https%3A\/\/www.valenciablue.com\/gramitica-espanola.jpg?resize=525%2C300&ssl=1 1.5x, https:\/\/mlr04w2evrow.i.optimole.com\/cb:O59K.20376\/w:auto\/h:auto\/q:mauto\/f:best\/https:\/\/i0.wp.com\/mlr04w2evrow.i.optimole.com\/w%3A1200\/h%3A900\/q%3Amauto\/process%3A551\/id%3Accf45e84711c0314b5af486c4639c665\/https%3A\/\/www.valenciablue.com\/gramitica-espanola.jpg?resize=700%2C400&ssl=1 2x, https:\/\/mlr04w2evrow.i.optimole.com\/cb:O59K.20376\/w:auto\/h:auto\/q:mauto\/f:best\/https:\/\/i0.wp.com\/mlr04w2evrow.i.optimole.com\/w%3A1200\/h%3A900\/q%3Amauto\/process%3A551\/id%3Accf45e84711c0314b5af486c4639c665\/https%3A\/\/www.valenciablue.com\/gramitica-espanola.jpg?resize=1050%2C600&ssl=1 3x"},"classes":[]},{"id":1257,"url":"https:\/\/www.valenciablue.com\/es\/its-harvest-time-for-spanish-olives\/","url_meta":{"origin":376,"position":1},"title":"Es \u00e9poca de cosecha de aceitunas espa\u00f1olas","author":"Admin","date":"29\/11\/2025","format":false,"excerpt":"https:\/\/www.facebook.com\/VLCblue\/posts\/pfbid02xgFX7FFEB8LKCnGiC17zU5iV4M2bW49fsMvha9N37BmPrHWeJNewnWBysiLP7C2Yl I rode by these workers on the way to Pedralba. Some light reading if you want to learn more about Spain's olive industry and outlook. Click on the image below to read the article.","rel":"","context":"En \u00abDaily life\u00bb","block_context":{"text":"Daily life","link":"https:\/\/www.valenciablue.com\/es\/category\/daily-life\/"},"img":{"alt_text":"Two men working to spread out the netting to catch fallen olives in Pedralba, Spain.","src":"https:\/\/mlr04w2evrow.i.optimole.com\/cb:O59K.20376\/w:auto\/h:auto\/q:mauto\/f:best\/https:\/\/i0.wp.com\/mlr04w2evrow.i.optimole.com\/w%3A949\/h%3A712\/q%3Amauto\/process%3A1276\/id%3A7192bfa59e62d34d64d0c19682e7287e\/https%3A\/\/www.valenciablue.com\/olive-harvest-2.jpg?resize=350%2C200&ssl=1","width":350,"height":200,"srcset":"https:\/\/mlr04w2evrow.i.optimole.com\/cb:O59K.20376\/w:auto\/h:auto\/q:mauto\/f:best\/https:\/\/i0.wp.com\/mlr04w2evrow.i.optimole.com\/w%3A949\/h%3A712\/q%3Amauto\/process%3A1276\/id%3A7192bfa59e62d34d64d0c19682e7287e\/https%3A\/\/www.valenciablue.com\/olive-harvest-2.jpg?resize=350%2C200&ssl=1 1x, https:\/\/mlr04w2evrow.i.optimole.com\/cb:O59K.20376\/w:auto\/h:auto\/q:mauto\/f:best\/https:\/\/i0.wp.com\/mlr04w2evrow.i.optimole.com\/w%3A949\/h%3A712\/q%3Amauto\/process%3A1276\/id%3A7192bfa59e62d34d64d0c19682e7287e\/https%3A\/\/www.valenciablue.com\/olive-harvest-2.jpg?resize=525%2C300&ssl=1 1.5x, https:\/\/mlr04w2evrow.i.optimole.com\/cb:O59K.20376\/w:auto\/h:auto\/q:mauto\/f:best\/https:\/\/i0.wp.com\/mlr04w2evrow.i.optimole.com\/w%3A949\/h%3A712\/q%3Amauto\/process%3A1276\/id%3A7192bfa59e62d34d64d0c19682e7287e\/https%3A\/\/www.valenciablue.com\/olive-harvest-2.jpg?resize=700%2C400&ssl=1 2x"},"classes":[]},{"id":257,"url":"https:\/\/www.valenciablue.com\/es\/so-im-in-a-new-country-why\/","url_meta":{"origin":376,"position":2},"title":"Entonces estoy en un pa\u00eds nuevo, \u00bfpor qu\u00e9?","author":"Admin","date":"17\/01\/2024","format":false,"excerpt":"Cuando llegu\u00e9 al punto de jubilarme, renov\u00e9 la idea de aprender (o intentar) un nuevo idioma. Y el espa\u00f1ol fue la elecci\u00f3n perfecta para m\u00ed.","rel":"","context":"En \u00abDaily life\u00bb","block_context":{"text":"Daily life","link":"https:\/\/www.valenciablue.com\/es\/category\/daily-life\/"},"img":{"alt_text":"Fuente de la Plaza del Ayuntamiento","src":"https:\/\/mlr04w2evrow.i.optimole.com\/cb:O59K.20376\/w:auto\/h:auto\/q:mauto\/f:best\/https:\/\/i0.wp.com\/www.valenciablue.com\/wp-content\/uploads\/2024\/08\/2valencia-fountain-evening-1.jpg?resize=350%2C200&ssl=1","width":350,"height":200,"srcset":"https:\/\/mlr04w2evrow.i.optimole.com\/cb:O59K.20376\/w:auto\/h:auto\/q:mauto\/f:best\/https:\/\/i0.wp.com\/www.valenciablue.com\/wp-content\/uploads\/2024\/08\/2valencia-fountain-evening-1.jpg?resize=350%2C200&ssl=1 1x, https:\/\/mlr04w2evrow.i.optimole.com\/cb:O59K.20376\/w:auto\/h:auto\/q:mauto\/f:best\/https:\/\/i0.wp.com\/www.valenciablue.com\/wp-content\/uploads\/2024\/08\/2valencia-fountain-evening-1.jpg?resize=525%2C300&ssl=1 1.5x, https:\/\/mlr04w2evrow.i.optimole.com\/cb:O59K.20376\/w:auto\/h:auto\/q:mauto\/f:best\/https:\/\/i0.wp.com\/www.valenciablue.com\/wp-content\/uploads\/2024\/08\/2valencia-fountain-evening-1.jpg?resize=700%2C400&ssl=1 2x, https:\/\/mlr04w2evrow.i.optimole.com\/cb:O59K.20376\/w:auto\/h:auto\/q:mauto\/f:best\/https:\/\/i0.wp.com\/www.valenciablue.com\/wp-content\/uploads\/2024\/08\/2valencia-fountain-evening-1.jpg?resize=1050%2C600&ssl=1 3x"},"classes":[]},{"id":488,"url":"https:\/\/www.valenciablue.com\/es\/getting-here-is-half-the-fun-your-new-life-in-valencia\/","url_meta":{"origin":376,"position":3},"title":"Llegar aqu\u00ed es la mitad de la diversi\u00f3n: tu nueva vida en Valencia","author":"Admin","date":"12\/05\/2024","format":false,"excerpt":"Despu\u00e9s de llegar, todav\u00eda quedan muchas decisiones por tomar. Los h\u00e1bitos que daba por sentados ahora deben rehacerse y volverse a aprender.","rel":"","context":"En \u00abDaily life\u00bb","block_context":{"text":"Daily life","link":"https:\/\/www.valenciablue.com\/es\/category\/daily-life\/"},"img":{"alt_text":"The words \"Viva Espa\u00f1a\" spray-painted on a wall.","src":"https:\/\/mlr04w2evrow.i.optimole.com\/cb:O59K.20376\/w:auto\/h:auto\/q:mauto\/f:best\/https:\/\/i0.wp.com\/mlr04w2evrow.i.optimole.com\/w%3A1200\/h%3A900\/q%3Amauto\/process%3A494\/id%3Aab245a72644e90a3c176000b1534d744\/https%3A\/\/www.valenciablue.com\/viva-espana-featured.jpg?resize=350%2C200&ssl=1","width":350,"height":200,"srcset":"https:\/\/mlr04w2evrow.i.optimole.com\/cb:O59K.20376\/w:auto\/h:auto\/q:mauto\/f:best\/https:\/\/i0.wp.com\/mlr04w2evrow.i.optimole.com\/w%3A1200\/h%3A900\/q%3Amauto\/process%3A494\/id%3Aab245a72644e90a3c176000b1534d744\/https%3A\/\/www.valenciablue.com\/viva-espana-featured.jpg?resize=350%2C200&ssl=1 1x, https:\/\/mlr04w2evrow.i.optimole.com\/cb:O59K.20376\/w:auto\/h:auto\/q:mauto\/f:best\/https:\/\/i0.wp.com\/mlr04w2evrow.i.optimole.com\/w%3A1200\/h%3A900\/q%3Amauto\/process%3A494\/id%3Aab245a72644e90a3c176000b1534d744\/https%3A\/\/www.valenciablue.com\/viva-espana-featured.jpg?resize=525%2C300&ssl=1 1.5x, https:\/\/mlr04w2evrow.i.optimole.com\/cb:O59K.20376\/w:auto\/h:auto\/q:mauto\/f:best\/https:\/\/i0.wp.com\/mlr04w2evrow.i.optimole.com\/w%3A1200\/h%3A900\/q%3Amauto\/process%3A494\/id%3Aab245a72644e90a3c176000b1534d744\/https%3A\/\/www.valenciablue.com\/viva-espana-featured.jpg?resize=700%2C400&ssl=1 2x, https:\/\/mlr04w2evrow.i.optimole.com\/cb:O59K.20376\/w:auto\/h:auto\/q:mauto\/f:best\/https:\/\/i0.wp.com\/mlr04w2evrow.i.optimole.com\/w%3A1200\/h%3A900\/q%3Amauto\/process%3A494\/id%3Aab245a72644e90a3c176000b1534d744\/https%3A\/\/www.valenciablue.com\/viva-espana-featured.jpg?resize=1050%2C600&ssl=1 3x"},"classes":[]},{"id":1384,"url":"https:\/\/www.valenciablue.com\/es\/along-with-allergies-the-new-year-marks-the-beginning-of-the-spanish-tax-season\/","url_meta":{"origin":376,"position":4},"title":"Junto con las alergias, el nuevo a\u00f1o marca el inicio de la temporada fiscal espa\u00f1ola","author":"Admin","date":"15\/03\/2026","format":false,"excerpt":"Existe el viejo t\u00f3pico sobre la muerte y los impuestos: Dos cosas que uno siempre puede esperar. A\u00fan no estoy muerto, as\u00ed que son los impuestos.","rel":"","context":"En \u00abDaily life\u00bb","block_context":{"text":"Daily life","link":"https:\/\/www.valenciablue.com\/es\/category\/daily-life\/"},"img":{"alt_text":"A bloom from an almond tree in Spain","src":"https:\/\/mlr04w2evrow.i.optimole.com\/cb:O59K.20376\/w:auto\/h:auto\/q:mauto\/f:best\/https:\/\/i0.wp.com\/mlr04w2evrow.i.optimole.com\/w%3A1200\/h%3A900\/q%3Amauto\/process%3A1393\/id%3Acf7b2c5200a40596187ba1f7b8923d76\/https%3A\/\/www.valenciablue.com\/flores-de-almendro.jpg?resize=350%2C200&ssl=1","width":350,"height":200,"srcset":"https:\/\/mlr04w2evrow.i.optimole.com\/cb:O59K.20376\/w:auto\/h:auto\/q:mauto\/f:best\/https:\/\/i0.wp.com\/mlr04w2evrow.i.optimole.com\/w%3A1200\/h%3A900\/q%3Amauto\/process%3A1393\/id%3Acf7b2c5200a40596187ba1f7b8923d76\/https%3A\/\/www.valenciablue.com\/flores-de-almendro.jpg?resize=350%2C200&ssl=1 1x, https:\/\/mlr04w2evrow.i.optimole.com\/cb:O59K.20376\/w:auto\/h:auto\/q:mauto\/f:best\/https:\/\/i0.wp.com\/mlr04w2evrow.i.optimole.com\/w%3A1200\/h%3A900\/q%3Amauto\/process%3A1393\/id%3Acf7b2c5200a40596187ba1f7b8923d76\/https%3A\/\/www.valenciablue.com\/flores-de-almendro.jpg?resize=525%2C300&ssl=1 1.5x, https:\/\/mlr04w2evrow.i.optimole.com\/cb:O59K.20376\/w:auto\/h:auto\/q:mauto\/f:best\/https:\/\/i0.wp.com\/mlr04w2evrow.i.optimole.com\/w%3A1200\/h%3A900\/q%3Amauto\/process%3A1393\/id%3Acf7b2c5200a40596187ba1f7b8923d76\/https%3A\/\/www.valenciablue.com\/flores-de-almendro.jpg?resize=700%2C400&ssl=1 2x, https:\/\/mlr04w2evrow.i.optimole.com\/cb:O59K.20376\/w:auto\/h:auto\/q:mauto\/f:best\/https:\/\/i0.wp.com\/mlr04w2evrow.i.optimole.com\/w%3A1200\/h%3A900\/q%3Amauto\/process%3A1393\/id%3Acf7b2c5200a40596187ba1f7b8923d76\/https%3A\/\/www.valenciablue.com\/flores-de-almendro.jpg?resize=1050%2C600&ssl=1 3x"},"classes":[]},{"id":790,"url":"https:\/\/www.valenciablue.com\/es\/against-all-odds-playing-el-gordo\/","url_meta":{"origin":376,"position":5},"title":"Contra todo pron\u00f3stico: jugar El Gordo","author":"Admin","date":"22\/12\/2024","format":false,"excerpt":"El Gordo es la gran loter\u00eda de Espa\u00f1a que se celebra en distintos momentos del a\u00f1o.","rel":"","context":"En \u00abDaily life\u00bb","block_context":{"text":"Daily life","link":"https:\/\/www.valenciablue.com\/es\/category\/daily-life\/"},"img":{"alt_text":"Spanish National Lottery total amounts shown on computer screen.","src":"https:\/\/mlr04w2evrow.i.optimole.com\/cb:O59K.20376\/w:auto\/h:auto\/q:mauto\/f:best\/https:\/\/i0.wp.com\/mlr04w2evrow.i.optimole.com\/w%3A2560\/h%3A1920\/q%3Amauto\/process%3A805\/id%3A4b50189b8e25fa18b23c1e16ac2baf7e\/https%3A\/\/www.valenciablue.com\/el-gordo-payouts-4x3-1.jpg?resize=350%2C200&ssl=1","width":350,"height":200,"srcset":"https:\/\/mlr04w2evrow.i.optimole.com\/cb:O59K.20376\/w:auto\/h:auto\/q:mauto\/f:best\/https:\/\/i0.wp.com\/mlr04w2evrow.i.optimole.com\/w%3A2560\/h%3A1920\/q%3Amauto\/process%3A805\/id%3A4b50189b8e25fa18b23c1e16ac2baf7e\/https%3A\/\/www.valenciablue.com\/el-gordo-payouts-4x3-1.jpg?resize=350%2C200&ssl=1 1x, https:\/\/mlr04w2evrow.i.optimole.com\/cb:O59K.20376\/w:auto\/h:auto\/q:mauto\/f:best\/https:\/\/i0.wp.com\/mlr04w2evrow.i.optimole.com\/w%3A2560\/h%3A1920\/q%3Amauto\/process%3A805\/id%3A4b50189b8e25fa18b23c1e16ac2baf7e\/https%3A\/\/www.valenciablue.com\/el-gordo-payouts-4x3-1.jpg?resize=525%2C300&ssl=1 1.5x, https:\/\/mlr04w2evrow.i.optimole.com\/cb:O59K.20376\/w:auto\/h:auto\/q:mauto\/f:best\/https:\/\/i0.wp.com\/mlr04w2evrow.i.optimole.com\/w%3A2560\/h%3A1920\/q%3Amauto\/process%3A805\/id%3A4b50189b8e25fa18b23c1e16ac2baf7e\/https%3A\/\/www.valenciablue.com\/el-gordo-payouts-4x3-1.jpg?resize=700%2C400&ssl=1 2x, https:\/\/mlr04w2evrow.i.optimole.com\/cb:O59K.20376\/w:auto\/h:auto\/q:mauto\/f:best\/https:\/\/i0.wp.com\/mlr04w2evrow.i.optimole.com\/w%3A2560\/h%3A1920\/q%3Amauto\/process%3A805\/id%3A4b50189b8e25fa18b23c1e16ac2baf7e\/https%3A\/\/www.valenciablue.com\/el-gordo-payouts-4x3-1.jpg?resize=1050%2C600&ssl=1 3x, https:\/\/mlr04w2evrow.i.optimole.com\/cb:O59K.20376\/w:auto\/h:auto\/q:mauto\/f:best\/https:\/\/i0.wp.com\/mlr04w2evrow.i.optimole.com\/w%3A2560\/h%3A1920\/q%3Amauto\/process%3A805\/id%3A4b50189b8e25fa18b23c1e16ac2baf7e\/https%3A\/\/www.valenciablue.com\/el-gordo-payouts-4x3-1.jpg?resize=1400%2C800&ssl=1 4x"},"classes":[]}],"jetpack_shortlink":"https:\/\/wp.me\/pftBvt-64","jetpack_sharing_enabled":true,"jetpack_likes_enabled":true,"_links":{"self":[{"href":"https:\/\/www.valenciablue.com\/es\/wp-json\/wp\/v2\/posts\/376","targetHints":{"allow":["GET"]}}],"collection":[{"href":"https:\/\/www.valenciablue.com\/es\/wp-json\/wp\/v2\/posts"}],"about":[{"href":"https:\/\/www.valenciablue.com\/es\/wp-json\/wp\/v2\/types\/post"}],"author":[{"embeddable":true,"href":"https:\/\/www.valenciablue.com\/es\/wp-json\/wp\/v2\/users\/2"}],"replies":[{"embeddable":true,"href":"https:\/\/www.valenciablue.com\/es\/wp-json\/wp\/v2\/comments?post=376"}],"version-history":[{"count":22,"href":"https:\/\/www.valenciablue.com\/es\/wp-json\/wp\/v2\/posts\/376\/revisions"}],"predecessor-version":[{"id":598,"href":"https:\/\/www.valenciablue.com\/es\/wp-json\/wp\/v2\/posts\/376\/revisions\/598"}],"wp:featuredmedia":[{"embeddable":true,"href":"https:\/\/www.valenciablue.com\/es\/wp-json\/wp\/v2\/media\/450"}],"wp:attachment":[{"href":"https:\/\/www.valenciablue.com\/es\/wp-json\/wp\/v2\/media?parent=376"}],"wp:term":[{"taxonomy":"category","embeddable":true,"href":"https:\/\/www.valenciablue.com\/es\/wp-json\/wp\/v2\/categories?post=376"},{"taxonomy":"post_tag","embeddable":true,"href":"https:\/\/www.valenciablue.com\/es\/wp-json\/wp\/v2\/tags?post=376"}],"curies":[{"name":"gracias","href":"https:\/\/api.w.org\/{rel}","templated":true}]}}