{"id":265,"date":"2024-01-28T13:33:00","date_gmt":"2024-01-28T13:33:00","guid":{"rendered":"https:\/\/www.valenciablue.com\/?p=265"},"modified":"2024-11-17T11:48:55","modified_gmt":"2024-11-17T11:48:55","slug":"avoiding-being-booted-out-of-the-country","status":"publish","type":"post","link":"https:\/\/www.valenciablue.com\/es\/avoiding-being-booted-out-of-the-country\/","title":{"rendered":"Evite ser expulsado del pa\u00eds"},"content":{"rendered":"<p>Cuando me mud\u00e9 por primera vez a Europa para obtener mi t\u00edtulo universitario hace a\u00f1os, muchas de las tareas burocr\u00e1ticas estaban a cargo de la universidad a la que asist\u00eda. Si bien esto hizo que fuera m\u00e1s f\u00e1cil obtener una educaci\u00f3n, tambi\u00e9n signific\u00f3 que con mi graduaci\u00f3n expir\u00f3 el \u201cPermesso di Soggiorno per Motivi di Studio\u201d. Esto requiri\u00f3 una salida r\u00e1pida de Italia y de la Uni\u00f3n Europea. <\/p>\n\n\n\n<p>Es cierto que probablemente podr\u00eda haberme quedado otros 90 d\u00edas o menos como turista, pero necesitaba regresar a los EE. UU. para comenzar mi programa de posgrado. Entonces, a las 4 de la ma\u00f1ana, con los ojos llorosos, bajamos las escaleras de nuestro edificio sin ascensor de cuatro pisos con las maletas golpeando detr\u00e1s de nosotros. Al final nos encontramos con nuestro taxista, quien luego nos llev\u00f3 al aeropuerto. Nos llevar\u00eda casi dos d\u00e9cadas regresar a Europa.<\/p>\n\n\n\n<h3 class=\"wp-block-heading\">De vuelta en suelo estadounidense<\/h3>\n\n\n\n<p>Lo abrupto de mi partida fue discordante. Recuerdo bajarme del avi\u00f3n en el aeropuerto JFK de la ciudad de Nueva York y tratar de entender las se\u00f1ales. Entonces me di cuenta de que estaban escritos en ingl\u00e9s. Ten\u00eda la costumbre de traducir todo del italiano y no reconoc\u00eda las palabras. Esa sensaci\u00f3n pas\u00f3, pero la sensaci\u00f3n de p\u00e9rdida, de lo que ten\u00eda pero ahora no ten\u00eda, persisti\u00f3.<\/p>\n\n\n\n<p>Y me promet\u00ed a m\u00ed mismo que, si tuviera otra oportunidad, mi mudanza al extranjero ser\u00eda m\u00e1s duradera.<\/p>\n\n\n\n<div class=\"wp-block-media-text is-stacked-on-mobile\"><figure class=\"wp-block-media-text__media\"><img data-opt-id=1321684037  fetchpriority=\"high\" decoding=\"async\" width=\"867\" height=\"1300\" src=\"https:\/\/mlr04w2evrow.i.optimole.com\/cb:O59K.20376\/w:auto\/h:auto\/q:mauto\/f:best\/id:cc798d9461ddb272c6130168edede7bb\/https:\/\/www.valenciablue.com\/stock-visa-graphic.png\" alt=\"Stock graphic of visa document on top of map of Europe and Africa.\" class=\"wp-image-292 size-full\"\/><\/figure><div class=\"wp-block-media-text__content\">\n<p>Cuando finalmente regresamos como familia, se reaviv\u00f3 mi deseo de mudarme. Pero est\u00e1 la cuesti\u00f3n de la vida: empleo, hipoteca, escuela\u2026 Luego vino la pandemia de Covid-19. Est\u00e1bamos en Espa\u00f1a cuando se cerraron las fronteras, pero a\u00fan est\u00e1bamos conectados con los EE. UU. Al regresar a JFK, pasamos 36 horas angustiosas pasando por la aduana, un proceso de examen m\u00e9dico desordenado y finalmente nos desviaron de regreso a nuestro aeropuerto de salida original.<\/p>\n<\/div><\/div>\n\n\n\n<h3 class=\"wp-block-heading\">Regresando a Europa<\/h3>\n\n\n\n<p>Despu\u00e9s de recibir la vacuna Covid-19, todo sali\u00f3 a todo vapor. Esta vez no quer\u00eda que el vagabundo saliera corriendo del pa\u00eds en mitad de la noche. Para nosotros, el <a href=\"https:\/\/www.exteriores.gob.es\/Consulados\/Manchester\/en\/ServiciosConsulares\/Paginas\/Consular\/Visado-de-residencia-no-lucrativa.aspx\" target=\"_blank\" rel=\"noopener\" title=\"Requisitos para una visa no lucrativa\">Visa no lucrativa (NLV)<\/a> era el mejor camino a seguir. Esto significaba no trabajar (nos jubilamos como condici\u00f3n para obtenerla), pero despu\u00e9s de cinco a\u00f1os pod\u00edamos solicitar la residencia permanente, renovable cada cinco a\u00f1os despu\u00e9s de ese per\u00edodo. <\/p>\n\n\n\n<p><a href=\"https:\/\/marthamillerwrites.com\/why-spain-why-valencia-and-why-did-it-take-three-years\/\" target=\"_blank\" rel=\"noopener\" title=\"\u00bfPor qu\u00e9 Espa\u00f1a y por qu\u00e9 ha tardado tres a\u00f1os en llegar hasta aqu\u00ed?\">Este no fue un plan a corto plazo ni improvisado.<\/a>. <\/p>\n\n\n\n<p>Y por supuesto, <a href=\"https:\/\/www.valenciablue.com\/es\/maintaining-contact-with-your-online-accounts-in-the-u-s\/\" target=\"_blank\" rel=\"noopener\" title=\"Mantener contacto con sus cuentas en l\u00ednea en los EE. UU.\">est\u00e1 lo inesperado<\/a>. Pero la vida del d\u00eda a d\u00eda es mejor. Quiz\u00e1s ese sea el resultado directo de no funcionar. Hay an\u00e9cdotas de quienes dicen que no tener un compromiso laboral es liberador. Para otros, estar separados \u2013involuntariamente o voluntariamente\u2013 es inquietante. En \u00faltima instancia, se necesita un plan. Para m\u00ed, eso es seguir aprendiendo y este sitio web es parte de esa progresi\u00f3n.<\/p>","protected":false},"excerpt":{"rendered":"<p>Me promet\u00ed a m\u00ed mismo que, si se presentaba otra oportunidad, har\u00eda que la mudanza al extranjero fuera m\u00e1s duradera.<\/p>","protected":false},"author":2,"featured_media":298,"comment_status":"open","ping_status":"open","sticky":false,"template":"","format":"standard","meta":{"advanced_seo_description":"","jetpack_seo_html_title":"","jetpack_seo_noindex":false,"jetpack_post_was_ever_published":false,"_jetpack_newsletter_access":"","_jetpack_dont_email_post_to_subs":false,"_jetpack_newsletter_tier_id":0,"_jetpack_memberships_contains_paywalled_content":false,"_jetpack_memberships_contains_paid_content":false,"footnotes":"","jetpack_publicize_message":"","jetpack_publicize_feature_enabled":true,"jetpack_social_post_already_shared":true,"jetpack_social_options":{"image_generator_settings":{"template":"highway","default_image_id":0,"font":"","enabled":false},"version":2}},"categories":[1],"tags":[19,17,16,25],"class_list":["post-265","post","type-post","status-publish","format-standard","has-post-thumbnail","hentry","category-daily-life","tag-american-expats-in-spain","tag-living-in-spain","tag-moving-abroad","tag-valenciablue"],"jetpack_publicize_connections":[],"jetpack_featured_media_url":"https:\/\/mlr04w2evrow.i.optimole.com\/cb:O59K.20376\/w:1200\/h:900\/q:mauto\/f:best\/id:ceea57540305d097add835704344d2c0\/https:\/\/www.valenciablue.com\/tourist-go-home-feature-image-reset.jpg","jetpack-related-posts":[{"id":1287,"url":"https:\/\/www.valenciablue.com\/es\/christmas-fusion-or-how-old-meets-new-in-spain\/","url_meta":{"origin":265,"position":0},"title":"Fusi\u00f3n navide\u00f1a o c\u00f3mo lo antiguo se encuentra con lo nuevo en Espa\u00f1a","author":"Admin","date":"22\/12\/2025","format":false,"excerpt":"No se trata de una observaci\u00f3n del tipo &quot;esto o aquello es mejor&quot;. Es solo que, bueno, la Navidad en Espa\u00f1a es diferente a la de Estados Unidos.","rel":"","context":"En \u00abDaily life\u00bb","block_context":{"text":"Daily life","link":"https:\/\/www.valenciablue.com\/es\/category\/daily-life\/"},"img":{"alt_text":"Strings of Christmas lights hang in front of a bell tower in Valencia, Spain.","src":"https:\/\/mlr04w2evrow.i.optimole.com\/cb:O59K.20376\/w:auto\/h:auto\/q:mauto\/f:best\/https:\/\/i0.wp.com\/mlr04w2evrow.i.optimole.com\/w%3A1200\/h%3A900\/q%3Amauto\/process%3A1288\/id%3A2ed4b6d6a1f680aa834926cd758244e6\/https%3A\/\/www.valenciablue.com\/featured-lights-bell-tower.jpg?resize=350%2C200&ssl=1","width":350,"height":200,"srcset":"https:\/\/mlr04w2evrow.i.optimole.com\/cb:O59K.20376\/w:auto\/h:auto\/q:mauto\/f:best\/https:\/\/i0.wp.com\/mlr04w2evrow.i.optimole.com\/w%3A1200\/h%3A900\/q%3Amauto\/process%3A1288\/id%3A2ed4b6d6a1f680aa834926cd758244e6\/https%3A\/\/www.valenciablue.com\/featured-lights-bell-tower.jpg?resize=350%2C200&ssl=1 1x, https:\/\/mlr04w2evrow.i.optimole.com\/cb:O59K.20376\/w:auto\/h:auto\/q:mauto\/f:best\/https:\/\/i0.wp.com\/mlr04w2evrow.i.optimole.com\/w%3A1200\/h%3A900\/q%3Amauto\/process%3A1288\/id%3A2ed4b6d6a1f680aa834926cd758244e6\/https%3A\/\/www.valenciablue.com\/featured-lights-bell-tower.jpg?resize=525%2C300&ssl=1 1.5x, https:\/\/mlr04w2evrow.i.optimole.com\/cb:O59K.20376\/w:auto\/h:auto\/q:mauto\/f:best\/https:\/\/i0.wp.com\/mlr04w2evrow.i.optimole.com\/w%3A1200\/h%3A900\/q%3Amauto\/process%3A1288\/id%3A2ed4b6d6a1f680aa834926cd758244e6\/https%3A\/\/www.valenciablue.com\/featured-lights-bell-tower.jpg?resize=700%2C400&ssl=1 2x, https:\/\/mlr04w2evrow.i.optimole.com\/cb:O59K.20376\/w:auto\/h:auto\/q:mauto\/f:best\/https:\/\/i0.wp.com\/mlr04w2evrow.i.optimole.com\/w%3A1200\/h%3A900\/q%3Amauto\/process%3A1288\/id%3A2ed4b6d6a1f680aa834926cd758244e6\/https%3A\/\/www.valenciablue.com\/featured-lights-bell-tower.jpg?resize=1050%2C600&ssl=1 3x"},"classes":[]},{"id":475,"url":"https:\/\/www.valenciablue.com\/es\/suddenly-just-like-that-im-an-empty-nester\/","url_meta":{"origin":265,"position":1},"title":"De repente, as\u00ed como as\u00ed, soy un nido vac\u00edo.","author":"Admin","date":"12\/04\/2024","format":false,"excerpt":"El D\u00eda del Padre en Espa\u00f1a, mi hijo regres\u00f3 a los EE. UU. Su mam\u00e1 lo acompa\u00f1a, as\u00ed que me qued\u00e9 en Valencia, solo. Bueno, con los gatos de todos modos.","rel":"","context":"En \u00abDaily life\u00bb","block_context":{"text":"Daily life","link":"https:\/\/www.valenciablue.com\/es\/category\/daily-life\/"},"img":{"alt_text":"Statue of St. Joseph against a cloudy sky.","src":"https:\/\/mlr04w2evrow.i.optimole.com\/cb:O59K.20376\/w:auto\/h:auto\/q:mauto\/f:best\/https:\/\/i0.wp.com\/mlr04w2evrow.i.optimole.com\/w%3A1200\/h%3A900\/q%3Amauto\/process%3A477\/id%3Ab4eba8a48b0311a6f021c10d58689bac\/https%3A\/\/www.valenciablue.com\/san-jose-patron-saint-las-fallas.jpg?resize=350%2C200&ssl=1","width":350,"height":200,"srcset":"https:\/\/mlr04w2evrow.i.optimole.com\/cb:O59K.20376\/w:auto\/h:auto\/q:mauto\/f:best\/https:\/\/i0.wp.com\/mlr04w2evrow.i.optimole.com\/w%3A1200\/h%3A900\/q%3Amauto\/process%3A477\/id%3Ab4eba8a48b0311a6f021c10d58689bac\/https%3A\/\/www.valenciablue.com\/san-jose-patron-saint-las-fallas.jpg?resize=350%2C200&ssl=1 1x, https:\/\/mlr04w2evrow.i.optimole.com\/cb:O59K.20376\/w:auto\/h:auto\/q:mauto\/f:best\/https:\/\/i0.wp.com\/mlr04w2evrow.i.optimole.com\/w%3A1200\/h%3A900\/q%3Amauto\/process%3A477\/id%3Ab4eba8a48b0311a6f021c10d58689bac\/https%3A\/\/www.valenciablue.com\/san-jose-patron-saint-las-fallas.jpg?resize=525%2C300&ssl=1 1.5x, https:\/\/mlr04w2evrow.i.optimole.com\/cb:O59K.20376\/w:auto\/h:auto\/q:mauto\/f:best\/https:\/\/i0.wp.com\/mlr04w2evrow.i.optimole.com\/w%3A1200\/h%3A900\/q%3Amauto\/process%3A477\/id%3Ab4eba8a48b0311a6f021c10d58689bac\/https%3A\/\/www.valenciablue.com\/san-jose-patron-saint-las-fallas.jpg?resize=700%2C400&ssl=1 2x, https:\/\/mlr04w2evrow.i.optimole.com\/cb:O59K.20376\/w:auto\/h:auto\/q:mauto\/f:best\/https:\/\/i0.wp.com\/mlr04w2evrow.i.optimole.com\/w%3A1200\/h%3A900\/q%3Amauto\/process%3A477\/id%3Ab4eba8a48b0311a6f021c10d58689bac\/https%3A\/\/www.valenciablue.com\/san-jose-patron-saint-las-fallas.jpg?resize=1050%2C600&ssl=1 3x"},"classes":[]},{"id":257,"url":"https:\/\/www.valenciablue.com\/es\/so-im-in-a-new-country-why\/","url_meta":{"origin":265,"position":2},"title":"Entonces estoy en un pa\u00eds nuevo, \u00bfpor qu\u00e9?","author":"Admin","date":"17\/01\/2024","format":false,"excerpt":"Cuando llegu\u00e9 al punto de jubilarme, renov\u00e9 la idea de aprender (o intentar) un nuevo idioma. Y el espa\u00f1ol fue la elecci\u00f3n perfecta para m\u00ed.","rel":"","context":"En \u00abDaily life\u00bb","block_context":{"text":"Daily life","link":"https:\/\/www.valenciablue.com\/es\/category\/daily-life\/"},"img":{"alt_text":"Fuente de la Plaza del Ayuntamiento","src":"https:\/\/mlr04w2evrow.i.optimole.com\/cb:O59K.20376\/w:auto\/h:auto\/q:mauto\/f:best\/https:\/\/i0.wp.com\/www.valenciablue.com\/wp-content\/uploads\/2024\/08\/2valencia-fountain-evening-1.jpg?resize=350%2C200&ssl=1","width":350,"height":200,"srcset":"https:\/\/mlr04w2evrow.i.optimole.com\/cb:O59K.20376\/w:auto\/h:auto\/q:mauto\/f:best\/https:\/\/i0.wp.com\/www.valenciablue.com\/wp-content\/uploads\/2024\/08\/2valencia-fountain-evening-1.jpg?resize=350%2C200&ssl=1 1x, https:\/\/mlr04w2evrow.i.optimole.com\/cb:O59K.20376\/w:auto\/h:auto\/q:mauto\/f:best\/https:\/\/i0.wp.com\/www.valenciablue.com\/wp-content\/uploads\/2024\/08\/2valencia-fountain-evening-1.jpg?resize=525%2C300&ssl=1 1.5x, https:\/\/mlr04w2evrow.i.optimole.com\/cb:O59K.20376\/w:auto\/h:auto\/q:mauto\/f:best\/https:\/\/i0.wp.com\/www.valenciablue.com\/wp-content\/uploads\/2024\/08\/2valencia-fountain-evening-1.jpg?resize=700%2C400&ssl=1 2x, https:\/\/mlr04w2evrow.i.optimole.com\/cb:O59K.20376\/w:auto\/h:auto\/q:mauto\/f:best\/https:\/\/i0.wp.com\/www.valenciablue.com\/wp-content\/uploads\/2024\/08\/2valencia-fountain-evening-1.jpg?resize=1050%2C600&ssl=1 3x"},"classes":[]},{"id":615,"url":"https:\/\/www.valenciablue.com\/es\/bicycling-in-the-valencian-countryside\/","url_meta":{"origin":265,"position":3},"title":"En bicicleta por el campo valenciano","author":"Admin","date":"20\/09\/2024","format":false,"excerpt":"Los temas de mis im\u00e1genes suelen ser objetos cotidianos. Me intrigan, por ejemplo, las estructuras que se encuentran en medio de las rotondas cuando uno entra a la ciudad.","rel":"","context":"En \u00abDaily life\u00bb","block_context":{"text":"Daily life","link":"https:\/\/www.valenciablue.com\/es\/category\/daily-life\/"},"img":{"alt_text":"Spanish word \"Vamos\" spraypainted on brick wall behind bicycle.","src":"https:\/\/mlr04w2evrow.i.optimole.com\/cb:O59K.20376\/w:auto\/h:auto\/q:mauto\/f:best\/https:\/\/i0.wp.com\/mlr04w2evrow.i.optimole.com\/w%3A1200\/h%3A900\/q%3Amauto\/process%3A643\/id%3A101275d86da7307415db500d3cbd905d\/https%3A\/\/www.valenciablue.com\/vamos-and-bicycle.jpg?resize=350%2C200&ssl=1","width":350,"height":200,"srcset":"https:\/\/mlr04w2evrow.i.optimole.com\/cb:O59K.20376\/w:auto\/h:auto\/q:mauto\/f:best\/https:\/\/i0.wp.com\/mlr04w2evrow.i.optimole.com\/w%3A1200\/h%3A900\/q%3Amauto\/process%3A643\/id%3A101275d86da7307415db500d3cbd905d\/https%3A\/\/www.valenciablue.com\/vamos-and-bicycle.jpg?resize=350%2C200&ssl=1 1x, https:\/\/mlr04w2evrow.i.optimole.com\/cb:O59K.20376\/w:auto\/h:auto\/q:mauto\/f:best\/https:\/\/i0.wp.com\/mlr04w2evrow.i.optimole.com\/w%3A1200\/h%3A900\/q%3Amauto\/process%3A643\/id%3A101275d86da7307415db500d3cbd905d\/https%3A\/\/www.valenciablue.com\/vamos-and-bicycle.jpg?resize=525%2C300&ssl=1 1.5x, https:\/\/mlr04w2evrow.i.optimole.com\/cb:O59K.20376\/w:auto\/h:auto\/q:mauto\/f:best\/https:\/\/i0.wp.com\/mlr04w2evrow.i.optimole.com\/w%3A1200\/h%3A900\/q%3Amauto\/process%3A643\/id%3A101275d86da7307415db500d3cbd905d\/https%3A\/\/www.valenciablue.com\/vamos-and-bicycle.jpg?resize=700%2C400&ssl=1 2x, https:\/\/mlr04w2evrow.i.optimole.com\/cb:O59K.20376\/w:auto\/h:auto\/q:mauto\/f:best\/https:\/\/i0.wp.com\/mlr04w2evrow.i.optimole.com\/w%3A1200\/h%3A900\/q%3Amauto\/process%3A643\/id%3A101275d86da7307415db500d3cbd905d\/https%3A\/\/www.valenciablue.com\/vamos-and-bicycle.jpg?resize=1050%2C600&ssl=1 3x"},"classes":[]},{"id":1351,"url":"https:\/\/www.valenciablue.com\/es\/living-your-best-life-inconveniently\/","url_meta":{"origin":265,"position":4},"title":"Vivir tu mejor vida de forma inc\u00f3moda","author":"Admin","date":"23\/01\/2026","format":false,"excerpt":"Muchos visitantes de Europa y otros pa\u00edses se maravillan de la facilidad para caminar en las ciudades. Sin embargo, al regresar a sus pa\u00edses de origen, regresan r\u00e1pidamente a su vida centrada en el coche.","rel":"","context":"En \u00abDaily life\u00bb","block_context":{"text":"Daily life","link":"https:\/\/www.valenciablue.com\/es\/category\/daily-life\/"},"img":{"alt_text":"Pedestrians surround a stationary woman wearing an orange backpack.","src":"https:\/\/mlr04w2evrow.i.optimole.com\/cb:O59K.20376\/w:auto\/h:auto\/q:mauto\/f:best\/https:\/\/i0.wp.com\/mlr04w2evrow.i.optimole.com\/w%3A1200\/h%3A900\/q%3Amauto\/process%3A1348\/id%3A4e620a3cf1597edb5e9c05d801b4cbfd\/https%3A\/\/www.valenciablue.com\/pedestrians.jpg?resize=350%2C200&ssl=1","width":350,"height":200,"srcset":"https:\/\/mlr04w2evrow.i.optimole.com\/cb:O59K.20376\/w:auto\/h:auto\/q:mauto\/f:best\/https:\/\/i0.wp.com\/mlr04w2evrow.i.optimole.com\/w%3A1200\/h%3A900\/q%3Amauto\/process%3A1348\/id%3A4e620a3cf1597edb5e9c05d801b4cbfd\/https%3A\/\/www.valenciablue.com\/pedestrians.jpg?resize=350%2C200&ssl=1 1x, https:\/\/mlr04w2evrow.i.optimole.com\/cb:O59K.20376\/w:auto\/h:auto\/q:mauto\/f:best\/https:\/\/i0.wp.com\/mlr04w2evrow.i.optimole.com\/w%3A1200\/h%3A900\/q%3Amauto\/process%3A1348\/id%3A4e620a3cf1597edb5e9c05d801b4cbfd\/https%3A\/\/www.valenciablue.com\/pedestrians.jpg?resize=525%2C300&ssl=1 1.5x, https:\/\/mlr04w2evrow.i.optimole.com\/cb:O59K.20376\/w:auto\/h:auto\/q:mauto\/f:best\/https:\/\/i0.wp.com\/mlr04w2evrow.i.optimole.com\/w%3A1200\/h%3A900\/q%3Amauto\/process%3A1348\/id%3A4e620a3cf1597edb5e9c05d801b4cbfd\/https%3A\/\/www.valenciablue.com\/pedestrians.jpg?resize=700%2C400&ssl=1 2x, https:\/\/mlr04w2evrow.i.optimole.com\/cb:O59K.20376\/w:auto\/h:auto\/q:mauto\/f:best\/https:\/\/i0.wp.com\/mlr04w2evrow.i.optimole.com\/w%3A1200\/h%3A900\/q%3Amauto\/process%3A1348\/id%3A4e620a3cf1597edb5e9c05d801b4cbfd\/https%3A\/\/www.valenciablue.com\/pedestrians.jpg?resize=1050%2C600&ssl=1 3x"},"classes":[]},{"id":1184,"url":"https:\/\/www.valenciablue.com\/es\/what-a-long-strange-trip-it-has-been-for-my-bike\/","url_meta":{"origin":265,"position":5},"title":"\u00a1Qu\u00e9 viaje tan largo y extra\u00f1o ha sido (para mi bicicleta)!","author":"Admin","date":"14\/09\/2025","format":false,"excerpt":"En septiembre de 2025, mi bicicleta finalmente regres\u00f3 conmigo a Espa\u00f1a.","rel":"","context":"En \u00abDaily life\u00bb","block_context":{"text":"Daily life","link":"https:\/\/www.valenciablue.com\/es\/category\/daily-life\/"},"img":{"alt_text":"A taped and sealed bike box over transparent background.","src":"https:\/\/mlr04w2evrow.i.optimole.com\/cb:O59K.20376\/w:auto\/h:auto\/q:mauto\/f:best\/https:\/\/i0.wp.com\/mlr04w2evrow.i.optimole.com\/w%3A1200\/h%3A900\/q%3Amauto\/process%3A1205\/id%3A8509ef52993a44ca0d4d66b93eb137a6\/https%3A\/\/www.valenciablue.com\/box-condition-start-edge.png?resize=350%2C200&ssl=1","width":350,"height":200,"srcset":"https:\/\/mlr04w2evrow.i.optimole.com\/cb:O59K.20376\/w:auto\/h:auto\/q:mauto\/f:best\/https:\/\/i0.wp.com\/mlr04w2evrow.i.optimole.com\/w%3A1200\/h%3A900\/q%3Amauto\/process%3A1205\/id%3A8509ef52993a44ca0d4d66b93eb137a6\/https%3A\/\/www.valenciablue.com\/box-condition-start-edge.png?resize=350%2C200&ssl=1 1x, https:\/\/mlr04w2evrow.i.optimole.com\/cb:O59K.20376\/w:auto\/h:auto\/q:mauto\/f:best\/https:\/\/i0.wp.com\/mlr04w2evrow.i.optimole.com\/w%3A1200\/h%3A900\/q%3Amauto\/process%3A1205\/id%3A8509ef52993a44ca0d4d66b93eb137a6\/https%3A\/\/www.valenciablue.com\/box-condition-start-edge.png?resize=525%2C300&ssl=1 1.5x, https:\/\/mlr04w2evrow.i.optimole.com\/cb:O59K.20376\/w:auto\/h:auto\/q:mauto\/f:best\/https:\/\/i0.wp.com\/mlr04w2evrow.i.optimole.com\/w%3A1200\/h%3A900\/q%3Amauto\/process%3A1205\/id%3A8509ef52993a44ca0d4d66b93eb137a6\/https%3A\/\/www.valenciablue.com\/box-condition-start-edge.png?resize=700%2C400&ssl=1 2x, https:\/\/mlr04w2evrow.i.optimole.com\/cb:O59K.20376\/w:auto\/h:auto\/q:mauto\/f:best\/https:\/\/i0.wp.com\/mlr04w2evrow.i.optimole.com\/w%3A1200\/h%3A900\/q%3Amauto\/process%3A1205\/id%3A8509ef52993a44ca0d4d66b93eb137a6\/https%3A\/\/www.valenciablue.com\/box-condition-start-edge.png?resize=1050%2C600&ssl=1 3x"},"classes":[]}],"jetpack_shortlink":"https:\/\/wp.me\/pftBvt-4h","jetpack_sharing_enabled":true,"jetpack_likes_enabled":true,"_links":{"self":[{"href":"https:\/\/www.valenciablue.com\/es\/wp-json\/wp\/v2\/posts\/265","targetHints":{"allow":["GET"]}}],"collection":[{"href":"https:\/\/www.valenciablue.com\/es\/wp-json\/wp\/v2\/posts"}],"about":[{"href":"https:\/\/www.valenciablue.com\/es\/wp-json\/wp\/v2\/types\/post"}],"author":[{"embeddable":true,"href":"https:\/\/www.valenciablue.com\/es\/wp-json\/wp\/v2\/users\/2"}],"replies":[{"embeddable":true,"href":"https:\/\/www.valenciablue.com\/es\/wp-json\/wp\/v2\/comments?post=265"}],"version-history":[{"count":19,"href":"https:\/\/www.valenciablue.com\/es\/wp-json\/wp\/v2\/posts\/265\/revisions"}],"predecessor-version":[{"id":739,"href":"https:\/\/www.valenciablue.com\/es\/wp-json\/wp\/v2\/posts\/265\/revisions\/739"}],"wp:featuredmedia":[{"embeddable":true,"href":"https:\/\/www.valenciablue.com\/es\/wp-json\/wp\/v2\/media\/298"}],"wp:attachment":[{"href":"https:\/\/www.valenciablue.com\/es\/wp-json\/wp\/v2\/media?parent=265"}],"wp:term":[{"taxonomy":"category","embeddable":true,"href":"https:\/\/www.valenciablue.com\/es\/wp-json\/wp\/v2\/categories?post=265"},{"taxonomy":"post_tag","embeddable":true,"href":"https:\/\/www.valenciablue.com\/es\/wp-json\/wp\/v2\/tags?post=265"}],"curies":[{"name":"gracias","href":"https:\/\/api.w.org\/{rel}","templated":true}]}}