{"id":1384,"date":"2026-03-15T12:07:53","date_gmt":"2026-03-15T12:07:53","guid":{"rendered":"https:\/\/www.valenciablue.com\/?p=1384"},"modified":"2026-03-15T12:14:32","modified_gmt":"2026-03-15T12:14:32","slug":"along-with-allergies-the-new-year-marks-the-beginning-of-the-spanish-tax-season","status":"publish","type":"post","link":"https:\/\/www.valenciablue.com\/es\/along-with-allergies-the-new-year-marks-the-beginning-of-the-spanish-tax-season\/","title":{"rendered":"Junto con las alergias, el nuevo a\u00f1o marca el inicio de la temporada fiscal espa\u00f1ola"},"content":{"rendered":"<h2 class=\"wp-block-heading\">With spring approaching, the blooms are out on the almond and olive trees in the Valencia region<\/h2>\n\n\n\n<p>This flowery harbinger also marks the beginning of the tax season. And just as irritating, the allergy season, but that\u2019s a story for another day\u2026<\/p>\n\n\n\n<p>There is the old clich\u00e9 about death and taxes: Two things that one can always expect. I\u2019m not dead yet, so it\u2019s taxes. Specifically tax liability in Spain. As a tax resident, you live more than 183 days in a year in Spain. Therefore, you are obligated to file a wealth and income tax form here.<\/p>\n\n\n\n<p>If you are a United States citizen, then you must file a domestic return. This is required regardless of where you live. The U.S., you see, is <a href=\"https:\/\/csglobalpartners.com\/resources\/the-difference-between-citizenship-and-tax-residence\/\" target=\"_blank\" rel=\"noreferrer noopener\">one of only two nations<\/a>, Eritrea being the other one, that tax their citizens globally.<\/p>\n\n\n\n<figure class=\"wp-block-image size-large\"><img data-opt-id=154393841  fetchpriority=\"high\" decoding=\"async\" src=\"https:\/\/ian.macky.net\/pat\/map\/er\/er_blk.gif\" alt=\"Map showing the countries surrounding Eritrea.\"\/><\/figure>\n\n\n\n<h2 class=\"wp-block-heading\">The following is not tax advice &#8211; merely a recounting of a personal experience<\/h2>\n\n\n\n<p>Taxes, and especially, international income, can get you mired deep in the weeds. So, consult a professional tax advisor to navigate your personal situation. Actually, I used a tax advisor for my first returns here. This provided me with a template to report the various items for the Spanish tax forms.<\/p>\n\n\n\n<p>The big assessment is the <a href=\"https:\/\/sede.agenciatributaria.gob.es\/Sede\/en_gb\/irpf.html\" target=\"_blank\" rel=\"noreferrer noopener\">personal income tax<\/a>. Known in Spanish as the <em>Impuesto sobre la Renta de las Personas F\u00edsicas<\/em>,<em> <\/em>or more familiarly the IRPF. This is the one most of us are most acquainted with. The filing is due by the end of June.<\/p>\n\n\n\n<p>Spain also has a <a href=\"https:\/\/sede.agenciatributaria.gob.es\/Sede\/en_gb\/declaraciones-informativas-otros-impuestos-tasas\/impuesto-sobre-patrimonio.html\" target=\"_blank\" rel=\"noreferrer noopener\">&#8220;Wealth Tax\u201d (<em>impuesto de patrimonio<\/em>)<\/a>. That is the value of all assets: financial accounts, investments, and real estate holdings. \u201cWealth\u201d is a misnomer. Basically it&#8217;s the total value of assets. The amount you report is then subject to a progressive tax. Spanish regions have varying thresholds at where you are expected to pay the tax and how much.<\/p>\n\n\n\n<p>There\u2019s also the <a href=\"https:\/\/sede.agenciatributaria.gob.es\/Sede\/en_gb\/declaraciones-informativas-otros-impuestos-tasas\/impuesto-temporal-solidaridad-grandes-fortunas.html\" target=\"_blank\" rel=\"noreferrer noopener\">\u201cSolidarity Tax\u201d (<em>Impuesto de Solidaridad<\/em>)<\/a>. It ensures everyone pays at least something, even if the <em>comunidad<\/em> doesn\u2019t have a wealth tax. Anyway, that\u2019s the way it\u2019s supposed to work.<\/p>\n\n\n\n<h2 class=\"wp-block-heading\">Keep your eye on the ball, and that one, and that one, too<\/h2>\n\n\n\n<p>With that out of the way, here\u2019s how it works in practice.<\/p>\n\n\n\n<p>A quick glossary of terms:<\/p>\n\n\n\n<ul class=\"wp-block-list\">\n<li><a href=\"https:\/\/sede.agenciatributaria.gob.es\/Sede\/en_gb\/procedimientoini\/GI34.shtml\" target=\"_blank\" rel=\"noreferrer noopener\">Modelo 720<\/a>: It\u2019s the informational filing to tell the taxing authority of what you own.<\/li>\n\n\n\n<li><a href=\"https:\/\/sede.agenciatributaria.gob.es\/Sede\/en_gb\/tramitacion\/G611.shtml\">Model<\/a><a href=\"https:\/\/sede.agenciatributaria.gob.es\/Sede\/en_gb\/tramitacion\/G611.shtml\" target=\"_blank\" rel=\"noreferrer noopener\">o<\/a><a href=\"https:\/\/sede.agenciatributaria.gob.es\/Sede\/en_gb\/tramitacion\/G611.shtml\"> 714<\/a>: It\u2019s the actual filing you make to find out what you owe on what you own.<\/li>\n\n\n\n<li><a href=\"https:\/\/sede.agenciatributaria.gob.es\/Sede\/en_gb\/irpf.html\" target=\"_blank\" rel=\"noreferrer noopener\">IRPF<\/a>: It\u2019s the income tax due on what you earned during the tax year.<\/li>\n\n\n\n<li><a href=\"https:\/\/www.irs.gov\/forms-pubs\/about-form-1040\" target=\"_blank\" rel=\"noreferrer noopener\">IRS 1040<\/a>: This is the main form filed by U.S. taxpayers, which can include all sorts of attached forms.<\/li>\n<\/ul>\n\n\n\n<p>OK, dear reader, your head is spinning by now. But wait, it gets better.<\/p>\n\n\n\n<p>The Modelo 720 is due by 31 March. The Modelo 714 is due between the beginning of April and the end of June. The IRPF is due by 30 June, with the first payment due soon after. In between that is the U.S. filing to the IRS, which is traditionally due on 15 April (depending on holidays or a weekend).<\/p>\n\n\n\n<figure class=\"wp-block-image size-full\"><img data-opt-id=1716488234  fetchpriority=\"high\" decoding=\"async\" width=\"1880\" height=\"1253\" src=\"https:\/\/mlr04w2evrow.i.optimole.com\/cb:O59K.20376\/w:auto\/h:auto\/q:mauto\/f:best\/id:43ff3480ba9b00e96dd0abd0b8325ce4\/https:\/\/www.valenciablue.com\/pexels-photo-30496788.jpeg\" alt=\"dynamic juggling props against a clear blue sky\" class=\"wp-image-1385\"\/><figcaption class=\"wp-element-caption\">Photo by Cihan Y\u00fcce on <a href=\"https:\/\/www.pexels.com\/photo\/dynamic-juggling-props-against-a-clear-blue-sky-30496788\/\" rel=\"nofollow\">Pexels.com<\/a><\/figcaption><\/figure>\n\n\n\n<h2 class=\"wp-block-heading\">Got that? Keep all the balls in the air<\/h2>\n\n\n\n<p>At the beginning of the year, one files the Modelo 720. After that, it\u2019s suggested to do a preliminary 1040. This helps to see what is owed to the IRS. Then, file an extension to October. Around 1 April the site to file the Modelo 714 opens for the tax year. File that and note the tax amount (if any, it depends where you reside in Spain). <\/p>\n\n\n\n<p>Next, it\u2019s the IRPF using the numbers used for the IRS 1040. After determining the Spanish tax liability, apply those numbers to the 1040. This offsets any stateside taxes (the double taxation thing). It\u2019s like a whole other ballgame &#8211; even in Spanish. Don&#8217;t forget to make the conversion from your home currency to the Euro&#8217;s value at the end of tax year.<\/p>\n\n\n\n<div class=\"wp-block-media-text is-stacked-on-mobile\"><figure class=\"wp-block-media-text__media\"><img data-opt-id=1138610232  fetchpriority=\"high\" decoding=\"async\" width=\"467\" height=\"264\" src=\"https:\/\/mlr04w2evrow.i.optimole.com\/cb:O59K.20376\/w:auto\/h:auto\/q:mauto\/f:best\/id:b81e30f9a4feeae8ebe4e9afd2435e4b\/https:\/\/www.valenciablue.com\/irpf-translation-help-guide.png\" alt=\"Screen capture of drop-down menu showing languages available for the online help guide.\" class=\"wp-image-1386 size-full\"\/><\/figure><div class=\"wp-block-media-text__content\">\n<p>With the exception of the 1040 form, all the above is done in Spanish. Well, you can get a Spanish translation of the 1040 if you want. The help guides from Spain\u2019s <a href=\"https:\/\/sede.agenciatributaria.gob.es\/\">Agencia Tributaria<\/a> are translated into English and other languages. However, the actual filing fields remain in Spanish, Catalan, Valencian, Galician, or Basque.<\/p>\n<\/div><\/div>\n\n\n\n<p>Using <a href=\"https:\/\/www.valenciablue.com\/es\/?s=gestor\" target=\"_blank\" rel=\"noreferrer noopener\">tax professionals<\/a> is recommended at the onset. Even if you are comfortable with filing U.S. taxes, for Spain it\u2019s a whole other ballgame. Sort of like the difference between U.S. football and European football. It sounds the same. There are a similar number of players on the field per side. But that is about it. The competition is that both teams (or countries) want to maximize their winnings (taxes).<\/p>\n\n\n\n<figure class=\"wp-block-gallery has-nested-images columns-default is-cropped wp-block-gallery-2 is-layout-flex wp-block-gallery-is-layout-flex\">\n<figure class=\"wp-block-image size-large\"><img data-opt-id=2123228552  data-opt-src=\"https:\/\/mlr04w2evrow.i.optimole.com\/cb:O59K.20376\/w:1024\/h:682\/q:mauto\/f:best\/id:167b07ccda55f9ce98761a59eeb61b8d\/https:\/\/www.valenciablue.com\/pexels-photo-209956-2.jpeg\"  decoding=\"async\" data-id=\"1389\" src=\"data:image/svg+xml,%3Csvg%20viewBox%3D%220%200%201024%20682%22%20width%3D%221024%22%20height%3D%22682%22%20xmlns%3D%22http%3A%2F%2Fwww.w3.org%2F2000%2Fsvg%22%3E%3Crect%20width%3D%221024%22%20height%3D%22682%22%20fill%3D%22transparent%22%2F%3E%3C%2Fsvg%3E\" alt=\"kigoa football on green grass during daytime\" class=\"wp-image-1389\"\/><figcaption class=\"wp-element-caption\">Foto de Pixabay en <a href=\"https:\/\/www.pexels.com\/photo\/kigoa-football-on-green-grass-during-daytime-209956\/\" rel=\"nofollow\">Pexels.com<\/a><\/figcaption><\/figure>\n\n\n\n<figure class=\"wp-block-image size-large\"><img data-opt-id=130238066  data-opt-src=\"https:\/\/mlr04w2evrow.i.optimole.com\/cb:O59K.20376\/w:1024\/h:682\/q:mauto\/f:best\/id:c1f39274e205e1cac03886360b3db7ae\/https:\/\/www.valenciablue.com\/pexels-photo-29941838.jpeg\"  decoding=\"async\" data-id=\"1390\" src=\"data:image/svg+xml,%3Csvg%20viewBox%3D%220%200%201024%20682%22%20width%3D%221024%22%20height%3D%22682%22%20xmlns%3D%22http%3A%2F%2Fwww.w3.org%2F2000%2Fsvg%22%3E%3Crect%20width%3D%221024%22%20height%3D%22682%22%20fill%3D%22transparent%22%2F%3E%3C%2Fsvg%3E\" alt=\"soccer ball on grass field during daytime\" class=\"wp-image-1390\"\/><figcaption class=\"wp-element-caption\">Photo by PABLO G\u00d3MEZ on <a href=\"https:\/\/www.pexels.com\/photo\/soccer-ball-on-grass-field-during-daytime-29941838\/\" rel=\"nofollow\">Pexels.com<\/a><\/figcaption><\/figure>\n<\/figure>\n\n\n\n<h2 class=\"wp-block-heading\">The upside of death?<\/h2>\n\n\n\n<div class=\"wp-block-media-text has-media-on-the-right is-stacked-on-mobile\" style=\"grid-template-columns:auto 48%\"><div class=\"wp-block-media-text__content\">\n<p>If you die at any point in the tax year, you usually are not expected to pay the wealth tax. That is the death part. Lucky you.<br><\/p>\n<\/div><figure class=\"wp-block-media-text__media\"><img data-opt-id=1234488418  data-opt-src=\"https:\/\/mlr04w2evrow.i.optimole.com\/cb:O59K.20376\/w:auto\/h:auto\/q:mauto\/f:best\/id:14ecce5a659ffa95b0c6ee74dd61c23b\/https:\/\/www.valenciablue.com\/pexels-photo-1447096.jpeg\"  decoding=\"async\" width=\"1880\" height=\"1253\" src=\"data:image/svg+xml,%3Csvg%20viewBox%3D%220%200%20100%%20100%%22%20width%3D%22100%%22%20height%3D%22100%%22%20xmlns%3D%22http%3A%2F%2Fwww.w3.org%2F2000%2Fsvg%22%3E%3Crect%20width%3D%22100%%22%20height%3D%22100%%22%20fill%3D%22transparent%22%2F%3E%3C%2Fsvg%3E\" alt=\"person wearing guy fawkes mask while holding scythe\" class=\"wp-image-1391 size-full\"\/><\/figure><\/div>\n\n\n\n<p>Want to know more about what\u2019s due and when?&nbsp; <a href=\"https:\/\/sede.agenciatributaria.gob.es\/Sede\/en_gb\/ayuda\/calendario-contribuyente\/calendario-contribuyente-2026.html\">Here\u2019s the tax calendar for the year 2026<\/a> in Spain.<\/p>\n\n\n\n<figure class=\"wp-block-image size-large is-resized\"><a href=\"http:\/\/s.todaysplan.com.au\/en\/calendar\"><img data-opt-id=35275510  data-opt-src=\"https:\/\/sede.agenciatributaria.gob.es\/static_files\/Sede\/Calendario_Contribuyente\/2026\/Portada_calendario_2026_en_gb.jpg\"  decoding=\"async\" src=\"data:image/svg+xml,%3Csvg%20viewBox%3D%220%200%20100%%20100%%22%20width%3D%22100%%22%20height%3D%22100%%22%20xmlns%3D%22http%3A%2F%2Fwww.w3.org%2F2000%2Fsvg%22%3E%3Crect%20width%3D%22100%%22%20height%3D%22100%%22%20fill%3D%22transparent%22%2F%3E%3C%2Fsvg%3E\" alt=\"\" style=\"width:378px;height:auto\"\/><\/a><\/figure>\n\n\n\n<p>This is not to dissuade anyone from moving abroad &#8211; or to Spain in particular. Just know that there\u2019s more to the decision than just finding a place to live. Taxes are part of life. And when they are not, that&#8217;s the other thing.<\/p>","protected":false},"excerpt":{"rendered":"<p>Existe el viejo t\u00f3pico sobre la muerte y los impuestos: Dos cosas que uno siempre puede esperar. A\u00fan no estoy muerto, as\u00ed que son los impuestos.<\/p>","protected":false},"author":2,"featured_media":1393,"comment_status":"open","ping_status":"closed","sticky":false,"template":"","format":"standard","meta":{"advanced_seo_description":"","jetpack_seo_html_title":"","jetpack_seo_noindex":false,"jetpack_post_was_ever_published":false,"_jetpack_newsletter_access":"","_jetpack_dont_email_post_to_subs":false,"_jetpack_newsletter_tier_id":0,"_jetpack_memberships_contains_paywalled_content":false,"_jetpack_memberships_contains_paid_content":false,"footnotes":"","jetpack_publicize_message":"","jetpack_publicize_feature_enabled":true,"jetpack_social_post_already_shared":true,"jetpack_social_options":{"image_generator_settings":{"template":"highway","default_image_id":0,"font":"","enabled":false},"version":2}},"categories":[1,9],"tags":[54,61,99,98],"class_list":["post-1384","post","type-post","status-publish","format-standard","has-post-thumbnail","hentry","category-daily-life","category-updates","tag-living-in-valencia-spain","tag-spanish-bureaucracy","tag-spanish-taxes","tag-taxes"],"jetpack_publicize_connections":[],"jetpack_featured_media_url":"https:\/\/mlr04w2evrow.i.optimole.com\/cb:O59K.20376\/w:1200\/h:900\/q:mauto\/f:best\/id:cf7b2c5200a40596187ba1f7b8923d76\/https:\/\/www.valenciablue.com\/flores-de-almendro.jpg","jetpack-related-posts":[{"id":962,"url":"https:\/\/www.valenciablue.com\/es\/what-i-know-now-but-didnt-before-about-moving-to-spain\/","url_meta":{"origin":1384,"position":0},"title":"Lo que s\u00e9 ahora, pero no sab\u00eda antes, sobre mudarme a Espa\u00f1a","author":"Admin","date":"06\/04\/2025","format":false,"excerpt":"Este es un resumen r\u00e1pido, y ciertamente no exhaustivo, de algunas de las cosas que descubr\u00ed.","rel":"","context":"En \u00abDaily life\u00bb","block_context":{"text":"Daily life","link":"https:\/\/www.valenciablue.com\/es\/category\/daily-life\/"},"img":{"alt_text":"man and woman sitting on brown wooden bench","src":"https:\/\/mlr04w2evrow.i.optimole.com\/cb:O59K.20376\/w:auto\/h:auto\/q:mauto\/f:best\/https:\/\/i0.wp.com\/mlr04w2evrow.i.optimole.com\/w%3A1674\/h%3A1300\/q%3Amauto\/process%3A966\/id%3A1b83fd08418fce20f946e72b8ce13097\/https%3A\/\/www.valenciablue.com\/pexels-photo-1034597.jpeg?resize=350%2C200&ssl=1","width":350,"height":200,"srcset":"https:\/\/mlr04w2evrow.i.optimole.com\/cb:O59K.20376\/w:auto\/h:auto\/q:mauto\/f:best\/https:\/\/i0.wp.com\/mlr04w2evrow.i.optimole.com\/w%3A1674\/h%3A1300\/q%3Amauto\/process%3A966\/id%3A1b83fd08418fce20f946e72b8ce13097\/https%3A\/\/www.valenciablue.com\/pexels-photo-1034597.jpeg?resize=350%2C200&ssl=1 1x, https:\/\/mlr04w2evrow.i.optimole.com\/cb:O59K.20376\/w:auto\/h:auto\/q:mauto\/f:best\/https:\/\/i0.wp.com\/mlr04w2evrow.i.optimole.com\/w%3A1674\/h%3A1300\/q%3Amauto\/process%3A966\/id%3A1b83fd08418fce20f946e72b8ce13097\/https%3A\/\/www.valenciablue.com\/pexels-photo-1034597.jpeg?resize=525%2C300&ssl=1 1.5x, https:\/\/mlr04w2evrow.i.optimole.com\/cb:O59K.20376\/w:auto\/h:auto\/q:mauto\/f:best\/https:\/\/i0.wp.com\/mlr04w2evrow.i.optimole.com\/w%3A1674\/h%3A1300\/q%3Amauto\/process%3A966\/id%3A1b83fd08418fce20f946e72b8ce13097\/https%3A\/\/www.valenciablue.com\/pexels-photo-1034597.jpeg?resize=700%2C400&ssl=1 2x, https:\/\/mlr04w2evrow.i.optimole.com\/cb:O59K.20376\/w:auto\/h:auto\/q:mauto\/f:best\/https:\/\/i0.wp.com\/mlr04w2evrow.i.optimole.com\/w%3A1674\/h%3A1300\/q%3Amauto\/process%3A966\/id%3A1b83fd08418fce20f946e72b8ce13097\/https%3A\/\/www.valenciablue.com\/pexels-photo-1034597.jpeg?resize=1050%2C600&ssl=1 3x, https:\/\/mlr04w2evrow.i.optimole.com\/cb:O59K.20376\/w:auto\/h:auto\/q:mauto\/f:best\/https:\/\/i0.wp.com\/mlr04w2evrow.i.optimole.com\/w%3A1674\/h%3A1300\/q%3Amauto\/process%3A966\/id%3A1b83fd08418fce20f946e72b8ce13097\/https%3A\/\/www.valenciablue.com\/pexels-photo-1034597.jpeg?resize=1400%2C800&ssl=1 4x"},"classes":[]},{"id":488,"url":"https:\/\/www.valenciablue.com\/es\/getting-here-is-half-the-fun-your-new-life-in-valencia\/","url_meta":{"origin":1384,"position":1},"title":"Llegar aqu\u00ed es la mitad de la diversi\u00f3n: tu nueva vida en Valencia","author":"Admin","date":"12\/05\/2024","format":false,"excerpt":"Despu\u00e9s de llegar, todav\u00eda quedan muchas decisiones por tomar. Los h\u00e1bitos que daba por sentados ahora deben rehacerse y volverse a aprender.","rel":"","context":"En \u00abDaily life\u00bb","block_context":{"text":"Daily life","link":"https:\/\/www.valenciablue.com\/es\/category\/daily-life\/"},"img":{"alt_text":"The words \"Viva Espa\u00f1a\" spray-painted on a wall.","src":"https:\/\/mlr04w2evrow.i.optimole.com\/cb:O59K.20376\/w:auto\/h:auto\/q:mauto\/f:best\/https:\/\/i0.wp.com\/mlr04w2evrow.i.optimole.com\/w%3A1200\/h%3A900\/q%3Amauto\/process%3A494\/id%3Aab245a72644e90a3c176000b1534d744\/https%3A\/\/www.valenciablue.com\/viva-espana-featured.jpg?resize=350%2C200&ssl=1","width":350,"height":200,"srcset":"https:\/\/mlr04w2evrow.i.optimole.com\/cb:O59K.20376\/w:auto\/h:auto\/q:mauto\/f:best\/https:\/\/i0.wp.com\/mlr04w2evrow.i.optimole.com\/w%3A1200\/h%3A900\/q%3Amauto\/process%3A494\/id%3Aab245a72644e90a3c176000b1534d744\/https%3A\/\/www.valenciablue.com\/viva-espana-featured.jpg?resize=350%2C200&ssl=1 1x, https:\/\/mlr04w2evrow.i.optimole.com\/cb:O59K.20376\/w:auto\/h:auto\/q:mauto\/f:best\/https:\/\/i0.wp.com\/mlr04w2evrow.i.optimole.com\/w%3A1200\/h%3A900\/q%3Amauto\/process%3A494\/id%3Aab245a72644e90a3c176000b1534d744\/https%3A\/\/www.valenciablue.com\/viva-espana-featured.jpg?resize=525%2C300&ssl=1 1.5x, https:\/\/mlr04w2evrow.i.optimole.com\/cb:O59K.20376\/w:auto\/h:auto\/q:mauto\/f:best\/https:\/\/i0.wp.com\/mlr04w2evrow.i.optimole.com\/w%3A1200\/h%3A900\/q%3Amauto\/process%3A494\/id%3Aab245a72644e90a3c176000b1534d744\/https%3A\/\/www.valenciablue.com\/viva-espana-featured.jpg?resize=700%2C400&ssl=1 2x, https:\/\/mlr04w2evrow.i.optimole.com\/cb:O59K.20376\/w:auto\/h:auto\/q:mauto\/f:best\/https:\/\/i0.wp.com\/mlr04w2evrow.i.optimole.com\/w%3A1200\/h%3A900\/q%3Amauto\/process%3A494\/id%3Aab245a72644e90a3c176000b1534d744\/https%3A\/\/www.valenciablue.com\/viva-espana-featured.jpg?resize=1050%2C600&ssl=1 3x"},"classes":[]},{"id":724,"url":"https:\/\/www.valenciablue.com\/es\/thats-it-im-leaving-the-u-s\/","url_meta":{"origin":1384,"position":2},"title":"Eso es todo; me voy de los Estados Unidos.","author":"Admin","date":"10\/11\/2024","format":false,"excerpt":"Un sentimiento de \u201cAmerexit\u201d se ha apoderado de algunos ciudadanos estadounidenses debido a los resultados de las elecciones presidenciales estadounidenses de 2024.","rel":"","context":"En \u00abDaily life\u00bb","block_context":{"text":"Daily life","link":"https:\/\/www.valenciablue.com\/es\/category\/daily-life\/"},"img":{"alt_text":"Cardboard moving boxes in a row over a black and white background.","src":"https:\/\/mlr04w2evrow.i.optimole.com\/cb:O59K.20376\/w:auto\/h:auto\/q:mauto\/f:best\/https:\/\/i0.wp.com\/mlr04w2evrow.i.optimole.com\/w%3A2560\/h%3A1920\/q%3Amauto\/process%3A727\/id%3A2478b3d3d12aec0a1a4fba9569e0ef44\/https%3A\/\/www.valenciablue.com\/moving-boxes-bw-background-featured-image-4x3-1.jpg?resize=350%2C200&ssl=1","width":350,"height":200,"srcset":"https:\/\/mlr04w2evrow.i.optimole.com\/cb:O59K.20376\/w:auto\/h:auto\/q:mauto\/f:best\/https:\/\/i0.wp.com\/mlr04w2evrow.i.optimole.com\/w%3A2560\/h%3A1920\/q%3Amauto\/process%3A727\/id%3A2478b3d3d12aec0a1a4fba9569e0ef44\/https%3A\/\/www.valenciablue.com\/moving-boxes-bw-background-featured-image-4x3-1.jpg?resize=350%2C200&ssl=1 1x, https:\/\/mlr04w2evrow.i.optimole.com\/cb:O59K.20376\/w:auto\/h:auto\/q:mauto\/f:best\/https:\/\/i0.wp.com\/mlr04w2evrow.i.optimole.com\/w%3A2560\/h%3A1920\/q%3Amauto\/process%3A727\/id%3A2478b3d3d12aec0a1a4fba9569e0ef44\/https%3A\/\/www.valenciablue.com\/moving-boxes-bw-background-featured-image-4x3-1.jpg?resize=525%2C300&ssl=1 1.5x, https:\/\/mlr04w2evrow.i.optimole.com\/cb:O59K.20376\/w:auto\/h:auto\/q:mauto\/f:best\/https:\/\/i0.wp.com\/mlr04w2evrow.i.optimole.com\/w%3A2560\/h%3A1920\/q%3Amauto\/process%3A727\/id%3A2478b3d3d12aec0a1a4fba9569e0ef44\/https%3A\/\/www.valenciablue.com\/moving-boxes-bw-background-featured-image-4x3-1.jpg?resize=700%2C400&ssl=1 2x, https:\/\/mlr04w2evrow.i.optimole.com\/cb:O59K.20376\/w:auto\/h:auto\/q:mauto\/f:best\/https:\/\/i0.wp.com\/mlr04w2evrow.i.optimole.com\/w%3A2560\/h%3A1920\/q%3Amauto\/process%3A727\/id%3A2478b3d3d12aec0a1a4fba9569e0ef44\/https%3A\/\/www.valenciablue.com\/moving-boxes-bw-background-featured-image-4x3-1.jpg?resize=1050%2C600&ssl=1 3x, https:\/\/mlr04w2evrow.i.optimole.com\/cb:O59K.20376\/w:auto\/h:auto\/q:mauto\/f:best\/https:\/\/i0.wp.com\/mlr04w2evrow.i.optimole.com\/w%3A2560\/h%3A1920\/q%3Amauto\/process%3A727\/id%3A2478b3d3d12aec0a1a4fba9569e0ef44\/https%3A\/\/www.valenciablue.com\/moving-boxes-bw-background-featured-image-4x3-1.jpg?resize=1400%2C800&ssl=1 4x"},"classes":[]},{"id":744,"url":"https:\/\/www.valenciablue.com\/es\/youre-going-to-confront-it-eventually-spanish-bureaucracy\/","url_meta":{"origin":1384,"position":3},"title":"Al final te vas a enfrentar a ello: la burocracia espa\u00f1ola","author":"Admin","date":"09\/12\/2024","format":false,"excerpt":"La molestia de tratar con un funcionario del gobierno en un idioma con el que no estoy familiarizado...","rel":"","context":"En \u00abDaily life\u00bb","block_context":{"text":"Daily life","link":"https:\/\/www.valenciablue.com\/es\/category\/daily-life\/"},"img":{"alt_text":"A wait number over a form to be filled out.","src":"https:\/\/mlr04w2evrow.i.optimole.com\/cb:O59K.20376\/w:auto\/h:auto\/q:mauto\/f:best\/https:\/\/i0.wp.com\/mlr04w2evrow.i.optimole.com\/w%3A1200\/h%3A900\/q%3Amauto\/process%3A748\/id%3A601e0dba352a31406a2bfec2af00ac7d\/https%3A\/\/www.valenciablue.com\/solicitud-vlc.jpg?resize=350%2C200&ssl=1","width":350,"height":200,"srcset":"https:\/\/mlr04w2evrow.i.optimole.com\/cb:O59K.20376\/w:auto\/h:auto\/q:mauto\/f:best\/https:\/\/i0.wp.com\/mlr04w2evrow.i.optimole.com\/w%3A1200\/h%3A900\/q%3Amauto\/process%3A748\/id%3A601e0dba352a31406a2bfec2af00ac7d\/https%3A\/\/www.valenciablue.com\/solicitud-vlc.jpg?resize=350%2C200&ssl=1 1x, https:\/\/mlr04w2evrow.i.optimole.com\/cb:O59K.20376\/w:auto\/h:auto\/q:mauto\/f:best\/https:\/\/i0.wp.com\/mlr04w2evrow.i.optimole.com\/w%3A1200\/h%3A900\/q%3Amauto\/process%3A748\/id%3A601e0dba352a31406a2bfec2af00ac7d\/https%3A\/\/www.valenciablue.com\/solicitud-vlc.jpg?resize=525%2C300&ssl=1 1.5x, https:\/\/mlr04w2evrow.i.optimole.com\/cb:O59K.20376\/w:auto\/h:auto\/q:mauto\/f:best\/https:\/\/i0.wp.com\/mlr04w2evrow.i.optimole.com\/w%3A1200\/h%3A900\/q%3Amauto\/process%3A748\/id%3A601e0dba352a31406a2bfec2af00ac7d\/https%3A\/\/www.valenciablue.com\/solicitud-vlc.jpg?resize=700%2C400&ssl=1 2x, https:\/\/mlr04w2evrow.i.optimole.com\/cb:O59K.20376\/w:auto\/h:auto\/q:mauto\/f:best\/https:\/\/i0.wp.com\/mlr04w2evrow.i.optimole.com\/w%3A1200\/h%3A900\/q%3Amauto\/process%3A748\/id%3A601e0dba352a31406a2bfec2af00ac7d\/https%3A\/\/www.valenciablue.com\/solicitud-vlc.jpg?resize=1050%2C600&ssl=1 3x"},"classes":[]},{"id":1287,"url":"https:\/\/www.valenciablue.com\/es\/christmas-fusion-or-how-old-meets-new-in-spain\/","url_meta":{"origin":1384,"position":4},"title":"Fusi\u00f3n navide\u00f1a o c\u00f3mo lo antiguo se encuentra con lo nuevo en Espa\u00f1a","author":"Admin","date":"22\/12\/2025","format":false,"excerpt":"No se trata de una observaci\u00f3n del tipo &quot;esto o aquello es mejor&quot;. Es solo que, bueno, la Navidad en Espa\u00f1a es diferente a la de Estados Unidos.","rel":"","context":"En \u00abDaily life\u00bb","block_context":{"text":"Daily life","link":"https:\/\/www.valenciablue.com\/es\/category\/daily-life\/"},"img":{"alt_text":"Strings of Christmas lights hang in front of a bell tower in Valencia, Spain.","src":"https:\/\/mlr04w2evrow.i.optimole.com\/cb:O59K.20376\/w:auto\/h:auto\/q:mauto\/f:best\/https:\/\/i0.wp.com\/mlr04w2evrow.i.optimole.com\/w%3A1200\/h%3A900\/q%3Amauto\/process%3A1288\/id%3A2ed4b6d6a1f680aa834926cd758244e6\/https%3A\/\/www.valenciablue.com\/featured-lights-bell-tower.jpg?resize=350%2C200&ssl=1","width":350,"height":200,"srcset":"https:\/\/mlr04w2evrow.i.optimole.com\/cb:O59K.20376\/w:auto\/h:auto\/q:mauto\/f:best\/https:\/\/i0.wp.com\/mlr04w2evrow.i.optimole.com\/w%3A1200\/h%3A900\/q%3Amauto\/process%3A1288\/id%3A2ed4b6d6a1f680aa834926cd758244e6\/https%3A\/\/www.valenciablue.com\/featured-lights-bell-tower.jpg?resize=350%2C200&ssl=1 1x, https:\/\/mlr04w2evrow.i.optimole.com\/cb:O59K.20376\/w:auto\/h:auto\/q:mauto\/f:best\/https:\/\/i0.wp.com\/mlr04w2evrow.i.optimole.com\/w%3A1200\/h%3A900\/q%3Amauto\/process%3A1288\/id%3A2ed4b6d6a1f680aa834926cd758244e6\/https%3A\/\/www.valenciablue.com\/featured-lights-bell-tower.jpg?resize=525%2C300&ssl=1 1.5x, https:\/\/mlr04w2evrow.i.optimole.com\/cb:O59K.20376\/w:auto\/h:auto\/q:mauto\/f:best\/https:\/\/i0.wp.com\/mlr04w2evrow.i.optimole.com\/w%3A1200\/h%3A900\/q%3Amauto\/process%3A1288\/id%3A2ed4b6d6a1f680aa834926cd758244e6\/https%3A\/\/www.valenciablue.com\/featured-lights-bell-tower.jpg?resize=700%2C400&ssl=1 2x, https:\/\/mlr04w2evrow.i.optimole.com\/cb:O59K.20376\/w:auto\/h:auto\/q:mauto\/f:best\/https:\/\/i0.wp.com\/mlr04w2evrow.i.optimole.com\/w%3A1200\/h%3A900\/q%3Amauto\/process%3A1288\/id%3A2ed4b6d6a1f680aa834926cd758244e6\/https%3A\/\/www.valenciablue.com\/featured-lights-bell-tower.jpg?resize=1050%2C600&ssl=1 3x"},"classes":[]},{"id":1222,"url":"https:\/\/www.valenciablue.com\/es\/planning-your-life-in-spain-what-you-did-not-expect\/","url_meta":{"origin":1384,"position":5},"title":"Planificando tu vida en Espa\u00f1a; lo que no esperabas","author":"Admin","date":"20\/10\/2025","format":false,"excerpt":"Sinceramente, no sabes c\u00f3mo es vivir en un lugar a menos que lo hagas. Es decir, un viaje corto de reconocimiento no es suficiente.","rel":"","context":"En \u00abDaily life\u00bb","block_context":{"text":"Daily life","link":"https:\/\/www.valenciablue.com\/es\/category\/daily-life\/"},"img":{"alt_text":"Las Fallas fireworks exploding over a city street.","src":"https:\/\/mlr04w2evrow.i.optimole.com\/cb:O59K.20376\/w:auto\/h:auto\/q:mauto\/f:best\/https:\/\/i0.wp.com\/mlr04w2evrow.i.optimole.com\/w%3A1200\/h%3A900\/q%3Amauto\/process%3A1224\/id%3Ab6b394aaf30d3a74860bd6ba89622f1e\/https%3A\/\/www.valenciablue.com\/vlc-las-fallas-fireworks.jpg?resize=350%2C200&ssl=1","width":350,"height":200,"srcset":"https:\/\/mlr04w2evrow.i.optimole.com\/cb:O59K.20376\/w:auto\/h:auto\/q:mauto\/f:best\/https:\/\/i0.wp.com\/mlr04w2evrow.i.optimole.com\/w%3A1200\/h%3A900\/q%3Amauto\/process%3A1224\/id%3Ab6b394aaf30d3a74860bd6ba89622f1e\/https%3A\/\/www.valenciablue.com\/vlc-las-fallas-fireworks.jpg?resize=350%2C200&ssl=1 1x, https:\/\/mlr04w2evrow.i.optimole.com\/cb:O59K.20376\/w:auto\/h:auto\/q:mauto\/f:best\/https:\/\/i0.wp.com\/mlr04w2evrow.i.optimole.com\/w%3A1200\/h%3A900\/q%3Amauto\/process%3A1224\/id%3Ab6b394aaf30d3a74860bd6ba89622f1e\/https%3A\/\/www.valenciablue.com\/vlc-las-fallas-fireworks.jpg?resize=525%2C300&ssl=1 1.5x, https:\/\/mlr04w2evrow.i.optimole.com\/cb:O59K.20376\/w:auto\/h:auto\/q:mauto\/f:best\/https:\/\/i0.wp.com\/mlr04w2evrow.i.optimole.com\/w%3A1200\/h%3A900\/q%3Amauto\/process%3A1224\/id%3Ab6b394aaf30d3a74860bd6ba89622f1e\/https%3A\/\/www.valenciablue.com\/vlc-las-fallas-fireworks.jpg?resize=700%2C400&ssl=1 2x, https:\/\/mlr04w2evrow.i.optimole.com\/cb:O59K.20376\/w:auto\/h:auto\/q:mauto\/f:best\/https:\/\/i0.wp.com\/mlr04w2evrow.i.optimole.com\/w%3A1200\/h%3A900\/q%3Amauto\/process%3A1224\/id%3Ab6b394aaf30d3a74860bd6ba89622f1e\/https%3A\/\/www.valenciablue.com\/vlc-las-fallas-fireworks.jpg?resize=1050%2C600&ssl=1 3x"},"classes":[]}],"jetpack_shortlink":"https:\/\/wp.me\/pftBvt-mk","jetpack_sharing_enabled":true,"jetpack_likes_enabled":true,"_links":{"self":[{"href":"https:\/\/www.valenciablue.com\/es\/wp-json\/wp\/v2\/posts\/1384","targetHints":{"allow":["GET"]}}],"collection":[{"href":"https:\/\/www.valenciablue.com\/es\/wp-json\/wp\/v2\/posts"}],"about":[{"href":"https:\/\/www.valenciablue.com\/es\/wp-json\/wp\/v2\/types\/post"}],"author":[{"embeddable":true,"href":"https:\/\/www.valenciablue.com\/es\/wp-json\/wp\/v2\/users\/2"}],"replies":[{"embeddable":true,"href":"https:\/\/www.valenciablue.com\/es\/wp-json\/wp\/v2\/comments?post=1384"}],"version-history":[{"count":9,"href":"https:\/\/www.valenciablue.com\/es\/wp-json\/wp\/v2\/posts\/1384\/revisions"}],"predecessor-version":[{"id":1401,"href":"https:\/\/www.valenciablue.com\/es\/wp-json\/wp\/v2\/posts\/1384\/revisions\/1401"}],"wp:featuredmedia":[{"embeddable":true,"href":"https:\/\/www.valenciablue.com\/es\/wp-json\/wp\/v2\/media\/1393"}],"wp:attachment":[{"href":"https:\/\/www.valenciablue.com\/es\/wp-json\/wp\/v2\/media?parent=1384"}],"wp:term":[{"taxonomy":"category","embeddable":true,"href":"https:\/\/www.valenciablue.com\/es\/wp-json\/wp\/v2\/categories?post=1384"},{"taxonomy":"post_tag","embeddable":true,"href":"https:\/\/www.valenciablue.com\/es\/wp-json\/wp\/v2\/tags?post=1384"}],"curies":[{"name":"gracias","href":"https:\/\/api.w.org\/{rel}","templated":true}]}}