{"id":1287,"date":"2025-12-22T11:12:15","date_gmt":"2025-12-22T11:12:15","guid":{"rendered":"https:\/\/www.valenciablue.com\/?p=1287"},"modified":"2025-12-22T11:12:19","modified_gmt":"2025-12-22T11:12:19","slug":"christmas-fusion-or-how-old-meets-new-in-spain","status":"publish","type":"post","link":"https:\/\/www.valenciablue.com\/es\/christmas-fusion-or-how-old-meets-new-in-spain\/","title":{"rendered":"Fusi\u00f3n navide\u00f1a o c\u00f3mo lo antiguo se encuentra con lo nuevo en Espa\u00f1a"},"content":{"rendered":"<h2 class=\"wp-block-heading\">Una vista en diapositivas de la fusi\u00f3n del esp\u00edritu navide\u00f1o<\/h2>\n\n\n\n<div class=\"wp-block-media-text is-stacked-on-mobile\" style=\"grid-template-columns:41% auto\"><figure class=\"wp-block-media-text__media\"><img data-opt-id=1765194106  fetchpriority=\"high\" decoding=\"async\" src=\"https:\/\/mlr04w2evrow.i.optimole.com\/cb:O59K.20376\/w:808\/h:1024\/q:mauto\/f:best\/id:853305f2ccd8d691a618a9c5751caf0d\/https:\/\/www.valenciablue.com\/media-santa-girl-window.jpg\" alt=\"\" class=\"wp-image-1304 size-full\"\/><\/figure><div class=\"wp-block-media-text__content\">\n<p>En Espa\u00f1a, durante las fiestas navide\u00f1as, hay una (con)fusi\u00f3n de culturas. Muchas tradiciones y decoraciones navide\u00f1as no significan lo mismo aqu\u00ed que en Estados Unidos. <\/p>\n\n\n\n<p>No se trata de una observaci\u00f3n de &quot;esto o aquello es mejor&quot;. Es solo que, bueno, es diferente a lo que ocurre en Estados Unidos. Basta con fijarse en las ofertas del Viernes Negro, repletas de globos negros y otros adornos de colores similares. El Viernes Negro cae despu\u00e9s del jueves de Acci\u00f3n de Gracias (EE. UU.). Sin embargo, no existe el D\u00eda de Acci\u00f3n de Gracias en Espa\u00f1a, ni en Europa, de hecho.<\/p>\n\n\n\n<p>En los Estados Unidos. <a href=\"https:\/\/www.britannica.com\/story\/why-is-it-called-black-friday\" target=\"_blank\" rel=\"noreferrer noopener\">Viernes Negro<\/a> Marca el inicio de la temporada de compras. El capitalismo navide\u00f1o se descontrola. Incluso ver\u00e1s las rebajas a finales de octubre (Halloween).<\/p>\n\n\n\n<p>Otra idea prestada es la preponderancia de las figuras de Santa Claus, San Nicol\u00e1s o Pap\u00e1 Noel. No es realmente aut\u00f3ctono, ya que es una importaci\u00f3n del norte de Europa y Estados Unidos. El gran d\u00eda, el 6 de enero, es la &quot;Fiesta de los Reyes Magos&quot;.\u201c<em><a href=\"https:\/\/es.wikipedia.org\/wiki\/Reyes_Magos\" target=\"_blank\" rel=\"noreferrer noopener\">D\u00eda de los Reyes Magos<\/a>.<\/em>\u201dEs entonces cuando tradicionalmente se intercambian regalos.<\/p>\n<\/div><\/div>\n\n\n\n<p>En cualquier caso, este no es un estudio exhaustivo de la historia de la Navidad en Espa\u00f1a y la Comunidad Valenciana. Aqu\u00ed tienes un vistazo r\u00e1pido en diapositivas a algunas de las exhibiciones navide\u00f1as de Valencia. Algunas son antiguas, otras son m\u00e1s recientes. Y algunas, bueno, son simplemente interesantes.<\/p>\n\n\n\n<div class=\"wp-block-jetpack-slideshow aligncenter\" data-effect=\"slide\" style=\"--aspect-ratio:calc(1024 \/ 576)\"><div class=\"wp-block-jetpack-slideshow_container swiper\"><ul class=\"wp-block-jetpack-slideshow_swiper-wrapper swiper-wrapper\"><li class=\"wp-block-jetpack-slideshow_slide swiper-slide\"><figure><img data-opt-id=1067840255  fetchpriority=\"high\" decoding=\"async\" width=\"1600\" height=\"900\" alt=\"An illuminated Christmas tree near the &quot;Fuente de las Acequias&quot; in the &quot;Plaza de la Virgen.&quot;\" class=\"wp-block-jetpack-slideshow_image wp-image-1298\" data-id=\"1298\" data-aspect-ratio=\"1024 \/ 576\" src=\"https:\/\/mlr04w2evrow.i.optimole.com\/cb:O59K.20376\/w:auto\/h:auto\/q:mauto\/f:best\/id:95b2ec0db3d5632c63414e694482fd33\/https:\/\/www.valenciablue.com\/slideshow-fuente-de-las-acequias.jpg\"\/><figcaption class=\"wp-block-jetpack-slideshow_caption gallery-caption\">Un \u00e1rbol de Navidad de luces cerca de la \u201cFuente de las Acequias\u201d en la \u201cPlaza de la Virgen\u201d.\u201d<\/figcaption><\/figure><\/li><li class=\"wp-block-jetpack-slideshow_slide swiper-slide\"><figure><img data-opt-id=8896655  fetchpriority=\"high\" decoding=\"async\" width=\"1600\" height=\"900\" alt=\"Christmas tree of lights at Mercat Colon.\" class=\"wp-block-jetpack-slideshow_image wp-image-1301\" data-id=\"1301\" data-aspect-ratio=\"1024 \/ 576\" src=\"https:\/\/mlr04w2evrow.i.optimole.com\/cb:O59K.20376\/w:auto\/h:auto\/q:mauto\/f:best\/id:31ebd65bf9fb4ce364045dcc755ae6bc\/https:\/\/www.valenciablue.com\/slideshow-mercat-colon.jpg\"\/><figcaption class=\"wp-block-jetpack-slideshow_caption gallery-caption\">Otro \u00e1rbol de Navidad en el Mercat Col\u00f3n.<\/figcaption><\/figure><\/li><li class=\"wp-block-jetpack-slideshow_slide swiper-slide\"><figure><img data-opt-id=906681835  data-opt-src=\"https:\/\/mlr04w2evrow.i.optimole.com\/cb:O59K.20376\/w:auto\/h:auto\/q:mauto\/f:best\/id:957057a310c4a5f9bc3e04bc21b7cbd4\/https:\/\/www.valenciablue.com\/slideshow-nativity.jpg\"  decoding=\"async\" width=\"1600\" height=\"900\" alt=\"A Nativity scene showing Mary, the Christ child Jesus, and Joseph.\" class=\"wp-block-jetpack-slideshow_image wp-image-1293\" data-id=\"1293\" data-aspect-ratio=\"1024 \/ 576\" src=\"data:image/svg+xml,%3Csvg%20viewBox%3D%220%200%20100%%20100%%22%20width%3D%22100%%22%20height%3D%22100%%22%20xmlns%3D%22http%3A%2F%2Fwww.w3.org%2F2000%2Fsvg%22%3E%3Crect%20width%3D%22100%%22%20height%3D%22100%%22%20fill%3D%22transparent%22%2F%3E%3C%2Fsvg%3E\"\/><figcaption class=\"wp-block-jetpack-slideshow_caption gallery-caption\">Un bel\u00e9n en Valencia.<\/figcaption><\/figure><\/li><li class=\"wp-block-jetpack-slideshow_slide swiper-slide\"><figure><img data-opt-id=241309413  data-opt-src=\"https:\/\/mlr04w2evrow.i.optimole.com\/cb:O59K.20376\/w:auto\/h:auto\/q:mauto\/f:best\/id:9bd28445b0b1847a513621c99f45194a\/https:\/\/www.valenciablue.com\/slideshow-ice-rink-ayuntamiento.jpg\"  decoding=\"async\" width=\"1600\" height=\"900\" alt=\"Ice skaters circling an Ice rink in Valencia, Spain.\" class=\"wp-block-jetpack-slideshow_image wp-image-1297\" data-id=\"1297\" data-aspect-ratio=\"1024 \/ 576\" src=\"data:image/svg+xml,%3Csvg%20viewBox%3D%220%200%20100%%20100%%22%20width%3D%22100%%22%20height%3D%22100%%22%20xmlns%3D%22http%3A%2F%2Fwww.w3.org%2F2000%2Fsvg%22%3E%3Crect%20width%3D%22100%%22%20height%3D%22100%%22%20fill%3D%22transparent%22%2F%3E%3C%2Fsvg%3E\"\/><figcaption class=\"wp-block-jetpack-slideshow_caption gallery-caption\">La pista de patinaje de temporada instalada en la Plaza del Ayuntamiento de Valencia.<\/figcaption><\/figure><\/li><li class=\"wp-block-jetpack-slideshow_slide swiper-slide\"><figure><img data-opt-id=1446686192  data-opt-src=\"https:\/\/mlr04w2evrow.i.optimole.com\/cb:O59K.20376\/w:auto\/h:auto\/q:mauto\/f:best\/id:3507fd70be58ffeaf89126a7e0772d0d\/https:\/\/www.valenciablue.com\/slideshow-ornament.jpg\"  decoding=\"async\" width=\"1600\" height=\"900\" alt=\"A giant ornament outlined in lights in the &quot;Plaza del Ayuntamiento&quot; (City Hall Square), Valencia.\" class=\"wp-block-jetpack-slideshow_image wp-image-1303\" data-id=\"1303\" data-aspect-ratio=\"1024 \/ 576\" src=\"data:image/svg+xml,%3Csvg%20viewBox%3D%220%200%20100%%20100%%22%20width%3D%22100%%22%20height%3D%22100%%22%20xmlns%3D%22http%3A%2F%2Fwww.w3.org%2F2000%2Fsvg%22%3E%3Crect%20width%3D%22100%%22%20height%3D%22100%%22%20fill%3D%22transparent%22%2F%3E%3C%2Fsvg%3E\"\/><figcaption class=\"wp-block-jetpack-slideshow_caption gallery-caption\">Un adorno gigante en la Plaza del Ayuntamiento de Valencia.<\/figcaption><\/figure><\/li><li class=\"wp-block-jetpack-slideshow_slide swiper-slide\"><figure><img data-opt-id=563625992  data-opt-src=\"https:\/\/mlr04w2evrow.i.optimole.com\/cb:O59K.20376\/w:auto\/h:auto\/q:mauto\/f:best\/id:e0a3d670bcbcaa9cb5a7514a9f5af27f\/https:\/\/www.valenciablue.com\/slideshow-street-decorations.jpg\"  decoding=\"async\" width=\"1600\" height=\"900\" alt=\"A street-level view showing trees, stars, and other shapes outlined by lights.\" class=\"wp-block-jetpack-slideshow_image wp-image-1299\" data-id=\"1299\" data-aspect-ratio=\"1024 \/ 576\" src=\"data:image/svg+xml,%3Csvg%20viewBox%3D%220%200%20100%%20100%%22%20width%3D%22100%%22%20height%3D%22100%%22%20xmlns%3D%22http%3A%2F%2Fwww.w3.org%2F2000%2Fsvg%22%3E%3Crect%20width%3D%22100%%22%20height%3D%22100%%22%20fill%3D%22transparent%22%2F%3E%3C%2Fsvg%3E\"\/><figcaption class=\"wp-block-jetpack-slideshow_caption gallery-caption\">Una vista de la calle.<\/figcaption><\/figure><\/li><li class=\"wp-block-jetpack-slideshow_slide swiper-slide\"><figure><img data-opt-id=392256196  data-opt-src=\"https:\/\/mlr04w2evrow.i.optimole.com\/cb:O59K.20376\/w:auto\/h:auto\/q:mauto\/f:best\/id:06c62237ba123fd418a27b1d9b063921\/https:\/\/www.valenciablue.com\/slideshow-papa-noel.jpg\"  decoding=\"async\" width=\"1600\" height=\"900\" alt=\"A person dressed in a Santa Claus costume stands with children for a photograph.\" class=\"wp-block-jetpack-slideshow_image wp-image-1300\" data-id=\"1300\" data-aspect-ratio=\"1024 \/ 576\" src=\"data:image/svg+xml,%3Csvg%20viewBox%3D%220%200%20100%%20100%%22%20width%3D%22100%%22%20height%3D%22100%%22%20xmlns%3D%22http%3A%2F%2Fwww.w3.org%2F2000%2Fsvg%22%3E%3Crect%20width%3D%22100%%22%20height%3D%22100%%22%20fill%3D%22transparent%22%2F%3E%3C%2Fsvg%3E\"\/><figcaption class=\"wp-block-jetpack-slideshow_caption gallery-caption\">Pap\u00e1 Noel hace una \u201csesi\u00f3n de fotos\u201d con los ni\u00f1os.<\/figcaption><\/figure><\/li><li class=\"wp-block-jetpack-slideshow_slide swiper-slide\"><figure><img data-opt-id=446866979  data-opt-src=\"https:\/\/mlr04w2evrow.i.optimole.com\/cb:O59K.20376\/w:auto\/h:auto\/q:mauto\/f:best\/id:f4575ea86b3a178d08de926f176e3b39\/https:\/\/www.valenciablue.com\/slideshow-santa-la-vall-d-uixo.jpg\"  decoding=\"async\" width=\"1600\" height=\"900\" alt=\"A figurine of a Christmas elf placed on a bar in front of the cash register.\" class=\"wp-block-jetpack-slideshow_image wp-image-1294\" data-id=\"1294\" data-aspect-ratio=\"1024 \/ 576\" src=\"data:image/svg+xml,%3Csvg%20viewBox%3D%220%200%20100%%20100%%22%20width%3D%22100%%22%20height%3D%22100%%22%20xmlns%3D%22http%3A%2F%2Fwww.w3.org%2F2000%2Fsvg%22%3E%3Crect%20width%3D%22100%%22%20height%3D%22100%%22%20fill%3D%22transparent%22%2F%3E%3C%2Fsvg%3E\"\/><figcaption class=\"wp-block-jetpack-slideshow_caption gallery-caption\">El duende de Pap\u00e1 Noel vigila el bar de La Vall d&#039;Uix\u00f3.<\/figcaption><\/figure><\/li><li class=\"wp-block-jetpack-slideshow_slide swiper-slide\"><figure><img data-opt-id=656801950  data-opt-src=\"https:\/\/mlr04w2evrow.i.optimole.com\/cb:O59K.20376\/w:auto\/h:auto\/q:mauto\/f:best\/id:d17e1af7abf9daeceef9e719a50a3eaf\/https:\/\/www.valenciablue.com\/slideshow-balconies-gatova.jpg\"  decoding=\"async\" width=\"1600\" height=\"900\" alt=\"Balconies decorated with poinsettias and other flowers in G\u00e1tova.\" class=\"wp-block-jetpack-slideshow_image wp-image-1292\" data-id=\"1292\" data-aspect-ratio=\"1024 \/ 576\" src=\"data:image/svg+xml,%3Csvg%20viewBox%3D%220%200%20100%%20100%%22%20width%3D%22100%%22%20height%3D%22100%%22%20xmlns%3D%22http%3A%2F%2Fwww.w3.org%2F2000%2Fsvg%22%3E%3Crect%20width%3D%22100%%22%20height%3D%22100%%22%20fill%3D%22transparent%22%2F%3E%3C%2Fsvg%3E\"\/><figcaption class=\"wp-block-jetpack-slideshow_caption gallery-caption\">Balcones decorados con flores de Pascua y otras flores en G\u00e1tova.<\/figcaption><\/figure><\/li><li class=\"wp-block-jetpack-slideshow_slide swiper-slide\"><figure><img data-opt-id=1631231158  data-opt-src=\"https:\/\/mlr04w2evrow.i.optimole.com\/cb:O59K.20376\/w:auto\/h:auto\/q:mauto\/f:best\/id:144d3733f6fcc35ff4ec45637dc631de\/https:\/\/www.valenciablue.com\/slideshow-turrones-casinos.jpg\"  decoding=\"async\" width=\"1600\" height=\"900\" alt=\"Turrones or candies being packed in cardboard boxes for shipping.\" class=\"wp-block-jetpack-slideshow_image wp-image-1296\" data-id=\"1296\" data-aspect-ratio=\"1024 \/ 576\" src=\"data:image/svg+xml,%3Csvg%20viewBox%3D%220%200%20100%%20100%%22%20width%3D%22100%%22%20height%3D%22100%%22%20xmlns%3D%22http%3A%2F%2Fwww.w3.org%2F2000%2Fsvg%22%3E%3Crect%20width%3D%22100%%22%20height%3D%22100%%22%20fill%3D%22transparent%22%2F%3E%3C%2Fsvg%3E\"\/><figcaption class=\"wp-block-jetpack-slideshow_caption gallery-caption\">Turrones o dulces siendo envasados en Casinos.<\/figcaption><\/figure><\/li><li class=\"wp-block-jetpack-slideshow_slide swiper-slide\"><figure><img data-opt-id=1016873173  data-opt-src=\"https:\/\/mlr04w2evrow.i.optimole.com\/cb:O59K.20376\/w:auto\/h:auto\/q:mauto\/f:best\/id:4454869db07da94b2e156b374eb8c7ee\/https:\/\/www.valenciablue.com\/slideshow-cat.jpg\"  decoding=\"async\" width=\"1600\" height=\"900\" alt=\"An orange cat looks at the camera from underneath a holiday tree.\" class=\"wp-block-jetpack-slideshow_image wp-image-1295\" data-id=\"1295\" data-aspect-ratio=\"1024 \/ 576\" src=\"data:image/svg+xml,%3Csvg%20viewBox%3D%220%200%20100%%20100%%22%20width%3D%22100%%22%20height%3D%22100%%22%20xmlns%3D%22http%3A%2F%2Fwww.w3.org%2F2000%2Fsvg%22%3E%3Crect%20width%3D%22100%%22%20height%3D%22100%%22%20fill%3D%22transparent%22%2F%3E%3C%2Fsvg%3E\"\/><figcaption class=\"wp-block-jetpack-slideshow_caption gallery-caption\">Una reciente incorporaci\u00f3n, nuestro gato espa\u00f1ol.<\/figcaption><\/figure><\/li><\/ul><a class=\"wp-block-jetpack-slideshow_button-prev swiper-button-prev swiper-button-white\" role=\"button\"><\/a><a class=\"wp-block-jetpack-slideshow_button-next swiper-button-next swiper-button-white\" role=\"button\"><\/a><a aria-label=\"Pausar presentaci\u00f3n de diapositivas\" class=\"wp-block-jetpack-slideshow_button-pause\" role=\"button\"><\/a><div class=\"wp-block-jetpack-slideshow_pagination swiper-pagination swiper-pagination-white\"><\/div><\/div><\/div>","protected":false},"excerpt":{"rendered":"<p>No se trata de una observaci\u00f3n del tipo &quot;esto o aquello es mejor&quot;. Es solo que, bueno, la Navidad en Espa\u00f1a es diferente a la de Estados Unidos.<\/p>","protected":false},"author":2,"featured_media":1288,"comment_status":"open","ping_status":"closed","sticky":false,"template":"","format":"standard","meta":{"advanced_seo_description":"Many Christmas traditions and decorations don't mean the same thing in Spain as they do in the United States. ","jetpack_seo_html_title":"Christmas in Valencia Spain is a mash-up of cultures","jetpack_seo_noindex":false,"jetpack_post_was_ever_published":false,"_jetpack_newsletter_access":"","_jetpack_dont_email_post_to_subs":false,"_jetpack_newsletter_tier_id":0,"_jetpack_memberships_contains_paywalled_content":false,"_jetpack_memberships_contains_paid_content":false,"footnotes":"","jetpack_publicize_message":"The big day, 6 January, is \u00a0the \"Feast of the Kings,\" or\u00a0\"D\u00eda de los Reyes Magos.\" That's when gifts are traditionally exchanged.","jetpack_publicize_feature_enabled":true,"jetpack_social_post_already_shared":true,"jetpack_social_options":{"image_generator_settings":{"template":"highway","default_image_id":0,"font":"","enabled":false},"version":2}},"categories":[1,9],"tags":[95,92,93,94,96],"class_list":["post-1287","post","type-post","status-publish","format-standard","has-post-thumbnail","hentry","category-daily-life","category-updates","tag-black-friday-spain","tag-christmas-in-spain","tag-christmas-valencia-spain","tag-holidays-in-spain","tag-thanksgiving-spain"],"jetpack_publicize_connections":[],"jetpack_featured_media_url":"https:\/\/mlr04w2evrow.i.optimole.com\/cb:O59K.20376\/w:1200\/h:900\/q:mauto\/f:best\/id:2ed4b6d6a1f680aa834926cd758244e6\/https:\/\/www.valenciablue.com\/featured-lights-bell-tower.jpg","jetpack-related-posts":[{"id":790,"url":"https:\/\/www.valenciablue.com\/es\/against-all-odds-playing-el-gordo\/","url_meta":{"origin":1287,"position":0},"title":"Contra todo pron\u00f3stico: jugar El Gordo","author":"Admin","date":"22\/12\/2024","format":false,"excerpt":"El Gordo es la gran loter\u00eda de Espa\u00f1a que se celebra en distintos momentos del a\u00f1o.","rel":"","context":"En \u00abDaily life\u00bb","block_context":{"text":"Daily life","link":"https:\/\/www.valenciablue.com\/es\/category\/daily-life\/"},"img":{"alt_text":"Spanish National Lottery total amounts shown on computer screen.","src":"https:\/\/mlr04w2evrow.i.optimole.com\/cb:O59K.20376\/w:auto\/h:auto\/q:mauto\/f:best\/https:\/\/i0.wp.com\/mlr04w2evrow.i.optimole.com\/w%3A2560\/h%3A1920\/q%3Amauto\/process%3A805\/id%3A4b50189b8e25fa18b23c1e16ac2baf7e\/https%3A\/\/www.valenciablue.com\/el-gordo-payouts-4x3-1.jpg?resize=350%2C200&ssl=1","width":350,"height":200,"srcset":"https:\/\/mlr04w2evrow.i.optimole.com\/cb:O59K.20376\/w:auto\/h:auto\/q:mauto\/f:best\/https:\/\/i0.wp.com\/mlr04w2evrow.i.optimole.com\/w%3A2560\/h%3A1920\/q%3Amauto\/process%3A805\/id%3A4b50189b8e25fa18b23c1e16ac2baf7e\/https%3A\/\/www.valenciablue.com\/el-gordo-payouts-4x3-1.jpg?resize=350%2C200&ssl=1 1x, https:\/\/mlr04w2evrow.i.optimole.com\/cb:O59K.20376\/w:auto\/h:auto\/q:mauto\/f:best\/https:\/\/i0.wp.com\/mlr04w2evrow.i.optimole.com\/w%3A2560\/h%3A1920\/q%3Amauto\/process%3A805\/id%3A4b50189b8e25fa18b23c1e16ac2baf7e\/https%3A\/\/www.valenciablue.com\/el-gordo-payouts-4x3-1.jpg?resize=525%2C300&ssl=1 1.5x, https:\/\/mlr04w2evrow.i.optimole.com\/cb:O59K.20376\/w:auto\/h:auto\/q:mauto\/f:best\/https:\/\/i0.wp.com\/mlr04w2evrow.i.optimole.com\/w%3A2560\/h%3A1920\/q%3Amauto\/process%3A805\/id%3A4b50189b8e25fa18b23c1e16ac2baf7e\/https%3A\/\/www.valenciablue.com\/el-gordo-payouts-4x3-1.jpg?resize=700%2C400&ssl=1 2x, https:\/\/mlr04w2evrow.i.optimole.com\/cb:O59K.20376\/w:auto\/h:auto\/q:mauto\/f:best\/https:\/\/i0.wp.com\/mlr04w2evrow.i.optimole.com\/w%3A2560\/h%3A1920\/q%3Amauto\/process%3A805\/id%3A4b50189b8e25fa18b23c1e16ac2baf7e\/https%3A\/\/www.valenciablue.com\/el-gordo-payouts-4x3-1.jpg?resize=1050%2C600&ssl=1 3x, https:\/\/mlr04w2evrow.i.optimole.com\/cb:O59K.20376\/w:auto\/h:auto\/q:mauto\/f:best\/https:\/\/i0.wp.com\/mlr04w2evrow.i.optimole.com\/w%3A2560\/h%3A1920\/q%3Amauto\/process%3A805\/id%3A4b50189b8e25fa18b23c1e16ac2baf7e\/https%3A\/\/www.valenciablue.com\/el-gordo-payouts-4x3-1.jpg?resize=1400%2C800&ssl=1 4x"},"classes":[]},{"id":509,"url":"https:\/\/www.valenciablue.com\/es\/embracing-the-golden-years-retiring-in-spain\/","url_meta":{"origin":1287,"position":1},"title":"Abrazando los a\u00f1os dorados: Jubilarse en Espa\u00f1a","author":"Admin","date":"26\/06\/2024","format":false,"excerpt":"La edad me est\u00e1 acechando. Intento mantenerme activa y estar en Espa\u00f1a sin duda me ayuda a lograr ese objetivo. Pero en alg\u00fan momento voy a necesitar ayuda.","rel":"","context":"En \u00abDaily life\u00bb","block_context":{"text":"Daily life","link":"https:\/\/www.valenciablue.com\/es\/category\/daily-life\/"},"img":{"alt_text":"Elderly couple walking down the street with the pictured tinted in yellow.","src":"https:\/\/mlr04w2evrow.i.optimole.com\/cb:O59K.20376\/w:auto\/h:auto\/q:mauto\/f:best\/https:\/\/i0.wp.com\/mlr04w2evrow.i.optimole.com\/w%3A1200\/h%3A900\/q%3Amauto\/process%3A540\/id%3Acea24497ee3394344fa57c523fa7b4a1\/https%3A\/\/www.valenciablue.com\/elderly-couple-gold-1200x900-1.jpg?resize=350%2C200&ssl=1","width":350,"height":200,"srcset":"https:\/\/mlr04w2evrow.i.optimole.com\/cb:O59K.20376\/w:auto\/h:auto\/q:mauto\/f:best\/https:\/\/i0.wp.com\/mlr04w2evrow.i.optimole.com\/w%3A1200\/h%3A900\/q%3Amauto\/process%3A540\/id%3Acea24497ee3394344fa57c523fa7b4a1\/https%3A\/\/www.valenciablue.com\/elderly-couple-gold-1200x900-1.jpg?resize=350%2C200&ssl=1 1x, https:\/\/mlr04w2evrow.i.optimole.com\/cb:O59K.20376\/w:auto\/h:auto\/q:mauto\/f:best\/https:\/\/i0.wp.com\/mlr04w2evrow.i.optimole.com\/w%3A1200\/h%3A900\/q%3Amauto\/process%3A540\/id%3Acea24497ee3394344fa57c523fa7b4a1\/https%3A\/\/www.valenciablue.com\/elderly-couple-gold-1200x900-1.jpg?resize=525%2C300&ssl=1 1.5x, https:\/\/mlr04w2evrow.i.optimole.com\/cb:O59K.20376\/w:auto\/h:auto\/q:mauto\/f:best\/https:\/\/i0.wp.com\/mlr04w2evrow.i.optimole.com\/w%3A1200\/h%3A900\/q%3Amauto\/process%3A540\/id%3Acea24497ee3394344fa57c523fa7b4a1\/https%3A\/\/www.valenciablue.com\/elderly-couple-gold-1200x900-1.jpg?resize=700%2C400&ssl=1 2x, https:\/\/mlr04w2evrow.i.optimole.com\/cb:O59K.20376\/w:auto\/h:auto\/q:mauto\/f:best\/https:\/\/i0.wp.com\/mlr04w2evrow.i.optimole.com\/w%3A1200\/h%3A900\/q%3Amauto\/process%3A540\/id%3Acea24497ee3394344fa57c523fa7b4a1\/https%3A\/\/www.valenciablue.com\/elderly-couple-gold-1200x900-1.jpg?resize=1050%2C600&ssl=1 3x"},"classes":[]},{"id":1167,"url":"https:\/\/www.valenciablue.com\/es\/paternalism-still-pops-up-unexpectedly-in-spain\/","url_meta":{"origin":1287,"position":2},"title":"El paternalismo sigue apareciendo inesperadamente en Espa\u00f1a","author":"Admin","date":"17\/08\/2025","format":false,"excerpt":"Normalmente no frecuento los ba\u00f1os de mujeres, pero a simple vista not\u00e9 una disparidad entre las instalaciones de hombres y mujeres.","rel":"","context":"En \u00abDaily life\u00bb","block_context":{"text":"Daily life","link":"https:\/\/www.valenciablue.com\/es\/category\/daily-life\/"},"img":{"alt_text":"A man and woman's silhouette marking the entrance on a restroom door.","src":"https:\/\/mlr04w2evrow.i.optimole.com\/cb:O59K.20376\/w:auto\/h:auto\/q:mauto\/f:best\/https:\/\/i0.wp.com\/mlr04w2evrow.i.optimole.com\/w%3A1200\/h%3A900\/q%3Amauto\/process%3A1181\/id%3A52387369a9c1617658d31cdea51931b8\/https%3A\/\/www.valenciablue.com\/man-woman-sign-4x3-1.jpg?resize=350%2C200&ssl=1","width":350,"height":200,"srcset":"https:\/\/mlr04w2evrow.i.optimole.com\/cb:O59K.20376\/w:auto\/h:auto\/q:mauto\/f:best\/https:\/\/i0.wp.com\/mlr04w2evrow.i.optimole.com\/w%3A1200\/h%3A900\/q%3Amauto\/process%3A1181\/id%3A52387369a9c1617658d31cdea51931b8\/https%3A\/\/www.valenciablue.com\/man-woman-sign-4x3-1.jpg?resize=350%2C200&ssl=1 1x, https:\/\/mlr04w2evrow.i.optimole.com\/cb:O59K.20376\/w:auto\/h:auto\/q:mauto\/f:best\/https:\/\/i0.wp.com\/mlr04w2evrow.i.optimole.com\/w%3A1200\/h%3A900\/q%3Amauto\/process%3A1181\/id%3A52387369a9c1617658d31cdea51931b8\/https%3A\/\/www.valenciablue.com\/man-woman-sign-4x3-1.jpg?resize=525%2C300&ssl=1 1.5x, https:\/\/mlr04w2evrow.i.optimole.com\/cb:O59K.20376\/w:auto\/h:auto\/q:mauto\/f:best\/https:\/\/i0.wp.com\/mlr04w2evrow.i.optimole.com\/w%3A1200\/h%3A900\/q%3Amauto\/process%3A1181\/id%3A52387369a9c1617658d31cdea51931b8\/https%3A\/\/www.valenciablue.com\/man-woman-sign-4x3-1.jpg?resize=700%2C400&ssl=1 2x, https:\/\/mlr04w2evrow.i.optimole.com\/cb:O59K.20376\/w:auto\/h:auto\/q:mauto\/f:best\/https:\/\/i0.wp.com\/mlr04w2evrow.i.optimole.com\/w%3A1200\/h%3A900\/q%3Amauto\/process%3A1181\/id%3A52387369a9c1617658d31cdea51931b8\/https%3A\/\/www.valenciablue.com\/man-woman-sign-4x3-1.jpg?resize=1050%2C600&ssl=1 3x"},"classes":[]},{"id":1384,"url":"https:\/\/www.valenciablue.com\/es\/along-with-allergies-the-new-year-marks-the-beginning-of-the-spanish-tax-season\/","url_meta":{"origin":1287,"position":3},"title":"Junto con las alergias, el nuevo a\u00f1o marca el inicio de la temporada fiscal espa\u00f1ola","author":"Admin","date":"15\/03\/2026","format":false,"excerpt":"Existe el viejo t\u00f3pico sobre la muerte y los impuestos: Dos cosas que uno siempre puede esperar. A\u00fan no estoy muerto, as\u00ed que son los impuestos.","rel":"","context":"En \u00abDaily life\u00bb","block_context":{"text":"Daily life","link":"https:\/\/www.valenciablue.com\/es\/category\/daily-life\/"},"img":{"alt_text":"A bloom from an almond tree in Spain","src":"https:\/\/mlr04w2evrow.i.optimole.com\/cb:O59K.20376\/w:auto\/h:auto\/q:mauto\/f:best\/https:\/\/i0.wp.com\/mlr04w2evrow.i.optimole.com\/w%3A1200\/h%3A900\/q%3Amauto\/process%3A1393\/id%3Acf7b2c5200a40596187ba1f7b8923d76\/https%3A\/\/www.valenciablue.com\/flores-de-almendro.jpg?resize=350%2C200&ssl=1","width":350,"height":200,"srcset":"https:\/\/mlr04w2evrow.i.optimole.com\/cb:O59K.20376\/w:auto\/h:auto\/q:mauto\/f:best\/https:\/\/i0.wp.com\/mlr04w2evrow.i.optimole.com\/w%3A1200\/h%3A900\/q%3Amauto\/process%3A1393\/id%3Acf7b2c5200a40596187ba1f7b8923d76\/https%3A\/\/www.valenciablue.com\/flores-de-almendro.jpg?resize=350%2C200&ssl=1 1x, https:\/\/mlr04w2evrow.i.optimole.com\/cb:O59K.20376\/w:auto\/h:auto\/q:mauto\/f:best\/https:\/\/i0.wp.com\/mlr04w2evrow.i.optimole.com\/w%3A1200\/h%3A900\/q%3Amauto\/process%3A1393\/id%3Acf7b2c5200a40596187ba1f7b8923d76\/https%3A\/\/www.valenciablue.com\/flores-de-almendro.jpg?resize=525%2C300&ssl=1 1.5x, https:\/\/mlr04w2evrow.i.optimole.com\/cb:O59K.20376\/w:auto\/h:auto\/q:mauto\/f:best\/https:\/\/i0.wp.com\/mlr04w2evrow.i.optimole.com\/w%3A1200\/h%3A900\/q%3Amauto\/process%3A1393\/id%3Acf7b2c5200a40596187ba1f7b8923d76\/https%3A\/\/www.valenciablue.com\/flores-de-almendro.jpg?resize=700%2C400&ssl=1 2x, https:\/\/mlr04w2evrow.i.optimole.com\/cb:O59K.20376\/w:auto\/h:auto\/q:mauto\/f:best\/https:\/\/i0.wp.com\/mlr04w2evrow.i.optimole.com\/w%3A1200\/h%3A900\/q%3Amauto\/process%3A1393\/id%3Acf7b2c5200a40596187ba1f7b8923d76\/https%3A\/\/www.valenciablue.com\/flores-de-almendro.jpg?resize=1050%2C600&ssl=1 3x"},"classes":[]},{"id":962,"url":"https:\/\/www.valenciablue.com\/es\/what-i-know-now-but-didnt-before-about-moving-to-spain\/","url_meta":{"origin":1287,"position":4},"title":"Lo que s\u00e9 ahora, pero no sab\u00eda antes, sobre mudarme a Espa\u00f1a","author":"Admin","date":"06\/04\/2025","format":false,"excerpt":"Este es un resumen r\u00e1pido, y ciertamente no exhaustivo, de algunas de las cosas que descubr\u00ed.","rel":"","context":"En \u00abDaily life\u00bb","block_context":{"text":"Daily life","link":"https:\/\/www.valenciablue.com\/es\/category\/daily-life\/"},"img":{"alt_text":"man and woman sitting on brown wooden bench","src":"https:\/\/mlr04w2evrow.i.optimole.com\/cb:O59K.20376\/w:auto\/h:auto\/q:mauto\/f:best\/https:\/\/i0.wp.com\/mlr04w2evrow.i.optimole.com\/w%3A1674\/h%3A1300\/q%3Amauto\/process%3A966\/id%3A1b83fd08418fce20f946e72b8ce13097\/https%3A\/\/www.valenciablue.com\/pexels-photo-1034597.jpeg?resize=350%2C200&ssl=1","width":350,"height":200,"srcset":"https:\/\/mlr04w2evrow.i.optimole.com\/cb:O59K.20376\/w:auto\/h:auto\/q:mauto\/f:best\/https:\/\/i0.wp.com\/mlr04w2evrow.i.optimole.com\/w%3A1674\/h%3A1300\/q%3Amauto\/process%3A966\/id%3A1b83fd08418fce20f946e72b8ce13097\/https%3A\/\/www.valenciablue.com\/pexels-photo-1034597.jpeg?resize=350%2C200&ssl=1 1x, https:\/\/mlr04w2evrow.i.optimole.com\/cb:O59K.20376\/w:auto\/h:auto\/q:mauto\/f:best\/https:\/\/i0.wp.com\/mlr04w2evrow.i.optimole.com\/w%3A1674\/h%3A1300\/q%3Amauto\/process%3A966\/id%3A1b83fd08418fce20f946e72b8ce13097\/https%3A\/\/www.valenciablue.com\/pexels-photo-1034597.jpeg?resize=525%2C300&ssl=1 1.5x, https:\/\/mlr04w2evrow.i.optimole.com\/cb:O59K.20376\/w:auto\/h:auto\/q:mauto\/f:best\/https:\/\/i0.wp.com\/mlr04w2evrow.i.optimole.com\/w%3A1674\/h%3A1300\/q%3Amauto\/process%3A966\/id%3A1b83fd08418fce20f946e72b8ce13097\/https%3A\/\/www.valenciablue.com\/pexels-photo-1034597.jpeg?resize=700%2C400&ssl=1 2x, https:\/\/mlr04w2evrow.i.optimole.com\/cb:O59K.20376\/w:auto\/h:auto\/q:mauto\/f:best\/https:\/\/i0.wp.com\/mlr04w2evrow.i.optimole.com\/w%3A1674\/h%3A1300\/q%3Amauto\/process%3A966\/id%3A1b83fd08418fce20f946e72b8ce13097\/https%3A\/\/www.valenciablue.com\/pexels-photo-1034597.jpeg?resize=1050%2C600&ssl=1 3x, https:\/\/mlr04w2evrow.i.optimole.com\/cb:O59K.20376\/w:auto\/h:auto\/q:mauto\/f:best\/https:\/\/i0.wp.com\/mlr04w2evrow.i.optimole.com\/w%3A1674\/h%3A1300\/q%3Amauto\/process%3A966\/id%3A1b83fd08418fce20f946e72b8ce13097\/https%3A\/\/www.valenciablue.com\/pexels-photo-1034597.jpeg?resize=1400%2C800&ssl=1 4x"},"classes":[]},{"id":475,"url":"https:\/\/www.valenciablue.com\/es\/suddenly-just-like-that-im-an-empty-nester\/","url_meta":{"origin":1287,"position":5},"title":"De repente, as\u00ed como as\u00ed, soy un nido vac\u00edo.","author":"Admin","date":"12\/04\/2024","format":false,"excerpt":"El D\u00eda del Padre en Espa\u00f1a, mi hijo regres\u00f3 a los EE. UU. Su mam\u00e1 lo acompa\u00f1a, as\u00ed que me qued\u00e9 en Valencia, solo. Bueno, con los gatos de todos modos.","rel":"","context":"En \u00abDaily life\u00bb","block_context":{"text":"Daily life","link":"https:\/\/www.valenciablue.com\/es\/category\/daily-life\/"},"img":{"alt_text":"Statue of St. Joseph against a cloudy sky.","src":"https:\/\/mlr04w2evrow.i.optimole.com\/cb:O59K.20376\/w:auto\/h:auto\/q:mauto\/f:best\/https:\/\/i0.wp.com\/mlr04w2evrow.i.optimole.com\/w%3A1200\/h%3A900\/q%3Amauto\/process%3A477\/id%3Ab4eba8a48b0311a6f021c10d58689bac\/https%3A\/\/www.valenciablue.com\/san-jose-patron-saint-las-fallas.jpg?resize=350%2C200&ssl=1","width":350,"height":200,"srcset":"https:\/\/mlr04w2evrow.i.optimole.com\/cb:O59K.20376\/w:auto\/h:auto\/q:mauto\/f:best\/https:\/\/i0.wp.com\/mlr04w2evrow.i.optimole.com\/w%3A1200\/h%3A900\/q%3Amauto\/process%3A477\/id%3Ab4eba8a48b0311a6f021c10d58689bac\/https%3A\/\/www.valenciablue.com\/san-jose-patron-saint-las-fallas.jpg?resize=350%2C200&ssl=1 1x, https:\/\/mlr04w2evrow.i.optimole.com\/cb:O59K.20376\/w:auto\/h:auto\/q:mauto\/f:best\/https:\/\/i0.wp.com\/mlr04w2evrow.i.optimole.com\/w%3A1200\/h%3A900\/q%3Amauto\/process%3A477\/id%3Ab4eba8a48b0311a6f021c10d58689bac\/https%3A\/\/www.valenciablue.com\/san-jose-patron-saint-las-fallas.jpg?resize=525%2C300&ssl=1 1.5x, https:\/\/mlr04w2evrow.i.optimole.com\/cb:O59K.20376\/w:auto\/h:auto\/q:mauto\/f:best\/https:\/\/i0.wp.com\/mlr04w2evrow.i.optimole.com\/w%3A1200\/h%3A900\/q%3Amauto\/process%3A477\/id%3Ab4eba8a48b0311a6f021c10d58689bac\/https%3A\/\/www.valenciablue.com\/san-jose-patron-saint-las-fallas.jpg?resize=700%2C400&ssl=1 2x, https:\/\/mlr04w2evrow.i.optimole.com\/cb:O59K.20376\/w:auto\/h:auto\/q:mauto\/f:best\/https:\/\/i0.wp.com\/mlr04w2evrow.i.optimole.com\/w%3A1200\/h%3A900\/q%3Amauto\/process%3A477\/id%3Ab4eba8a48b0311a6f021c10d58689bac\/https%3A\/\/www.valenciablue.com\/san-jose-patron-saint-las-fallas.jpg?resize=1050%2C600&ssl=1 3x"},"classes":[]}],"jetpack_shortlink":"https:\/\/wp.me\/pftBvt-kL","jetpack_sharing_enabled":true,"jetpack_likes_enabled":true,"_links":{"self":[{"href":"https:\/\/www.valenciablue.com\/es\/wp-json\/wp\/v2\/posts\/1287","targetHints":{"allow":["GET"]}}],"collection":[{"href":"https:\/\/www.valenciablue.com\/es\/wp-json\/wp\/v2\/posts"}],"about":[{"href":"https:\/\/www.valenciablue.com\/es\/wp-json\/wp\/v2\/types\/post"}],"author":[{"embeddable":true,"href":"https:\/\/www.valenciablue.com\/es\/wp-json\/wp\/v2\/users\/2"}],"replies":[{"embeddable":true,"href":"https:\/\/www.valenciablue.com\/es\/wp-json\/wp\/v2\/comments?post=1287"}],"version-history":[{"count":4,"href":"https:\/\/www.valenciablue.com\/es\/wp-json\/wp\/v2\/posts\/1287\/revisions"}],"predecessor-version":[{"id":1312,"href":"https:\/\/www.valenciablue.com\/es\/wp-json\/wp\/v2\/posts\/1287\/revisions\/1312"}],"wp:featuredmedia":[{"embeddable":true,"href":"https:\/\/www.valenciablue.com\/es\/wp-json\/wp\/v2\/media\/1288"}],"wp:attachment":[{"href":"https:\/\/www.valenciablue.com\/es\/wp-json\/wp\/v2\/media?parent=1287"}],"wp:term":[{"taxonomy":"category","embeddable":true,"href":"https:\/\/www.valenciablue.com\/es\/wp-json\/wp\/v2\/categories?post=1287"},{"taxonomy":"post_tag","embeddable":true,"href":"https:\/\/www.valenciablue.com\/es\/wp-json\/wp\/v2\/tags?post=1287"}],"curies":[{"name":"gracias","href":"https:\/\/api.w.org\/{rel}","templated":true}]}}