{"id":1222,"date":"2025-10-20T17:02:57","date_gmt":"2025-10-20T17:02:57","guid":{"rendered":"https:\/\/www.valenciablue.com\/?p=1222"},"modified":"2025-10-21T02:15:00","modified_gmt":"2025-10-21T02:15:00","slug":"planning-your-life-in-spain-what-you-did-not-expect","status":"publish","type":"post","link":"https:\/\/www.valenciablue.com\/es\/planning-your-life-in-spain-what-you-did-not-expect\/","title":{"rendered":"Planificando tu vida en Espa\u00f1a; lo que no esperabas"},"content":{"rendered":"<h2 class=\"wp-block-heading\">Esas cosas que simplemente tienes que experimentar como residente<\/h2>\n\n\n\n<div class=\"wp-block-media-text is-stacked-on-mobile\" style=\"grid-template-columns:77% auto\"><figure class=\"wp-block-media-text__media\"><img data-opt-id=2058327284  fetchpriority=\"high\" decoding=\"async\" width=\"899\" height=\"890\" src=\"https:\/\/mlr04w2evrow.i.optimole.com\/cb:O59K.20376\/w:auto\/h:auto\/q:mauto\/f:best\/id:e2ffd916cc16e5d3cab550b6b1f5b99b\/https:\/\/www.valenciablue.com\/fb-post-fireworks-daytime-comments-blurred.png\" alt=\"Screen shot of Facebook post with names blurred and obscured.\" class=\"wp-image-1248 size-full\"\/><\/figure><div class=\"wp-block-media-text__content\">\n<p>Una publicaci\u00f3n reciente en Facebook pregunt\u00f3 por qu\u00e9 hab\u00eda fuegos artificiales al mediod\u00eda. Una respuesta bastante sarc\u00e1stica sugiri\u00f3 que quien la public\u00f3 deber\u00eda haber investigado mejor su decisi\u00f3n.<\/p>\n<\/div><\/div>\n\n\n\n<p>Sinceramente, no sabes c\u00f3mo es vivir en un lugar a menos que lo hagas. Es decir, un viaje corto de reconocimiento no es suficiente. Algunas personas saben sobre... <a href=\"https:\/\/www.visitvalencia.com\/en\/events-valencia\/festivities\/the-fallas\/questions-fallas\" target=\"_blank\" rel=\"noreferrer noopener\">Las Fallas<\/a> La celebraci\u00f3n de fuegos artificiales y desfiles que dura una semana (o m\u00e1s) en marzo. Parece divertido.<\/p>\n\n\n\n<p>Ahora ya no son vacaciones. <a href=\"https:\/\/www.valenciablue.com\/es\/what-i-know-now-but-didnt-before-about-moving-to-spain\/\" target=\"_blank\" rel=\"noreferrer noopener\">Tu vives aqu\u00ed<\/a>.<\/p>\n\n\n\n\t\t<figure class=\"wp-block-jetpack-videopress jetpack-videopress-player aligncenter\" style=\"\" >\n\t\t\t<div class=\"jetpack-videopress-player__wrapper\"> <iframe title=\"Reproductor de v\u00eddeo VideoPress\" aria-label='Reproductor de v\u00eddeo VideoPress' width='500' height='281' src='https:\/\/videopress.com\/embed\/3PSeoNyh?cover=1&amp;autoPlay=0&amp;controls=1&amp;loop=0&amp;muted=0&amp;persistVolume=1&amp;playsinline=0&amp;preloadContent=metadata&amp;useAverageColor=1&amp;posterUrl=https%3A%2F%2Fvideos.files.wordpress.com%2F3PSeoNyh%2Fmascletas-de-las-fallas_mov.scrubthumb.jpg&amp;hd=0' frameborder='0' allowfullscreen data-resize-to-parent=\"true\" allow='clipboard-write'><\/iframe><script src='https:\/\/v0.wordpress.com\/js\/next\/videopress-iframe.js?m=1739540970'><\/script><\/div>\n\t\t\t<figcaption><\/figcaption>\n\t\t\t\n\t\t<\/figure>\n\t\t\n\n\n<p>A los valencianos les encantan los fuegos artificiales y otros aparatos de ruido. Los t\u00e9cnicos pirot\u00e9cnicos trabajan todo el a\u00f1o. Pero hay un l\u00edmite. Incluso algunos residentes locales salen de la ciudad durante Las Fallas, alegando que son demasiado ruidosas, demasiado largas y demasiado tur\u00edsticas. Y eso antes de la quema de... <em>ninots <\/em>y el humo acre que invade la ciudad.<\/p>\n\n\n\n<p>En otras ocasiones, se oye a conductores tocar la bocina a los coches que bloquean las calles despu\u00e9s de que sus due\u00f1os salen a hacer un recado r\u00e1pido. No es raro ver letreros en las ventanas de veh\u00edculos estacionados en doble fila con un n\u00famero de celular para avisar al conductor que venga a mover su coche. Hasta que eso suceda, el sonido constante de las bocinas contin\u00faa.<\/p>\n\n\n\n<h3 class=\"wp-block-heading\">M\u00e1s vale prevenir que curar<\/h3>\n\n\n\n<p>Esta breve publicaci\u00f3n es una advertencia. Probablemente llegues con una visi\u00f3n demasiado idealizada de tu futuro. Quiz\u00e1s hayas pasado por alto aspectos como aprender un nuevo idioma, hacer amigos y simplemente encajar. Es un sesgo de confirmaci\u00f3n. <a href=\"https:\/\/valenciaproperty.substack.com\/p\/the-one-big-mistake-everyone-makes\" target=\"_blank\" rel=\"noreferrer noopener\">vemos lo que queremos ver<\/a>.<\/p>\n\n\n\n<figure class=\"wp-block-image size-large\"><img data-opt-id=1090441133  fetchpriority=\"high\" decoding=\"async\" src=\"https:\/\/mlr04w2evrow.i.optimole.com\/cb:O59K.20376\/w:1024\/h:576\/q:mauto\/f:best\/id:56f707d918eee946e168c3674f14bc41\/https:\/\/www.valenciablue.com\/traffic-cars-stopped-aerial.jpg\" alt=\"Cars in bumper-to-bumper traffic seen from above.\" class=\"wp-image-1225\"\/><\/figure>\n\n\n\n<p>La primera vez que trates con el <a href=\"https:\/\/www.valenciablue.com\/es\/youre-going-to-confront-it-eventually-spanish-bureaucracy\/\" data-type=\"post\" data-id=\"744\" target=\"_blank\" rel=\"noreferrer noopener\">burocracia<\/a>La cacofon\u00eda de tus compa\u00f1eros de mesa espa\u00f1oles, las miradas ocasionales al pasar. Todo puede resultar abrumador. Es algo com\u00fan aqu\u00ed. Tambi\u00e9n hay gastos inesperados, aunque la vida aqu\u00ed es m\u00e1s barata (normalmente, pero eso est\u00e1 cambiando) que en Estados Unidos. Debes darte un margen para gastos de \u00faltima hora. Este a\u00f1o, parec\u00eda que todas nuestras facturas venc\u00edan el mismo mes: la matr\u00edcula de nuestro hijo, la renovaci\u00f3n del seguro m\u00e9dico, un aumento del alquiler del apartamento y otras.<\/p>\n\n\n\n<p>Para m\u00ed, mi tarea es dejarme llevar y simplemente dejarme llevar. Contrato <a href=\"https:\/\/dle.rae.es\/gestor\" target=\"_blank\" rel=\"noreferrer noopener\"><em>gestores<\/em><\/a><em> <\/em>Para asuntos complicados con la burocracia, preparaci\u00f3n de impuestos para la <a href=\"https:\/\/sede.agenciatributaria.gob.es\/Sede\/en_gb\/irpf.html\" target=\"_blank\" rel=\"noreferrer noopener\"><em>impuesto<\/em><\/a>Y ped\u00ed consejo a mis compa\u00f1eros expatriados y a otras personas. En cierto modo, podr\u00eda encargarme de la mayor\u00eda de estas tareas yo solo, pero quiero evitar la curva de aprendizaje tan pronunciada. Despu\u00e9s de aprender c\u00f3mo se hace la primera vez, me toca a m\u00ed seguir adelante.<\/p>\n\n\n\n<h3 class=\"wp-block-heading\">Hay un ritmo en el a\u00f1o.<\/h3>\n\n\n\n<p>Por \u00faltimo, est\u00e1 <em>agosto<\/em>Al final del verano, el bullicio de la ciudad se desvanece. Esto se debe a que muchos ciudadanos se han mudado a climas m\u00e1s frescos. Los negocios muestran carteles anunciando su cierre durante la mayor parte del mes. Si quieres que algo se haga, tendr\u00e1s que planificar con antelaci\u00f3n o simplemente esperar hasta septiembre.<\/p>\n\n\n\n<p>Pero la ventaja es que es m\u00e1s silencioso.<\/p>\n\n\n\n<figure class=\"wp-block-image size-large\"><img data-opt-id=1113152654  fetchpriority=\"high\" decoding=\"async\" src=\"https:\/\/mlr04w2evrow.i.optimole.com\/cb:O59K.20376\/w:1024\/h:576\/q:mauto\/f:best\/id:aaa8f50d3639b5ac32af446b499fed9b\/https:\/\/www.valenciablue.com\/cerrado-por-vacaciones.jpg\" alt=\"Sign in business window with the words &quot;Cerrado por vacaciones&quot; in Spanish - translated &quot;Closed for vacation.&quot;\" class=\"wp-image-1229\"\/><\/figure>","protected":false},"excerpt":{"rendered":"<p>Sinceramente, no sabes c\u00f3mo es vivir en un lugar a menos que lo hagas. Es decir, un viaje corto de reconocimiento no es suficiente.<\/p>","protected":false},"author":2,"featured_media":1224,"comment_status":"open","ping_status":"closed","sticky":false,"template":"","format":"standard","meta":{"advanced_seo_description":"Visiting and living in a foreign country are two very different things.","jetpack_seo_html_title":"Living in Valencia Spain","jetpack_seo_noindex":false,"jetpack_post_was_ever_published":true,"_jetpack_newsletter_access":"","_jetpack_dont_email_post_to_subs":false,"_jetpack_newsletter_tier_id":0,"_jetpack_memberships_contains_paywalled_content":false,"_jetpack_memberships_contains_paid_content":false,"footnotes":"","jetpack_publicize_message":"","jetpack_publicize_feature_enabled":true,"jetpack_social_post_already_shared":false,"jetpack_social_options":{"image_generator_settings":{"template":"highway","default_image_id":0,"font":"","enabled":false},"version":2}},"categories":[1,9],"tags":[45,12,17,91],"class_list":["post-1222","post","type-post","status-publish","format-standard","has-post-thumbnail","hentry","category-daily-life","category-updates","tag-life-in-valencia","tag-living-abroad","tag-living-in-spain","tag-moving-to-valencia-spain"],"jetpack_publicize_connections":[],"jetpack_featured_media_url":"https:\/\/mlr04w2evrow.i.optimole.com\/cb:O59K.20376\/w:1200\/h:900\/q:mauto\/f:best\/id:b6b394aaf30d3a74860bd6ba89622f1e\/https:\/\/www.valenciablue.com\/vlc-las-fallas-fireworks.jpg","jetpack-related-posts":[{"id":1287,"url":"https:\/\/www.valenciablue.com\/es\/christmas-fusion-or-how-old-meets-new-in-spain\/","url_meta":{"origin":1222,"position":0},"title":"Fusi\u00f3n navide\u00f1a o c\u00f3mo lo antiguo se encuentra con lo nuevo en Espa\u00f1a","author":"Admin","date":"22\/12\/2025","format":false,"excerpt":"No se trata de una observaci\u00f3n del tipo &quot;esto o aquello es mejor&quot;. Es solo que, bueno, la Navidad en Espa\u00f1a es diferente a la de Estados Unidos.","rel":"","context":"En \u00abDaily life\u00bb","block_context":{"text":"Daily life","link":"https:\/\/www.valenciablue.com\/es\/category\/daily-life\/"},"img":{"alt_text":"Strings of Christmas lights hang in front of a bell tower in Valencia, Spain.","src":"https:\/\/mlr04w2evrow.i.optimole.com\/cb:O59K.20376\/w:auto\/h:auto\/q:mauto\/f:best\/https:\/\/i0.wp.com\/mlr04w2evrow.i.optimole.com\/w%3A1200\/h%3A900\/q%3Amauto\/process%3A1288\/id%3A2ed4b6d6a1f680aa834926cd758244e6\/https%3A\/\/www.valenciablue.com\/featured-lights-bell-tower.jpg?resize=350%2C200&ssl=1","width":350,"height":200,"srcset":"https:\/\/mlr04w2evrow.i.optimole.com\/cb:O59K.20376\/w:auto\/h:auto\/q:mauto\/f:best\/https:\/\/i0.wp.com\/mlr04w2evrow.i.optimole.com\/w%3A1200\/h%3A900\/q%3Amauto\/process%3A1288\/id%3A2ed4b6d6a1f680aa834926cd758244e6\/https%3A\/\/www.valenciablue.com\/featured-lights-bell-tower.jpg?resize=350%2C200&ssl=1 1x, https:\/\/mlr04w2evrow.i.optimole.com\/cb:O59K.20376\/w:auto\/h:auto\/q:mauto\/f:best\/https:\/\/i0.wp.com\/mlr04w2evrow.i.optimole.com\/w%3A1200\/h%3A900\/q%3Amauto\/process%3A1288\/id%3A2ed4b6d6a1f680aa834926cd758244e6\/https%3A\/\/www.valenciablue.com\/featured-lights-bell-tower.jpg?resize=525%2C300&ssl=1 1.5x, https:\/\/mlr04w2evrow.i.optimole.com\/cb:O59K.20376\/w:auto\/h:auto\/q:mauto\/f:best\/https:\/\/i0.wp.com\/mlr04w2evrow.i.optimole.com\/w%3A1200\/h%3A900\/q%3Amauto\/process%3A1288\/id%3A2ed4b6d6a1f680aa834926cd758244e6\/https%3A\/\/www.valenciablue.com\/featured-lights-bell-tower.jpg?resize=700%2C400&ssl=1 2x, https:\/\/mlr04w2evrow.i.optimole.com\/cb:O59K.20376\/w:auto\/h:auto\/q:mauto\/f:best\/https:\/\/i0.wp.com\/mlr04w2evrow.i.optimole.com\/w%3A1200\/h%3A900\/q%3Amauto\/process%3A1288\/id%3A2ed4b6d6a1f680aa834926cd758244e6\/https%3A\/\/www.valenciablue.com\/featured-lights-bell-tower.jpg?resize=1050%2C600&ssl=1 3x"},"classes":[]},{"id":672,"url":"https:\/\/www.valenciablue.com\/es\/see-it-on-the-map-rotondas-around-valencia\/","url_meta":{"origin":1222,"position":1},"title":"Verlo en el mapa: Rotondas alrededor de Valencia","author":"Admin","date":"09\/10\/2024","format":false,"excerpt":"Las fotos geoetiquetadas se tomaron del 13 de julio de 2022 al 20 de agosto de 2024.","rel":"","context":"En \u00abDaily life\u00bb","block_context":{"text":"Daily life","link":"https:\/\/www.valenciablue.com\/es\/category\/daily-life\/"},"img":{"alt_text":"Picture of the arch situated in Valencia, Spain called \"Plaza de la Puerta del Mar\"","src":"https:\/\/mlr04w2evrow.i.optimole.com\/cb:O59K.20376\/w:auto\/h:auto\/q:mauto\/f:best\/https:\/\/i0.wp.com\/mlr04w2evrow.i.optimole.com\/w%3A1200\/h%3A900\/q%3Amauto\/process%3A680\/id%3Ae76c65ed03b842c8951c95a61a34b827\/https%3A\/\/www.valenciablue.com\/featured-4x3-image-plaza-de-la-puerta-del-mar-valencia.jpg?resize=350%2C200&ssl=1","width":350,"height":200,"srcset":"https:\/\/mlr04w2evrow.i.optimole.com\/cb:O59K.20376\/w:auto\/h:auto\/q:mauto\/f:best\/https:\/\/i0.wp.com\/mlr04w2evrow.i.optimole.com\/w%3A1200\/h%3A900\/q%3Amauto\/process%3A680\/id%3Ae76c65ed03b842c8951c95a61a34b827\/https%3A\/\/www.valenciablue.com\/featured-4x3-image-plaza-de-la-puerta-del-mar-valencia.jpg?resize=350%2C200&ssl=1 1x, https:\/\/mlr04w2evrow.i.optimole.com\/cb:O59K.20376\/w:auto\/h:auto\/q:mauto\/f:best\/https:\/\/i0.wp.com\/mlr04w2evrow.i.optimole.com\/w%3A1200\/h%3A900\/q%3Amauto\/process%3A680\/id%3Ae76c65ed03b842c8951c95a61a34b827\/https%3A\/\/www.valenciablue.com\/featured-4x3-image-plaza-de-la-puerta-del-mar-valencia.jpg?resize=525%2C300&ssl=1 1.5x, https:\/\/mlr04w2evrow.i.optimole.com\/cb:O59K.20376\/w:auto\/h:auto\/q:mauto\/f:best\/https:\/\/i0.wp.com\/mlr04w2evrow.i.optimole.com\/w%3A1200\/h%3A900\/q%3Amauto\/process%3A680\/id%3Ae76c65ed03b842c8951c95a61a34b827\/https%3A\/\/www.valenciablue.com\/featured-4x3-image-plaza-de-la-puerta-del-mar-valencia.jpg?resize=700%2C400&ssl=1 2x, https:\/\/mlr04w2evrow.i.optimole.com\/cb:O59K.20376\/w:auto\/h:auto\/q:mauto\/f:best\/https:\/\/i0.wp.com\/mlr04w2evrow.i.optimole.com\/w%3A1200\/h%3A900\/q%3Amauto\/process%3A680\/id%3Ae76c65ed03b842c8951c95a61a34b827\/https%3A\/\/www.valenciablue.com\/featured-4x3-image-plaza-de-la-puerta-del-mar-valencia.jpg?resize=1050%2C600&ssl=1 3x"},"classes":[]},{"id":1083,"url":"https:\/\/www.valenciablue.com\/es\/riding-from-waterstop-to-waterstop-in-spain\/","url_meta":{"origin":1222,"position":2},"title":"Cabalgando de un punto de agua a otro en Espa\u00f1a","author":"Admin","date":"07\/07\/2025","format":false,"excerpt":"Andar en bicicleta en Valencia, Espa\u00f1a, a medida que el verano se acerca a su m\u00e1ximo apogeo, presenta sus propios desaf\u00edos.","rel":"","context":"En \u00abDaily life\u00bb","block_context":{"text":"Daily life","link":"https:\/\/www.valenciablue.com\/es\/category\/daily-life\/"},"img":{"alt_text":"Two cyclists are silhouetted by the morning sun before a ride in Valencia, Spain.","src":"https:\/\/mlr04w2evrow.i.optimole.com\/cb:O59K.20376\/w:auto\/h:auto\/q:mauto\/f:best\/https:\/\/i0.wp.com\/mlr04w2evrow.i.optimole.com\/w%3A1200\/h%3A900\/q%3Amauto\/process%3A1100\/id%3A10f557d8d287f5f7b61d5eac14c52cdd\/https%3A\/\/www.valenciablue.com\/cyclists-against-the-sun-featuredcreated-with-gimp-8.jpg?resize=350%2C200&ssl=1","width":350,"height":200,"srcset":"https:\/\/mlr04w2evrow.i.optimole.com\/cb:O59K.20376\/w:auto\/h:auto\/q:mauto\/f:best\/https:\/\/i0.wp.com\/mlr04w2evrow.i.optimole.com\/w%3A1200\/h%3A900\/q%3Amauto\/process%3A1100\/id%3A10f557d8d287f5f7b61d5eac14c52cdd\/https%3A\/\/www.valenciablue.com\/cyclists-against-the-sun-featuredcreated-with-gimp-8.jpg?resize=350%2C200&ssl=1 1x, https:\/\/mlr04w2evrow.i.optimole.com\/cb:O59K.20376\/w:auto\/h:auto\/q:mauto\/f:best\/https:\/\/i0.wp.com\/mlr04w2evrow.i.optimole.com\/w%3A1200\/h%3A900\/q%3Amauto\/process%3A1100\/id%3A10f557d8d287f5f7b61d5eac14c52cdd\/https%3A\/\/www.valenciablue.com\/cyclists-against-the-sun-featuredcreated-with-gimp-8.jpg?resize=525%2C300&ssl=1 1.5x, https:\/\/mlr04w2evrow.i.optimole.com\/cb:O59K.20376\/w:auto\/h:auto\/q:mauto\/f:best\/https:\/\/i0.wp.com\/mlr04w2evrow.i.optimole.com\/w%3A1200\/h%3A900\/q%3Amauto\/process%3A1100\/id%3A10f557d8d287f5f7b61d5eac14c52cdd\/https%3A\/\/www.valenciablue.com\/cyclists-against-the-sun-featuredcreated-with-gimp-8.jpg?resize=700%2C400&ssl=1 2x, https:\/\/mlr04w2evrow.i.optimole.com\/cb:O59K.20376\/w:auto\/h:auto\/q:mauto\/f:best\/https:\/\/i0.wp.com\/mlr04w2evrow.i.optimole.com\/w%3A1200\/h%3A900\/q%3Amauto\/process%3A1100\/id%3A10f557d8d287f5f7b61d5eac14c52cdd\/https%3A\/\/www.valenciablue.com\/cyclists-against-the-sun-featuredcreated-with-gimp-8.jpg?resize=1050%2C600&ssl=1 3x"},"classes":[]},{"id":615,"url":"https:\/\/www.valenciablue.com\/es\/bicycling-in-the-valencian-countryside\/","url_meta":{"origin":1222,"position":3},"title":"En bicicleta por el campo valenciano","author":"Admin","date":"20\/09\/2024","format":false,"excerpt":"Los temas de mis im\u00e1genes suelen ser objetos cotidianos. Me intrigan, por ejemplo, las estructuras que se encuentran en medio de las rotondas cuando uno entra a la ciudad.","rel":"","context":"En \u00abDaily life\u00bb","block_context":{"text":"Daily life","link":"https:\/\/www.valenciablue.com\/es\/category\/daily-life\/"},"img":{"alt_text":"Spanish word \"Vamos\" spraypainted on brick wall behind bicycle.","src":"https:\/\/mlr04w2evrow.i.optimole.com\/cb:O59K.20376\/w:auto\/h:auto\/q:mauto\/f:best\/https:\/\/i0.wp.com\/mlr04w2evrow.i.optimole.com\/w%3A1200\/h%3A900\/q%3Amauto\/process%3A643\/id%3A101275d86da7307415db500d3cbd905d\/https%3A\/\/www.valenciablue.com\/vamos-and-bicycle.jpg?resize=350%2C200&ssl=1","width":350,"height":200,"srcset":"https:\/\/mlr04w2evrow.i.optimole.com\/cb:O59K.20376\/w:auto\/h:auto\/q:mauto\/f:best\/https:\/\/i0.wp.com\/mlr04w2evrow.i.optimole.com\/w%3A1200\/h%3A900\/q%3Amauto\/process%3A643\/id%3A101275d86da7307415db500d3cbd905d\/https%3A\/\/www.valenciablue.com\/vamos-and-bicycle.jpg?resize=350%2C200&ssl=1 1x, https:\/\/mlr04w2evrow.i.optimole.com\/cb:O59K.20376\/w:auto\/h:auto\/q:mauto\/f:best\/https:\/\/i0.wp.com\/mlr04w2evrow.i.optimole.com\/w%3A1200\/h%3A900\/q%3Amauto\/process%3A643\/id%3A101275d86da7307415db500d3cbd905d\/https%3A\/\/www.valenciablue.com\/vamos-and-bicycle.jpg?resize=525%2C300&ssl=1 1.5x, https:\/\/mlr04w2evrow.i.optimole.com\/cb:O59K.20376\/w:auto\/h:auto\/q:mauto\/f:best\/https:\/\/i0.wp.com\/mlr04w2evrow.i.optimole.com\/w%3A1200\/h%3A900\/q%3Amauto\/process%3A643\/id%3A101275d86da7307415db500d3cbd905d\/https%3A\/\/www.valenciablue.com\/vamos-and-bicycle.jpg?resize=700%2C400&ssl=1 2x, https:\/\/mlr04w2evrow.i.optimole.com\/cb:O59K.20376\/w:auto\/h:auto\/q:mauto\/f:best\/https:\/\/i0.wp.com\/mlr04w2evrow.i.optimole.com\/w%3A1200\/h%3A900\/q%3Amauto\/process%3A643\/id%3A101275d86da7307415db500d3cbd905d\/https%3A\/\/www.valenciablue.com\/vamos-and-bicycle.jpg?resize=1050%2C600&ssl=1 3x"},"classes":[]},{"id":488,"url":"https:\/\/www.valenciablue.com\/es\/getting-here-is-half-the-fun-your-new-life-in-valencia\/","url_meta":{"origin":1222,"position":4},"title":"Llegar aqu\u00ed es la mitad de la diversi\u00f3n: tu nueva vida en Valencia","author":"Admin","date":"12\/05\/2024","format":false,"excerpt":"Despu\u00e9s de llegar, todav\u00eda quedan muchas decisiones por tomar. Los h\u00e1bitos que daba por sentados ahora deben rehacerse y volverse a aprender.","rel":"","context":"En \u00abDaily life\u00bb","block_context":{"text":"Daily life","link":"https:\/\/www.valenciablue.com\/es\/category\/daily-life\/"},"img":{"alt_text":"The words \"Viva Espa\u00f1a\" spray-painted on a wall.","src":"https:\/\/mlr04w2evrow.i.optimole.com\/cb:O59K.20376\/w:auto\/h:auto\/q:mauto\/f:best\/https:\/\/i0.wp.com\/mlr04w2evrow.i.optimole.com\/w%3A1200\/h%3A900\/q%3Amauto\/process%3A494\/id%3Aab245a72644e90a3c176000b1534d744\/https%3A\/\/www.valenciablue.com\/viva-espana-featured.jpg?resize=350%2C200&ssl=1","width":350,"height":200,"srcset":"https:\/\/mlr04w2evrow.i.optimole.com\/cb:O59K.20376\/w:auto\/h:auto\/q:mauto\/f:best\/https:\/\/i0.wp.com\/mlr04w2evrow.i.optimole.com\/w%3A1200\/h%3A900\/q%3Amauto\/process%3A494\/id%3Aab245a72644e90a3c176000b1534d744\/https%3A\/\/www.valenciablue.com\/viva-espana-featured.jpg?resize=350%2C200&ssl=1 1x, https:\/\/mlr04w2evrow.i.optimole.com\/cb:O59K.20376\/w:auto\/h:auto\/q:mauto\/f:best\/https:\/\/i0.wp.com\/mlr04w2evrow.i.optimole.com\/w%3A1200\/h%3A900\/q%3Amauto\/process%3A494\/id%3Aab245a72644e90a3c176000b1534d744\/https%3A\/\/www.valenciablue.com\/viva-espana-featured.jpg?resize=525%2C300&ssl=1 1.5x, https:\/\/mlr04w2evrow.i.optimole.com\/cb:O59K.20376\/w:auto\/h:auto\/q:mauto\/f:best\/https:\/\/i0.wp.com\/mlr04w2evrow.i.optimole.com\/w%3A1200\/h%3A900\/q%3Amauto\/process%3A494\/id%3Aab245a72644e90a3c176000b1534d744\/https%3A\/\/www.valenciablue.com\/viva-espana-featured.jpg?resize=700%2C400&ssl=1 2x, https:\/\/mlr04w2evrow.i.optimole.com\/cb:O59K.20376\/w:auto\/h:auto\/q:mauto\/f:best\/https:\/\/i0.wp.com\/mlr04w2evrow.i.optimole.com\/w%3A1200\/h%3A900\/q%3Amauto\/process%3A494\/id%3Aab245a72644e90a3c176000b1534d744\/https%3A\/\/www.valenciablue.com\/viva-espana-featured.jpg?resize=1050%2C600&ssl=1 3x"},"classes":[]},{"id":701,"url":"https:\/\/www.valenciablue.com\/es\/were-safe-but-the-loss-of-life-is-heartbreaking\/","url_meta":{"origin":1222,"position":5},"title":"Estamos a salvo, pero la p\u00e9rdida de vidas es desgarradora.","author":"Admin","date":"31\/10\/2024","format":false,"excerpt":"Existe cierta confusi\u00f3n sobre qu\u00e9 zonas de Valencia est\u00e1n afectadas.","rel":"","context":"En \u00abDaily life\u00bb","block_context":{"text":"Daily life","link":"https:\/\/www.valenciablue.com\/es\/category\/daily-life\/"},"img":{"alt_text":"Cropped map of areas affected by flooding in Valencia Community, 2024-10-30","src":"https:\/\/mlr04w2evrow.i.optimole.com\/cb:O59K.20376\/w:auto\/h:auto\/q:mauto\/f:best\/https:\/\/i0.wp.com\/mlr04w2evrow.i.optimole.com\/w%3A804\/h%3A603\/q%3Amauto\/process%3A704\/id%3Ad887c6ce07d2760fac63d7d29a0b3e8a\/https%3A\/\/www.valenciablue.com\/populations-most-affected_4x3.png?resize=350%2C200&ssl=1","width":350,"height":200,"srcset":"https:\/\/mlr04w2evrow.i.optimole.com\/cb:O59K.20376\/w:auto\/h:auto\/q:mauto\/f:best\/https:\/\/i0.wp.com\/mlr04w2evrow.i.optimole.com\/w%3A804\/h%3A603\/q%3Amauto\/process%3A704\/id%3Ad887c6ce07d2760fac63d7d29a0b3e8a\/https%3A\/\/www.valenciablue.com\/populations-most-affected_4x3.png?resize=350%2C200&ssl=1 1x, https:\/\/mlr04w2evrow.i.optimole.com\/cb:O59K.20376\/w:auto\/h:auto\/q:mauto\/f:best\/https:\/\/i0.wp.com\/mlr04w2evrow.i.optimole.com\/w%3A804\/h%3A603\/q%3Amauto\/process%3A704\/id%3Ad887c6ce07d2760fac63d7d29a0b3e8a\/https%3A\/\/www.valenciablue.com\/populations-most-affected_4x3.png?resize=525%2C300&ssl=1 1.5x, https:\/\/mlr04w2evrow.i.optimole.com\/cb:O59K.20376\/w:auto\/h:auto\/q:mauto\/f:best\/https:\/\/i0.wp.com\/mlr04w2evrow.i.optimole.com\/w%3A804\/h%3A603\/q%3Amauto\/process%3A704\/id%3Ad887c6ce07d2760fac63d7d29a0b3e8a\/https%3A\/\/www.valenciablue.com\/populations-most-affected_4x3.png?resize=700%2C400&ssl=1 2x"},"classes":[]}],"jetpack_shortlink":"https:\/\/wp.me\/pftBvt-jI","jetpack_sharing_enabled":true,"jetpack_likes_enabled":true,"_links":{"self":[{"href":"https:\/\/www.valenciablue.com\/es\/wp-json\/wp\/v2\/posts\/1222","targetHints":{"allow":["GET"]}}],"collection":[{"href":"https:\/\/www.valenciablue.com\/es\/wp-json\/wp\/v2\/posts"}],"about":[{"href":"https:\/\/www.valenciablue.com\/es\/wp-json\/wp\/v2\/types\/post"}],"author":[{"embeddable":true,"href":"https:\/\/www.valenciablue.com\/es\/wp-json\/wp\/v2\/users\/2"}],"replies":[{"embeddable":true,"href":"https:\/\/www.valenciablue.com\/es\/wp-json\/wp\/v2\/comments?post=1222"}],"version-history":[{"count":7,"href":"https:\/\/www.valenciablue.com\/es\/wp-json\/wp\/v2\/posts\/1222\/revisions"}],"predecessor-version":[{"id":1250,"href":"https:\/\/www.valenciablue.com\/es\/wp-json\/wp\/v2\/posts\/1222\/revisions\/1250"}],"wp:featuredmedia":[{"embeddable":true,"href":"https:\/\/www.valenciablue.com\/es\/wp-json\/wp\/v2\/media\/1224"}],"wp:attachment":[{"href":"https:\/\/www.valenciablue.com\/es\/wp-json\/wp\/v2\/media?parent=1222"}],"wp:term":[{"taxonomy":"category","embeddable":true,"href":"https:\/\/www.valenciablue.com\/es\/wp-json\/wp\/v2\/categories?post=1222"},{"taxonomy":"post_tag","embeddable":true,"href":"https:\/\/www.valenciablue.com\/es\/wp-json\/wp\/v2\/tags?post=1222"}],"curies":[{"name":"gracias","href":"https:\/\/api.w.org\/{rel}","templated":true}]}}