{"id":1167,"date":"2025-08-17T11:26:51","date_gmt":"2025-08-17T11:26:51","guid":{"rendered":"https:\/\/www.valenciablue.com\/?p=1167"},"modified":"2025-08-17T11:52:18","modified_gmt":"2025-08-17T11:52:18","slug":"paternalism-still-pops-up-unexpectedly-in-spain","status":"publish","type":"post","link":"https:\/\/www.valenciablue.com\/es\/paternalism-still-pops-up-unexpectedly-in-spain\/","title":{"rendered":"El paternalismo sigue apareciendo inesperadamente en Espa\u00f1a"},"content":{"rendered":"<h2 class=\"wp-block-heading\">Conseguir el asiento que le corresponde<\/h2>\n\n\n\n<p>Mientras me voy del pa\u00eds para una escapada a fines del verano, pens\u00e9 en compartir una observaci\u00f3n r\u00e1pida.<\/p>\n\n\n\n<p><a href=\"https:\/\/www.valenciablue.com\/es\/what-i-know-now-but-didnt-before-about-moving-to-spain\/\" target=\"_blank\" rel=\"noreferrer noopener\">Cuando llegamos a Valencia hace varios a\u00f1os<\/a>Bajamos en tropel <em>en masa<\/em> hacia <em>Ayuntamiento<\/em>Fuimos all\u00ed a hacer el censo o <em>padron<\/em> (<em>Empadronamiento<\/em>) Este es el proceso mediante el cual le decimos al gobierno municipal qui\u00e9n vive en su ciudad y d\u00f3nde.&nbsp;<\/p>\n\n\n\n<p>As\u00ed que nosotros <a href=\"https:\/\/www.valenciablue.com\/es\/youre-going-to-confront-it-eventually-spanish-bureaucracy\/\" target=\"_blank\" rel=\"noreferrer noopener\">cumpliment\u00f3 debidamente la documentaci\u00f3n<\/a>Como apunte, debe actualizarse cada dos a\u00f1os para extranjeros y otros. Me di cuenta por primera vez del pasado paternalista de Espa\u00f1a cuando me destacaron como padre. Mi nombre figuraba como principal en el formulario. Mi esposa y mi hijo eran secundarios.&nbsp;<\/p>\n\n\n\n<p>&quot;Vale&quot;, pens\u00e9, &quot;Eso es diferente en Estados Unidos&quot;. S\u00ed, el machismo existe en Estados Unidos. Al menos intentamos disimularlo. Ya s\u00e9, privilegios y todo eso. No te crees beneficiario de esto. Se da sin que lo pidas.<\/p>\n\n\n\n<p>Como ventaja, facilita las tareas oficiales, ya que puedo interactuar con los funcionarios sin complicarme la vida. Mi presencia y mi voz parecen funcionar en la mayor\u00eda de los casos.<\/p>\n\n\n\n<figure class=\"wp-block-gallery has-nested-images columns-default is-cropped wp-block-gallery-2 is-layout-flex wp-block-gallery-is-layout-flex\">\n<figure class=\"wp-block-image size-large\"><img data-opt-id=688724927  fetchpriority=\"high\" decoding=\"async\" data-id=\"1165\" src=\"https:\/\/mlr04w2evrow.i.optimole.com\/cb:O59K.20376\/w:1024\/h:768\/q:mauto\/f:best\/id:ab46de82b45d43a67910a82d5890b64a\/https:\/\/www.valenciablue.com\/men.jpg\" alt=\"A picture showing the men's restroom with the door ajar showing the two urninals and one of the two toliets.\" class=\"wp-image-1165\"\/><figcaption class=\"wp-element-caption\"><strong>El ba\u00f1o de hombres<\/strong><\/figcaption><\/figure>\n\n\n\n<figure class=\"wp-block-image size-large\"><img data-opt-id=192190189  fetchpriority=\"high\" decoding=\"async\" data-id=\"1166\" src=\"https:\/\/mlr04w2evrow.i.optimole.com\/cb:O59K.20376\/w:1024\/h:768\/q:mauto\/f:best\/id:76cfdd789d476fc658c92817c5ee7805\/https:\/\/www.valenciablue.com\/women.jpg\" alt=\"A picture of the women's restroom with the door ajar and showing the single fixture, a toliet.\" class=\"wp-image-1166\"\/><figcaption class=\"wp-element-caption\"><strong>El ba\u00f1o de la mujer<\/strong><\/figcaption><\/figure>\n<\/figure>\n\n\n\n<h3 class=\"wp-block-heading\">Incluso yo puedo ver la diferencia a veces.<\/h3>\n\n\n\n<p>Pero aqu\u00ed est\u00e1 el truco. No suelo frecuentar los ba\u00f1os de mujeres. Sin embargo, a simple vista, not\u00e9 una disparidad entre los ba\u00f1os de hombres y mujeres. Esto se debe a la cantidad de sanitarios disponibles. En este caso, el de hombres ten\u00eda dos urinarios y dos cub\u00edculos. El de mujeres \u2014\u00bfo deber\u00eda escribir \u00abla mujer\u00bb?\u2014 ten\u00eda un inodoro detr\u00e1s de su puerta.&nbsp;<\/p>\n\n\n\n<p>Anticip\u00e1ndome a la pregunta, not\u00e9 que hab\u00eda varias mujeres entre la clientela del restaurante el d\u00eda que lo visit\u00e9. No es un negocio solo para hombres.<\/p>\n\n\n\n<p>S\u00ed, lo s\u00e9, es costoso modernizar las tuber\u00edas para que tengan una distribuci\u00f3n m\u00e1s equitativa, pero \u00bfen serio? He visto esta situaci\u00f3n en al menos otro lugar. Principalmente, se trata de restaurantes rurales o de pueblos peque\u00f1os. Sospecho que en la ciudad, los establecimientos se remodelan o actualizan con regularidad. Es una de las cosas que se ajustan a la normativa.<\/p>\n\n\n\n<p>Pero para aquellos <a href=\"https:\/\/marthamillerwrites.com\/can-we-talk-about-spanish-banos-for-a-minute\/\" target=\"_blank\" rel=\"noreferrer noopener\">viajando por la campi\u00f1a espa\u00f1ola<\/a>Es mejor esperar m\u00e1s tiempo para ir al ba\u00f1o. Esto depende de tus necesidades. Es posible que la espera sea m\u00e1s larga de lo habitual.<\/p>\n\n\n\n<p>Ah, por cierto, refiri\u00e9ndome a <em>\u201cla mujer\u201d<\/em> se considera aceptable cuando se habla de la esposa. Aunque, para m\u00ed, &quot;la mujer&quot; suena un tanto despectivo. Pero claro, <a href=\"https:\/\/www.valenciablue.com\/es\/conjugating-in-bed-keeps-me-up-at-nights\/\" data-type=\"page\" data-id=\"11\" target=\"_blank\" rel=\"noreferrer noopener\">Los sustantivos en espa\u00f1ol tienen g\u00e9nero<\/a>, as\u00ed que supongo que es una caracter\u00edstica, no un error.<\/p>\n\n\n\n<p><\/p>","protected":false},"excerpt":{"rendered":"<p>Normalmente no frecuento los ba\u00f1os de mujeres, pero a simple vista not\u00e9 una disparidad entre las instalaciones de hombres y mujeres.<\/p>","protected":false},"author":2,"featured_media":1181,"comment_status":"open","ping_status":"closed","sticky":false,"template":"","format":"standard","meta":{"advanced_seo_description":"For some reason, the women\u2019s facilities are woefully lacking in bathroom fixtures.","jetpack_seo_html_title":"Surprising differences between men\u2019s and women\u2019s restrooms in Spain","jetpack_seo_noindex":false,"jetpack_post_was_ever_published":false,"_jetpack_newsletter_access":"","_jetpack_dont_email_post_to_subs":false,"_jetpack_newsletter_tier_id":0,"_jetpack_memberships_contains_paywalled_content":false,"_jetpack_memberships_contains_paid_content":false,"footnotes":"","jetpack_publicize_message":"","jetpack_publicize_feature_enabled":true,"jetpack_social_post_already_shared":true,"jetpack_social_options":{"image_generator_settings":{"template":"highway","default_image_id":0,"font":"","enabled":false},"version":2}},"categories":[1,9],"tags":[85,14,12,54,84,87],"class_list":["post-1167","post","type-post","status-publish","format-standard","has-post-thumbnail","hentry","category-daily-life","category-updates","tag-banos","tag-expat-life","tag-living-abroad","tag-living-in-valencia-spain","tag-spain","tag-u-s-expat-in-spain"],"jetpack_publicize_connections":[],"jetpack_featured_media_url":"https:\/\/mlr04w2evrow.i.optimole.com\/cb:O59K.20376\/w:1200\/h:900\/q:mauto\/f:best\/id:52387369a9c1617658d31cdea51931b8\/https:\/\/www.valenciablue.com\/man-woman-sign-4x3-1.jpg","jetpack-related-posts":[{"id":257,"url":"https:\/\/www.valenciablue.com\/es\/so-im-in-a-new-country-why\/","url_meta":{"origin":1167,"position":0},"title":"Entonces estoy en un pa\u00eds nuevo, \u00bfpor qu\u00e9?","author":"Admin","date":"17\/01\/2024","format":false,"excerpt":"Cuando llegu\u00e9 al punto de jubilarme, renov\u00e9 la idea de aprender (o intentar) un nuevo idioma. Y el espa\u00f1ol fue la elecci\u00f3n perfecta para m\u00ed.","rel":"","context":"En \u00abDaily life\u00bb","block_context":{"text":"Daily life","link":"https:\/\/www.valenciablue.com\/es\/category\/daily-life\/"},"img":{"alt_text":"Fuente de la Plaza del Ayuntamiento","src":"https:\/\/mlr04w2evrow.i.optimole.com\/cb:O59K.20376\/w:auto\/h:auto\/q:mauto\/f:best\/https:\/\/i0.wp.com\/www.valenciablue.com\/wp-content\/uploads\/2024\/08\/2valencia-fountain-evening-1.jpg?resize=350%2C200&ssl=1","width":350,"height":200,"srcset":"https:\/\/mlr04w2evrow.i.optimole.com\/cb:O59K.20376\/w:auto\/h:auto\/q:mauto\/f:best\/https:\/\/i0.wp.com\/www.valenciablue.com\/wp-content\/uploads\/2024\/08\/2valencia-fountain-evening-1.jpg?resize=350%2C200&ssl=1 1x, https:\/\/mlr04w2evrow.i.optimole.com\/cb:O59K.20376\/w:auto\/h:auto\/q:mauto\/f:best\/https:\/\/i0.wp.com\/www.valenciablue.com\/wp-content\/uploads\/2024\/08\/2valencia-fountain-evening-1.jpg?resize=525%2C300&ssl=1 1.5x, https:\/\/mlr04w2evrow.i.optimole.com\/cb:O59K.20376\/w:auto\/h:auto\/q:mauto\/f:best\/https:\/\/i0.wp.com\/www.valenciablue.com\/wp-content\/uploads\/2024\/08\/2valencia-fountain-evening-1.jpg?resize=700%2C400&ssl=1 2x, https:\/\/mlr04w2evrow.i.optimole.com\/cb:O59K.20376\/w:auto\/h:auto\/q:mauto\/f:best\/https:\/\/i0.wp.com\/www.valenciablue.com\/wp-content\/uploads\/2024\/08\/2valencia-fountain-evening-1.jpg?resize=1050%2C600&ssl=1 3x"},"classes":[]},{"id":488,"url":"https:\/\/www.valenciablue.com\/es\/getting-here-is-half-the-fun-your-new-life-in-valencia\/","url_meta":{"origin":1167,"position":1},"title":"Llegar aqu\u00ed es la mitad de la diversi\u00f3n: tu nueva vida en Valencia","author":"Admin","date":"12\/05\/2024","format":false,"excerpt":"Despu\u00e9s de llegar, todav\u00eda quedan muchas decisiones por tomar. Los h\u00e1bitos que daba por sentados ahora deben rehacerse y volverse a aprender.","rel":"","context":"En \u00abDaily life\u00bb","block_context":{"text":"Daily life","link":"https:\/\/www.valenciablue.com\/es\/category\/daily-life\/"},"img":{"alt_text":"The words \"Viva Espa\u00f1a\" spray-painted on a wall.","src":"https:\/\/mlr04w2evrow.i.optimole.com\/cb:O59K.20376\/w:auto\/h:auto\/q:mauto\/f:best\/https:\/\/i0.wp.com\/mlr04w2evrow.i.optimole.com\/w%3A1200\/h%3A900\/q%3Amauto\/process%3A494\/id%3Aab245a72644e90a3c176000b1534d744\/https%3A\/\/www.valenciablue.com\/viva-espana-featured.jpg?resize=350%2C200&ssl=1","width":350,"height":200,"srcset":"https:\/\/mlr04w2evrow.i.optimole.com\/cb:O59K.20376\/w:auto\/h:auto\/q:mauto\/f:best\/https:\/\/i0.wp.com\/mlr04w2evrow.i.optimole.com\/w%3A1200\/h%3A900\/q%3Amauto\/process%3A494\/id%3Aab245a72644e90a3c176000b1534d744\/https%3A\/\/www.valenciablue.com\/viva-espana-featured.jpg?resize=350%2C200&ssl=1 1x, https:\/\/mlr04w2evrow.i.optimole.com\/cb:O59K.20376\/w:auto\/h:auto\/q:mauto\/f:best\/https:\/\/i0.wp.com\/mlr04w2evrow.i.optimole.com\/w%3A1200\/h%3A900\/q%3Amauto\/process%3A494\/id%3Aab245a72644e90a3c176000b1534d744\/https%3A\/\/www.valenciablue.com\/viva-espana-featured.jpg?resize=525%2C300&ssl=1 1.5x, https:\/\/mlr04w2evrow.i.optimole.com\/cb:O59K.20376\/w:auto\/h:auto\/q:mauto\/f:best\/https:\/\/i0.wp.com\/mlr04w2evrow.i.optimole.com\/w%3A1200\/h%3A900\/q%3Amauto\/process%3A494\/id%3Aab245a72644e90a3c176000b1534d744\/https%3A\/\/www.valenciablue.com\/viva-espana-featured.jpg?resize=700%2C400&ssl=1 2x, https:\/\/mlr04w2evrow.i.optimole.com\/cb:O59K.20376\/w:auto\/h:auto\/q:mauto\/f:best\/https:\/\/i0.wp.com\/mlr04w2evrow.i.optimole.com\/w%3A1200\/h%3A900\/q%3Amauto\/process%3A494\/id%3Aab245a72644e90a3c176000b1534d744\/https%3A\/\/www.valenciablue.com\/viva-espana-featured.jpg?resize=1050%2C600&ssl=1 3x"},"classes":[]},{"id":1287,"url":"https:\/\/www.valenciablue.com\/es\/christmas-fusion-or-how-old-meets-new-in-spain\/","url_meta":{"origin":1167,"position":2},"title":"Fusi\u00f3n navide\u00f1a o c\u00f3mo lo antiguo se encuentra con lo nuevo en Espa\u00f1a","author":"Admin","date":"22\/12\/2025","format":false,"excerpt":"No se trata de una observaci\u00f3n del tipo &quot;esto o aquello es mejor&quot;. Es solo que, bueno, la Navidad en Espa\u00f1a es diferente a la de Estados Unidos.","rel":"","context":"En \u00abDaily life\u00bb","block_context":{"text":"Daily life","link":"https:\/\/www.valenciablue.com\/es\/category\/daily-life\/"},"img":{"alt_text":"Strings of Christmas lights hang in front of a bell tower in Valencia, Spain.","src":"https:\/\/mlr04w2evrow.i.optimole.com\/cb:O59K.20376\/w:auto\/h:auto\/q:mauto\/f:best\/https:\/\/i0.wp.com\/mlr04w2evrow.i.optimole.com\/w%3A1200\/h%3A900\/q%3Amauto\/process%3A1288\/id%3A2ed4b6d6a1f680aa834926cd758244e6\/https%3A\/\/www.valenciablue.com\/featured-lights-bell-tower.jpg?resize=350%2C200&ssl=1","width":350,"height":200,"srcset":"https:\/\/mlr04w2evrow.i.optimole.com\/cb:O59K.20376\/w:auto\/h:auto\/q:mauto\/f:best\/https:\/\/i0.wp.com\/mlr04w2evrow.i.optimole.com\/w%3A1200\/h%3A900\/q%3Amauto\/process%3A1288\/id%3A2ed4b6d6a1f680aa834926cd758244e6\/https%3A\/\/www.valenciablue.com\/featured-lights-bell-tower.jpg?resize=350%2C200&ssl=1 1x, https:\/\/mlr04w2evrow.i.optimole.com\/cb:O59K.20376\/w:auto\/h:auto\/q:mauto\/f:best\/https:\/\/i0.wp.com\/mlr04w2evrow.i.optimole.com\/w%3A1200\/h%3A900\/q%3Amauto\/process%3A1288\/id%3A2ed4b6d6a1f680aa834926cd758244e6\/https%3A\/\/www.valenciablue.com\/featured-lights-bell-tower.jpg?resize=525%2C300&ssl=1 1.5x, https:\/\/mlr04w2evrow.i.optimole.com\/cb:O59K.20376\/w:auto\/h:auto\/q:mauto\/f:best\/https:\/\/i0.wp.com\/mlr04w2evrow.i.optimole.com\/w%3A1200\/h%3A900\/q%3Amauto\/process%3A1288\/id%3A2ed4b6d6a1f680aa834926cd758244e6\/https%3A\/\/www.valenciablue.com\/featured-lights-bell-tower.jpg?resize=700%2C400&ssl=1 2x, https:\/\/mlr04w2evrow.i.optimole.com\/cb:O59K.20376\/w:auto\/h:auto\/q:mauto\/f:best\/https:\/\/i0.wp.com\/mlr04w2evrow.i.optimole.com\/w%3A1200\/h%3A900\/q%3Amauto\/process%3A1288\/id%3A2ed4b6d6a1f680aa834926cd758244e6\/https%3A\/\/www.valenciablue.com\/featured-lights-bell-tower.jpg?resize=1050%2C600&ssl=1 3x"},"classes":[]},{"id":1222,"url":"https:\/\/www.valenciablue.com\/es\/planning-your-life-in-spain-what-you-did-not-expect\/","url_meta":{"origin":1167,"position":3},"title":"Planificando tu vida en Espa\u00f1a; lo que no esperabas","author":"Admin","date":"20\/10\/2025","format":false,"excerpt":"Sinceramente, no sabes c\u00f3mo es vivir en un lugar a menos que lo hagas. Es decir, un viaje corto de reconocimiento no es suficiente.","rel":"","context":"En \u00abDaily life\u00bb","block_context":{"text":"Daily life","link":"https:\/\/www.valenciablue.com\/es\/category\/daily-life\/"},"img":{"alt_text":"Las Fallas fireworks exploding over a city street.","src":"https:\/\/mlr04w2evrow.i.optimole.com\/cb:O59K.20376\/w:auto\/h:auto\/q:mauto\/f:best\/https:\/\/i0.wp.com\/mlr04w2evrow.i.optimole.com\/w%3A1200\/h%3A900\/q%3Amauto\/process%3A1224\/id%3Ab6b394aaf30d3a74860bd6ba89622f1e\/https%3A\/\/www.valenciablue.com\/vlc-las-fallas-fireworks.jpg?resize=350%2C200&ssl=1","width":350,"height":200,"srcset":"https:\/\/mlr04w2evrow.i.optimole.com\/cb:O59K.20376\/w:auto\/h:auto\/q:mauto\/f:best\/https:\/\/i0.wp.com\/mlr04w2evrow.i.optimole.com\/w%3A1200\/h%3A900\/q%3Amauto\/process%3A1224\/id%3Ab6b394aaf30d3a74860bd6ba89622f1e\/https%3A\/\/www.valenciablue.com\/vlc-las-fallas-fireworks.jpg?resize=350%2C200&ssl=1 1x, https:\/\/mlr04w2evrow.i.optimole.com\/cb:O59K.20376\/w:auto\/h:auto\/q:mauto\/f:best\/https:\/\/i0.wp.com\/mlr04w2evrow.i.optimole.com\/w%3A1200\/h%3A900\/q%3Amauto\/process%3A1224\/id%3Ab6b394aaf30d3a74860bd6ba89622f1e\/https%3A\/\/www.valenciablue.com\/vlc-las-fallas-fireworks.jpg?resize=525%2C300&ssl=1 1.5x, https:\/\/mlr04w2evrow.i.optimole.com\/cb:O59K.20376\/w:auto\/h:auto\/q:mauto\/f:best\/https:\/\/i0.wp.com\/mlr04w2evrow.i.optimole.com\/w%3A1200\/h%3A900\/q%3Amauto\/process%3A1224\/id%3Ab6b394aaf30d3a74860bd6ba89622f1e\/https%3A\/\/www.valenciablue.com\/vlc-las-fallas-fireworks.jpg?resize=700%2C400&ssl=1 2x, https:\/\/mlr04w2evrow.i.optimole.com\/cb:O59K.20376\/w:auto\/h:auto\/q:mauto\/f:best\/https:\/\/i0.wp.com\/mlr04w2evrow.i.optimole.com\/w%3A1200\/h%3A900\/q%3Amauto\/process%3A1224\/id%3Ab6b394aaf30d3a74860bd6ba89622f1e\/https%3A\/\/www.valenciablue.com\/vlc-las-fallas-fireworks.jpg?resize=1050%2C600&ssl=1 3x"},"classes":[]},{"id":672,"url":"https:\/\/www.valenciablue.com\/es\/see-it-on-the-map-rotondas-around-valencia\/","url_meta":{"origin":1167,"position":4},"title":"Verlo en el mapa: Rotondas alrededor de Valencia","author":"Admin","date":"09\/10\/2024","format":false,"excerpt":"Las fotos geoetiquetadas se tomaron del 13 de julio de 2022 al 20 de agosto de 2024.","rel":"","context":"En \u00abDaily life\u00bb","block_context":{"text":"Daily life","link":"https:\/\/www.valenciablue.com\/es\/category\/daily-life\/"},"img":{"alt_text":"Picture of the arch situated in Valencia, Spain called \"Plaza de la Puerta del Mar\"","src":"https:\/\/mlr04w2evrow.i.optimole.com\/cb:O59K.20376\/w:auto\/h:auto\/q:mauto\/f:best\/https:\/\/i0.wp.com\/mlr04w2evrow.i.optimole.com\/w%3A1200\/h%3A900\/q%3Amauto\/process%3A680\/id%3Ae76c65ed03b842c8951c95a61a34b827\/https%3A\/\/www.valenciablue.com\/featured-4x3-image-plaza-de-la-puerta-del-mar-valencia.jpg?resize=350%2C200&ssl=1","width":350,"height":200,"srcset":"https:\/\/mlr04w2evrow.i.optimole.com\/cb:O59K.20376\/w:auto\/h:auto\/q:mauto\/f:best\/https:\/\/i0.wp.com\/mlr04w2evrow.i.optimole.com\/w%3A1200\/h%3A900\/q%3Amauto\/process%3A680\/id%3Ae76c65ed03b842c8951c95a61a34b827\/https%3A\/\/www.valenciablue.com\/featured-4x3-image-plaza-de-la-puerta-del-mar-valencia.jpg?resize=350%2C200&ssl=1 1x, https:\/\/mlr04w2evrow.i.optimole.com\/cb:O59K.20376\/w:auto\/h:auto\/q:mauto\/f:best\/https:\/\/i0.wp.com\/mlr04w2evrow.i.optimole.com\/w%3A1200\/h%3A900\/q%3Amauto\/process%3A680\/id%3Ae76c65ed03b842c8951c95a61a34b827\/https%3A\/\/www.valenciablue.com\/featured-4x3-image-plaza-de-la-puerta-del-mar-valencia.jpg?resize=525%2C300&ssl=1 1.5x, https:\/\/mlr04w2evrow.i.optimole.com\/cb:O59K.20376\/w:auto\/h:auto\/q:mauto\/f:best\/https:\/\/i0.wp.com\/mlr04w2evrow.i.optimole.com\/w%3A1200\/h%3A900\/q%3Amauto\/process%3A680\/id%3Ae76c65ed03b842c8951c95a61a34b827\/https%3A\/\/www.valenciablue.com\/featured-4x3-image-plaza-de-la-puerta-del-mar-valencia.jpg?resize=700%2C400&ssl=1 2x, https:\/\/mlr04w2evrow.i.optimole.com\/cb:O59K.20376\/w:auto\/h:auto\/q:mauto\/f:best\/https:\/\/i0.wp.com\/mlr04w2evrow.i.optimole.com\/w%3A1200\/h%3A900\/q%3Amauto\/process%3A680\/id%3Ae76c65ed03b842c8951c95a61a34b827\/https%3A\/\/www.valenciablue.com\/featured-4x3-image-plaza-de-la-puerta-del-mar-valencia.jpg?resize=1050%2C600&ssl=1 3x"},"classes":[]},{"id":1083,"url":"https:\/\/www.valenciablue.com\/es\/riding-from-waterstop-to-waterstop-in-spain\/","url_meta":{"origin":1167,"position":5},"title":"Cabalgando de un punto de agua a otro en Espa\u00f1a","author":"Admin","date":"07\/07\/2025","format":false,"excerpt":"Andar en bicicleta en Valencia, Espa\u00f1a, a medida que el verano se acerca a su m\u00e1ximo apogeo, presenta sus propios desaf\u00edos.","rel":"","context":"En \u00abDaily life\u00bb","block_context":{"text":"Daily life","link":"https:\/\/www.valenciablue.com\/es\/category\/daily-life\/"},"img":{"alt_text":"Two cyclists are silhouetted by the morning sun before a ride in Valencia, Spain.","src":"https:\/\/mlr04w2evrow.i.optimole.com\/cb:O59K.20376\/w:auto\/h:auto\/q:mauto\/f:best\/https:\/\/i0.wp.com\/mlr04w2evrow.i.optimole.com\/w%3A1200\/h%3A900\/q%3Amauto\/process%3A1100\/id%3A10f557d8d287f5f7b61d5eac14c52cdd\/https%3A\/\/www.valenciablue.com\/cyclists-against-the-sun-featuredcreated-with-gimp-8.jpg?resize=350%2C200&ssl=1","width":350,"height":200,"srcset":"https:\/\/mlr04w2evrow.i.optimole.com\/cb:O59K.20376\/w:auto\/h:auto\/q:mauto\/f:best\/https:\/\/i0.wp.com\/mlr04w2evrow.i.optimole.com\/w%3A1200\/h%3A900\/q%3Amauto\/process%3A1100\/id%3A10f557d8d287f5f7b61d5eac14c52cdd\/https%3A\/\/www.valenciablue.com\/cyclists-against-the-sun-featuredcreated-with-gimp-8.jpg?resize=350%2C200&ssl=1 1x, https:\/\/mlr04w2evrow.i.optimole.com\/cb:O59K.20376\/w:auto\/h:auto\/q:mauto\/f:best\/https:\/\/i0.wp.com\/mlr04w2evrow.i.optimole.com\/w%3A1200\/h%3A900\/q%3Amauto\/process%3A1100\/id%3A10f557d8d287f5f7b61d5eac14c52cdd\/https%3A\/\/www.valenciablue.com\/cyclists-against-the-sun-featuredcreated-with-gimp-8.jpg?resize=525%2C300&ssl=1 1.5x, https:\/\/mlr04w2evrow.i.optimole.com\/cb:O59K.20376\/w:auto\/h:auto\/q:mauto\/f:best\/https:\/\/i0.wp.com\/mlr04w2evrow.i.optimole.com\/w%3A1200\/h%3A900\/q%3Amauto\/process%3A1100\/id%3A10f557d8d287f5f7b61d5eac14c52cdd\/https%3A\/\/www.valenciablue.com\/cyclists-against-the-sun-featuredcreated-with-gimp-8.jpg?resize=700%2C400&ssl=1 2x, https:\/\/mlr04w2evrow.i.optimole.com\/cb:O59K.20376\/w:auto\/h:auto\/q:mauto\/f:best\/https:\/\/i0.wp.com\/mlr04w2evrow.i.optimole.com\/w%3A1200\/h%3A900\/q%3Amauto\/process%3A1100\/id%3A10f557d8d287f5f7b61d5eac14c52cdd\/https%3A\/\/www.valenciablue.com\/cyclists-against-the-sun-featuredcreated-with-gimp-8.jpg?resize=1050%2C600&ssl=1 3x"},"classes":[]}],"jetpack_shortlink":"https:\/\/wp.me\/pftBvt-iP","jetpack_sharing_enabled":true,"jetpack_likes_enabled":true,"_links":{"self":[{"href":"https:\/\/www.valenciablue.com\/es\/wp-json\/wp\/v2\/posts\/1167","targetHints":{"allow":["GET"]}}],"collection":[{"href":"https:\/\/www.valenciablue.com\/es\/wp-json\/wp\/v2\/posts"}],"about":[{"href":"https:\/\/www.valenciablue.com\/es\/wp-json\/wp\/v2\/types\/post"}],"author":[{"embeddable":true,"href":"https:\/\/www.valenciablue.com\/es\/wp-json\/wp\/v2\/users\/2"}],"replies":[{"embeddable":true,"href":"https:\/\/www.valenciablue.com\/es\/wp-json\/wp\/v2\/comments?post=1167"}],"version-history":[{"count":7,"href":"https:\/\/www.valenciablue.com\/es\/wp-json\/wp\/v2\/posts\/1167\/revisions"}],"predecessor-version":[{"id":1176,"href":"https:\/\/www.valenciablue.com\/es\/wp-json\/wp\/v2\/posts\/1167\/revisions\/1176"}],"wp:featuredmedia":[{"embeddable":true,"href":"https:\/\/www.valenciablue.com\/es\/wp-json\/wp\/v2\/media\/1181"}],"wp:attachment":[{"href":"https:\/\/www.valenciablue.com\/es\/wp-json\/wp\/v2\/media?parent=1167"}],"wp:term":[{"taxonomy":"category","embeddable":true,"href":"https:\/\/www.valenciablue.com\/es\/wp-json\/wp\/v2\/categories?post=1167"},{"taxonomy":"post_tag","embeddable":true,"href":"https:\/\/www.valenciablue.com\/es\/wp-json\/wp\/v2\/tags?post=1167"}],"curies":[{"name":"gracias","href":"https:\/\/api.w.org\/{rel}","templated":true}]}}