{"id":1083,"date":"2025-07-07T11:27:03","date_gmt":"2025-07-07T11:27:03","guid":{"rendered":"https:\/\/www.valenciablue.com\/?p=1083"},"modified":"2025-07-09T09:23:38","modified_gmt":"2025-07-09T09:23:38","slug":"riding-from-waterstop-to-waterstop-in-spain","status":"publish","type":"post","link":"https:\/\/www.valenciablue.com\/es\/riding-from-waterstop-to-waterstop-in-spain\/","title":{"rendered":"Cabalgando de un punto de agua a otro en Espa\u00f1a"},"content":{"rendered":"<h2 class=\"wp-block-heading\">Es fundamental saber d\u00f3nde repostar\u00e1s el pr\u00f3ximo combustible mientras conduces en verano.<\/h2>\n\n\n\n<p>\u00abEn Espa\u00f1a siempre hace calor\u00bb, han afirmado algunos comentaristas. No es as\u00ed. Este a\u00f1o, a finales de junio se registran temperaturas prolongadas, que normalmente no llegan hasta finales de julio. <a href=\"https:\/\/www.aemet.es\/es\/portada\" target=\"_blank\" rel=\"noreferrer noopener\"><em>La Agencia Estatal de Meteorolog\u00eda<\/em> (AEMET)<\/a>, la agencia meteorol\u00f3gica espa\u00f1ola, ha informado de un hecho importante. <a href=\"https:\/\/www.surinenglish.com\/spain\/june-recorded-an-average-temperature-236oc-exceeding-20250702080036-nt.html\" target=\"_blank\" rel=\"noreferrer noopener\">Junio de 2025 fue el mes m\u00e1s c\u00e1lido<\/a> Desde que se tienen registros modernos en la pen\u00ednsula Ib\u00e9rica. Normalmente, a medida que sube la temperatura, el grupo ciclista a\u00f1ade kil\u00f3metros a las rutas semanales. Tambi\u00e9n empezamos a pedalear m\u00e1s temprano por la ma\u00f1ana. Pero a medida que los d\u00edas se alargan, el calor se hace m\u00e1s intenso.<\/p>\n\n\n\n<figure class=\"wp-block-image size-large\"><img data-opt-id=417085148  fetchpriority=\"high\" decoding=\"async\" src=\"https:\/\/mlr04w2evrow.i.optimole.com\/cb:O59K.20376\/w:1024\/h:829\/q:mauto\/f:best\/id:1a512b490a1c502754e2097685ddabe9\/https:\/\/www.valenciablue.com\/heat-waves-spain.png\" alt=\"\" class=\"wp-image-1084\"\/><\/figure>\n\n\n\n<p>Despu\u00e9s de una <a href=\"https:\/\/www.barcelona-metropolitan.com\/living\/whats-causing-europes-unusual-spring-weather\/\" target=\"_blank\" rel=\"noreferrer noopener\">primavera h\u00fameda y fresca<\/a>El verano llega con fuerza. Llevo a\u00f1os viviendo y montando en Texas. Los d\u00edas valencianos, con temperaturas de entre 27 y 32 grados Celsius (80-90 grados Fahrenheit), son realmente agradables. Son mucho m\u00e1s frescos que los d\u00edas de 40 \u00b0C (104 \u00b0F). Estos d\u00edas m\u00e1s calurosos se dan al final del verano en el sur de Texas. Pero eso est\u00e1 cambiando. Veo temperaturas de m\u00e1s de 33 \u00b0C (90 \u00b0F o m\u00e1s) en mis estad\u00edsticas despu\u00e9s de una ruta.<\/p>\n\n\n\n<p>Pero ahora no me he aclimatado. Al regresar de Italia hace a\u00f1os, a un verano &quot;fresco&quot; en Austin, Texas, la humedad me dej\u00f3 completamente destrozada. Esto aumenta el estr\u00e9s t\u00e9rmico. Disminuye el enfriamiento por evaporaci\u00f3n \u2014ya sabes, la sudoraci\u00f3n\u2014 al que me hab\u00eda acostumbrado en Roma.<\/p>\n\n\n\n<h3 class=\"wp-block-heading\">A veces, mi viaje por Texas era un camino de muerte.<\/h3>\n\n\n\n<p>Sol\u00eda congelar dos botellas grandes con una mezcla de electrolitos, que llevaba en la bici. Luego sal\u00eda justo despu\u00e9s del amanecer. Claro, todo se derret\u00eda en un par de horas, pero al menos ten\u00eda la bebida fresca inicial. Si necesitaba rellenarla, bueno, para eso est\u00e1n las tiendas de conveniencia.<\/p>\n\n\n\n<p>Cuando empec\u00e9 con mi grupo de espa\u00f1ol a principios de verano, me di cuenta de que muchos solo ten\u00edan una botella. Sorprendentemente, no era la m\u00e1s grande. Luego descubr\u00ed que parar\u00edamos cada hora o menos. Rellen\u00e1bamos la botella en la zona rural. <em>ca\u00f1as<\/em> y municipal <em>fuentes<\/em>Literalmente, ca\u00f1as (tuber\u00edas) y fuentes, el agua se dispersaba generosamente en botellas y sobre nuestras cabezas y cuerpos. As\u00ed, refrescados, part\u00edamos hacia la siguiente parada de agua m\u00e1s adelante.<\/p>\n\n\n\n<div class=\"wp-block-media-text is-stacked-on-mobile\" style=\"grid-template-columns:45% auto\"><figure class=\"wp-block-media-text__media\"><img data-opt-id=300306414  fetchpriority=\"high\" decoding=\"async\" src=\"https:\/\/mlr04w2evrow.i.optimole.com\/cb:O59K.20376\/w:1024\/h:768\/q:mauto\/f:best\/id:ac39b47eeca5e35580d53d4d48c43123\/https:\/\/www.valenciablue.com\/cafe-del-tiempo.jpg\" alt=\"\" class=\"wp-image-1085 size-full\"\/><\/figure><div class=\"wp-block-media-text__content\">\n<p>Esto contrastaba marcadamente con mis equipos de Texas. Corr\u00edamos sin parar hasta la vuelta. Luego compr\u00e1bamos cantidades copiosas de Gatorade en el... <a href=\"https:\/\/en.wikipedia.org\/wiki\/National_Convenience_Stores\" target=\"_blank\" rel=\"noreferrer noopener\">Parar y seguir<\/a>Luego a\u00f1adimos hielo. Despu\u00e9s, repetimos la locura de alta intensidad en el regreso. Para mis rutas en grupo en Espa\u00f1a, existe la tradicional <a href=\"https:\/\/www.valenciablue.com\/es\/spanish-norms-for-dining-gyms-shopping-socializing\/\" target=\"_blank\" rel=\"noreferrer noopener\"><em>Almuerzo<\/em><\/a>o almuerzo, a mitad de ruta. Una forma m\u00e1s civilizada de cargar combustible para la moto. Terminamos con un <a href=\"https:\/\/es.wikipedia.org\/wiki\/Caf%C3%A9_del_tiempo\" target=\"_blank\" rel=\"noreferrer noopener\">caf\u00e9 del tiempo (caf\u00e9 helado)<\/a> Regresamos.<\/p>\n<\/div><\/div>\n\n\n\n<h3 class=\"wp-block-heading\">Navegando por la ruta usando paradas de agua<\/h3>\n\n\n\n<p>Estos oasis espa\u00f1oles se encuentran en las ciudades y pueblos de la Comunidad Valenciana. Varios me recuerdan a Roma, con grifos pintados por toda la ciudad. En los pueblos m\u00e1s peque\u00f1os, puede que sea simplemente una tuber\u00eda con agua corriente.<\/p>\n\n\n\n<div class=\"wp-block-media-text has-media-on-the-right is-stacked-on-mobile\" style=\"grid-template-columns:auto 37%\"><div class=\"wp-block-media-text__content\">\n<p>De manera alarmante, algunas de las <em>ca\u00f1as<\/em> est\u00e1n etiquetados con las palabras &quot;no potable&quot;. Eso no parece disuadir a mi <em>Compa\u00f1eros<\/em>Morir de sed por falta de agua no es una opci\u00f3n en este momento. Hasta ahora, todo bien en cuanto a los efectos secundarios intestinales. Quiz\u00e1s sea una medida de precauci\u00f3n excesiva por parte de las autoridades civiles.<\/p>\n<\/div><figure class=\"wp-block-media-text__media\"><img data-opt-id=1111249856  fetchpriority=\"high\" decoding=\"async\" width=\"800\" height=\"622\" src=\"https:\/\/mlr04w2evrow.i.optimole.com\/cb:O59K.20376\/w:auto\/h:auto\/q:mauto\/f:best\/id:9a0b343179e1bd863b303cd0ffec4f31\/https:\/\/www.valenciablue.com\/agua-no-potable.jpg\" alt=\"\" class=\"wp-image-1086 size-full\"\/><\/figure><\/div>\n\n\n\n<p>Tambi\u00e9n parece que algunas personas est\u00e1n bebiendo m\u00e1s de la cuenta. A veces, he visto letreros que advierten a los forasteros que solo usen una cantidad limitada. As\u00ed que supongo que quienes llenan varias jarras en estos establecimientos son ciudadanos de la comunidad.<\/p>\n\n\n\n<p>A medida que avanzamos por la carretera, pararemos en el siguiente bar para reagruparnos. Eso me quita presi\u00f3n y hace el viaje m\u00e1s llevadero. S\u00e9 que no me dejar\u00e1n solo para volver a casa bajo el sol del mediod\u00eda.<\/p>\n\n\n\n<h3 class=\"wp-block-heading\">Los lugare\u00f1os saben c\u00f3mo lidiar con el calor: abandonen la ciudad<\/h3>\n\n\n\n<p>A medida que avanza el verano, estos lugares de descanso, aquellos con tuber\u00edas de flujo libre, pueden secarse. Cuanto m\u00e1s alto se est\u00e9, antes desaparecer\u00e1 el hilo. Como nota al margen, la temporada de verano para montar a caballo comienza en septiembre y termina en julio del a\u00f1o siguiente. En agosto, muchos europeos abandonan la ciudad para disfrutar del clima m\u00e1s fresco de las monta\u00f1as o las playas.<\/p>\n\n\n\n<p>En cuanto a m\u00ed, lo reducir\u00e9 un poco y trabajar\u00e9 en ejercicios cortos pero espec\u00edficos en la bicicleta en interiores. <a href=\"https:\/\/marthamillerwrites.com\/a-love-letter-to-my-gym\/\">Agosto<\/a> Puede haber bastante silencio por aqu\u00ed. Al igual que el tradicional descanso de la tarde, muchas tiendas y restaurantes locales cierran durante semanas. Salvo por algunos turistas aguerridos, Valencia puede parecer desierta en agosto. Fuera del centro, se siente a\u00fan m\u00e1s como un pueblo fantasma.<\/p>\n\n\n\n<p>Y con un poco de suerte planificar\u00e9 mi <a href=\"https:\/\/marthamillerwrites.com\/how-to-pack-for-a-week-with-1-carry-on-bag\/\" target=\"_blank\" rel=\"noreferrer noopener\">escapar<\/a>, tambi\u00e9n.<\/p>\n\n\n\n<p>Mientras tanto, aqu\u00ed hay un mapa de los distintos lugares en los que he parado para reponer fuerzas y refrescarme durante nuestros viajes.<\/p>\n\n\n\n<iframe frameborder=\"0\" src=\"https:\/\/valenciablue.com\/wp-content\/uploads\/2025\/07\/map-waterstops.html\" title=\"Mapa de paradas de agua\" class=\"\" allowfullscreen style=\"width:100%;max-width:100%;height:650px\"><\/iframe>\n\n\n\n<div class=\"wp-block-jetpack-slideshow aligncenter\" data-effect=\"slide\" style=\"--aspect-ratio:calc(900 \/ 675)\"><div class=\"wp-block-jetpack-slideshow_container swiper-container\"><ul class=\"wp-block-jetpack-slideshow_swiper-wrapper swiper-wrapper\"><li class=\"wp-block-jetpack-slideshow_slide swiper-slide\"><figure><img data-opt-id=366200564  data-opt-src=\"https:\/\/mlr04w2evrow.i.optimole.com\/cb:O59K.20376\/w:auto\/h:auto\/q:mauto\/f:best\/id:331bbdb6cde784bdf5cd349113986e16\/https:\/\/www.valenciablue.com\/alcublas-900x675-1created-with-gimp-2.jpg\"  decoding=\"async\" width=\"900\" height=\"675\" alt=\"A cyclist in a yellow jersey refills his water bottle at a public fountain.\" class=\"wp-block-jetpack-slideshow_image wp-image-1094\" data-id=\"1094\" data-aspect-ratio=\"900 \/ 675\" src=\"data:image/svg+xml,%3Csvg%20viewBox%3D%220%200%20100%%20100%%22%20width%3D%22100%%22%20height%3D%22100%%22%20xmlns%3D%22http%3A%2F%2Fwww.w3.org%2F2000%2Fsvg%22%3E%3Crect%20width%3D%22100%%22%20height%3D%22100%%22%20fill%3D%22transparent%22%2F%3E%3C%2Fsvg%3E\"\/><figcaption class=\"wp-block-jetpack-slideshow_caption gallery-caption\">Calle de San Agust\u00edn, Alcublas, La Serran\u00eda, Valencia, Valencia..<\/figcaption><\/figure><\/li><li class=\"wp-block-jetpack-slideshow_slide swiper-slide\"><figure><img data-opt-id=1406341203  data-opt-src=\"https:\/\/mlr04w2evrow.i.optimole.com\/w:auto\/h:auto\/q:mauto\/https:\/\/www.valenciablue.com\/wp-content\/uploads\/2025\/07\/algimia-d-alfara-900x675-1_algimia-d-alfara-900x675.jpg\"  decoding=\"async\" width=\"900\" height=\"675\" alt=\"Cyclists fill water bottles and douse themselves from the water pipe. \" class=\"wp-block-jetpack-slideshow_image wp-image-1088\" data-id=\"1088\" data-aspect-ratio=\"900 \/ 675\" src=\"data:image/svg+xml,%3Csvg%20viewBox%3D%220%200%20900%20675%22%20width%3D%22900%22%20height%3D%22675%22%20xmlns%3D%22http%3A%2F%2Fwww.w3.org%2F2000%2Fsvg%22%3E%3Crect%20width%3D%22900%22%20height%3D%22675%22%20fill%3D%22transparent%22%2F%3E%3C%2Fsvg%3E\"\/><figcaption class=\"wp-block-jetpack-slideshow_caption gallery-caption\">CV-310, Comunidad Valenciana, Espa\u00f1a<\/figcaption><\/figure><\/li><li class=\"wp-block-jetpack-slideshow_slide swiper-slide\"><figure><img data-opt-id=1853552000  data-opt-src=\"https:\/\/mlr04w2evrow.i.optimole.com\/cb:O59K.20376\/w:auto\/h:auto\/q:mauto\/f:best\/id:7a7dba5224d5015006625a447ed7aa44\/https:\/\/www.valenciablue.com\/almedijar-900x675-1created-with-gimp-5.jpg\"  decoding=\"async\" width=\"900\" height=\"675\" alt=\"A sign in the foreground telling people not to exceed a set amount of liters.\" class=\"wp-block-jetpack-slideshow_image wp-image-1097\" data-id=\"1097\" data-aspect-ratio=\"900 \/ 675\" src=\"data:image/svg+xml,%3Csvg%20viewBox%3D%220%200%20100%%20100%%22%20width%3D%22100%%22%20height%3D%22100%%22%20xmlns%3D%22http%3A%2F%2Fwww.w3.org%2F2000%2Fsvg%22%3E%3Crect%20width%3D%22100%%22%20height%3D%22100%%22%20fill%3D%22transparent%22%2F%3E%3C%2Fsvg%3E\"\/><figcaption class=\"wp-block-jetpack-slideshow_caption gallery-caption\">Calle Pranel, Comunidad Valenciana, Espa\u00f1a<\/figcaption><\/figure><\/li><li class=\"wp-block-jetpack-slideshow_slide swiper-slide\"><figure><img data-opt-id=891096315  data-opt-src=\"https:\/\/mlr04w2evrow.i.optimole.com\/cb:O59K.20376\/w:auto\/h:auto\/q:mauto\/f:best\/id:8b36569e579868a0f7f70cd132e9f8e2\/https:\/\/www.valenciablue.com\/argelita-900x675-1.jpg\"  decoding=\"async\" width=\"900\" height=\"675\" alt=\"A sign naming the water fountain with mountains in the background.\" class=\"wp-block-jetpack-slideshow_image wp-image-1090\" data-id=\"1090\" data-aspect-ratio=\"900 \/ 675\" src=\"data:image/svg+xml,%3Csvg%20viewBox%3D%220%200%20100%%20100%%22%20width%3D%22100%%22%20height%3D%22100%%22%20xmlns%3D%22http%3A%2F%2Fwww.w3.org%2F2000%2Fsvg%22%3E%3Crect%20width%3D%22100%%22%20height%3D%22100%%22%20fill%3D%22transparent%22%2F%3E%3C%2Fsvg%3E\"\/><figcaption class=\"wp-block-jetpack-slideshow_caption gallery-caption\">Carretera Fanzara \u2013 Castillo de Villamalefa, Comunidad Valenciana, Espa\u00f1a\n<\/figcaption><\/figure><\/li><li class=\"wp-block-jetpack-slideshow_slide swiper-slide\"><figure><img data-opt-id=2053501256  data-opt-src=\"https:\/\/mlr04w2evrow.i.optimole.com\/cb:O59K.20376\/w:auto\/h:auto\/q:mauto\/f:best\/id:4981854f73779cade19479f248a65343\/https:\/\/www.valenciablue.com\/casinos-900x675-1created-with-gimp-4.jpg\"  decoding=\"async\" width=\"900\" height=\"675\" alt=\"A cyclist in a red jersey refills his water bottle at a public fountain.\" class=\"wp-block-jetpack-slideshow_image wp-image-1096\" data-id=\"1096\" data-aspect-ratio=\"900 \/ 675\" src=\"data:image/svg+xml,%3Csvg%20viewBox%3D%220%200%20100%%20100%%22%20width%3D%22100%%22%20height%3D%22100%%22%20xmlns%3D%22http%3A%2F%2Fwww.w3.org%2F2000%2Fsvg%22%3E%3Crect%20width%3D%22100%%22%20height%3D%22100%%22%20fill%3D%22transparent%22%2F%3E%3C%2Fsvg%3E\"\/><figcaption class=\"wp-block-jetpack-slideshow_caption gallery-caption\">Carrer de Conchita Piquer, Casinos, el Camp de T\u00faria, Valencia, ..<\/figcaption><\/figure><\/li><li class=\"wp-block-jetpack-slideshow_slide swiper-slide\"><figure><img data-opt-id=1660903976  data-opt-src=\"https:\/\/mlr04w2evrow.i.optimole.com\/cb:O59K.20376\/w:auto\/h:auto\/q:mauto\/f:best\/id:b8ef816857e2c89baf1f693dac2f7aff\/https:\/\/www.valenciablue.com\/cullera-900x675-1.jpg\"  decoding=\"async\" width=\"900\" height=\"675\" alt=\"A group of cyclists gather around a water fountain to refill their bottles.\" class=\"wp-block-jetpack-slideshow_image wp-image-1089\" data-id=\"1089\" data-aspect-ratio=\"900 \/ 675\" src=\"data:image/svg+xml,%3Csvg%20viewBox%3D%220%200%20100%%20100%%22%20width%3D%22100%%22%20height%3D%22100%%22%20xmlns%3D%22http%3A%2F%2Fwww.w3.org%2F2000%2Fsvg%22%3E%3Crect%20width%3D%22100%%22%20height%3D%22100%%22%20fill%3D%22transparent%22%2F%3E%3C%2Fsvg%3E\"\/><figcaption class=\"wp-block-jetpack-slideshow_caption gallery-caption\">Carretera Nazaret-Oliva, Cullera, Comunidad Valenciana, S<\/figcaption><\/figure><\/li><li class=\"wp-block-jetpack-slideshow_slide swiper-slide\"><figure><img data-opt-id=1232317182  data-opt-src=\"https:\/\/mlr04w2evrow.i.optimole.com\/cb:O59K.20376\/w:auto\/h:auto\/q:mauto\/f:best\/id:4476c930e98f8bd4d3654d9c773b5d6c\/https:\/\/www.valenciablue.com\/el-oro-900x675-1created-with-gimp-3.jpg\"  decoding=\"async\" width=\"900\" height=\"675\" alt=\"A large hole for water drainage, towers over cyclists at the water fountain below.\" class=\"wp-block-jetpack-slideshow_image wp-image-1095\" data-id=\"1095\" data-aspect-ratio=\"900 \/ 675\" src=\"data:image/svg+xml,%3Csvg%20viewBox%3D%220%200%20100%%20100%%22%20width%3D%22100%%22%20height%3D%22100%%22%20xmlns%3D%22http%3A%2F%2Fwww.w3.org%2F2000%2Fsvg%22%3E%3Crect%20width%3D%22100%%22%20height%3D%22100%%22%20fill%3D%22transparent%22%2F%3E%3C%2Fsvg%3E\"\/><figcaption class=\"wp-block-jetpack-slideshow_caption gallery-caption\">Alameda el Oro, El Oro, Cortes de Pall\u00e1s, El Valle de Cofrentes<\/figcaption><\/figure><\/li><li class=\"wp-block-jetpack-slideshow_slide swiper-slide\"><figure><img data-opt-id=947685944  data-opt-src=\"https:\/\/mlr04w2evrow.i.optimole.com\/cb:O59K.20376\/w:auto\/h:auto\/q:mauto\/f:best\/id:9153f81ca2d840e5c8e5dac91a8b02e1\/https:\/\/www.valenciablue.com\/el-toro-900x675-1created-with-gimp-6.jpg\"  decoding=\"async\" width=\"900\" height=\"675\" alt=\"Two stone cats perch atop a water fountain as a cyclist in blue fills up his water bottle.\" class=\"wp-block-jetpack-slideshow_image wp-image-1098\" data-id=\"1098\" data-aspect-ratio=\"900 \/ 675\" src=\"data:image/svg+xml,%3Csvg%20viewBox%3D%220%200%20100%%20100%%22%20width%3D%22100%%22%20height%3D%22100%%22%20xmlns%3D%22http%3A%2F%2Fwww.w3.org%2F2000%2Fsvg%22%3E%3Crect%20width%3D%22100%%22%20height%3D%22100%%22%20fill%3D%22transparent%22%2F%3E%3C%2Fsvg%3E\"\/><figcaption class=\"wp-block-jetpack-slideshow_caption gallery-caption\">Calle La Fuente, Comunidad Valenciana, Espa\u00f1a<\/figcaption><\/figure><\/li><li class=\"wp-block-jetpack-slideshow_slide swiper-slide\"><figure><img data-opt-id=1350817313  data-opt-src=\"https:\/\/mlr04w2evrow.i.optimole.com\/cb:O59K.20376\/w:auto\/h:auto\/q:mauto\/f:best\/id:541a5ccf909a34a611b219ed6873cbfd\/https:\/\/www.valenciablue.com\/estivella-900x675-1.jpg\"  decoding=\"async\" width=\"900\" height=\"675\" alt=\"Two &quot;canas&quot; with water flowing from the pipes.\" class=\"wp-block-jetpack-slideshow_image wp-image-1091\" data-id=\"1091\" data-aspect-ratio=\"900 \/ 675\" src=\"data:image/svg+xml,%3Csvg%20viewBox%3D%220%200%20100%%20100%%22%20width%3D%22100%%22%20height%3D%22100%%22%20xmlns%3D%22http%3A%2F%2Fwww.w3.org%2F2000%2Fsvg%22%3E%3Crect%20width%3D%22100%%22%20height%3D%22100%%22%20fill%3D%22transparent%22%2F%3E%3C%2Fsvg%3E\"\/><figcaption class=\"wp-block-jetpack-slideshow_caption gallery-caption\">Camino de Barraix, Comunidad Valenciana, Espa\u00f1a<\/figcaption><\/figure><\/li><li class=\"wp-block-jetpack-slideshow_slide swiper-slide\"><figure><img data-opt-id=2022489736  data-opt-src=\"https:\/\/mlr04w2evrow.i.optimole.com\/cb:O59K.20376\/w:auto\/h:auto\/q:mauto\/f:best\/id:37d12f5f9b9de26d8550752c80196ccd\/https:\/\/www.valenciablue.com\/naquera-900x675-1created-with-gimp.jpg\"  decoding=\"async\" width=\"900\" height=\"675\" alt=\"A semi-curved, tile marker runs along the length of a water fountain.\" class=\"wp-block-jetpack-slideshow_image wp-image-1093\" data-id=\"1093\" data-aspect-ratio=\"900 \/ 675\" src=\"data:image/svg+xml,%3Csvg%20viewBox%3D%220%200%20100%%20100%%22%20width%3D%22100%%22%20height%3D%22100%%22%20xmlns%3D%22http%3A%2F%2Fwww.w3.org%2F2000%2Fsvg%22%3E%3Crect%20width%3D%22100%%22%20height%3D%22100%%22%20fill%3D%22transparent%22%2F%3E%3C%2Fsvg%3E\"\/><figcaption class=\"wp-block-jetpack-slideshow_caption gallery-caption\">Parada de agua en N\u00e1quera, Valencia, Espa\u00f1a<\/figcaption><\/figure><\/li><li class=\"wp-block-jetpack-slideshow_slide swiper-slide\"><figure><img data-opt-id=516719464  data-opt-src=\"https:\/\/mlr04w2evrow.i.optimole.com\/cb:O59K.20376\/w:auto\/h:auto\/q:mauto\/f:best\/id:168f31a686b057cbabb267efb51932c5\/https:\/\/www.valenciablue.com\/segart-900x675-1.jpg\"  decoding=\"async\" width=\"900\" height=\"675\" alt=\"A simple water fountain dispenses water into a stone cistern.\" class=\"wp-block-jetpack-slideshow_image wp-image-1092\" data-id=\"1092\" data-aspect-ratio=\"900 \/ 675\" src=\"data:image/svg+xml,%3Csvg%20viewBox%3D%220%200%20100%%20100%%22%20width%3D%22100%%22%20height%3D%22100%%22%20xmlns%3D%22http%3A%2F%2Fwww.w3.org%2F2000%2Fsvg%22%3E%3Crect%20width%3D%22100%%22%20height%3D%22100%%22%20fill%3D%22transparent%22%2F%3E%3C%2Fsvg%3E\"\/><figcaption class=\"wp-block-jetpack-slideshow_caption gallery-caption\">Coveta de Rabosa, Carrer de la Font, Segart, el Camp de\u2026<\/figcaption><\/figure><\/li><li class=\"wp-block-jetpack-slideshow_slide swiper-slide\"><figure><img data-opt-id=1395769974  data-opt-src=\"https:\/\/mlr04w2evrow.i.optimole.com\/cb:O59K.20376\/w:auto\/h:auto\/q:mauto\/f:best\/id:75dab4bbbc3035dc73e7160a63567518\/https:\/\/www.valenciablue.com\/siete-aguascreated-with-gimp-7.jpg\"  decoding=\"async\" width=\"900\" height=\"675\" alt=\"A large, tiled facade over the water pipes as a woman fills her water jugs.\" class=\"wp-block-jetpack-slideshow_image wp-image-1099\" data-id=\"1099\" data-aspect-ratio=\"900 \/ 675\" src=\"data:image/svg+xml,%3Csvg%20viewBox%3D%220%200%20100%%20100%%22%20width%3D%22100%%22%20height%3D%22100%%22%20xmlns%3D%22http%3A%2F%2Fwww.w3.org%2F2000%2Fsvg%22%3E%3Crect%20width%3D%22100%%22%20height%3D%22100%%22%20fill%3D%22transparent%22%2F%3E%3C%2Fsvg%3E\"\/><figcaption class=\"wp-block-jetpack-slideshow_caption gallery-caption\">Calle Victoriano S\u00e1nchez y Trinidad Balaguer, Comunidad Valenciana<\/figcaption><\/figure><\/li><\/ul><a class=\"wp-block-jetpack-slideshow_button-prev swiper-button-prev swiper-button-white\" role=\"button\"><\/a><a class=\"wp-block-jetpack-slideshow_button-next swiper-button-next swiper-button-white\" role=\"button\"><\/a><a aria-label=\"Pausar presentaci\u00f3n de diapositivas\" class=\"wp-block-jetpack-slideshow_button-pause\" role=\"button\"><\/a><div class=\"wp-block-jetpack-slideshow_pagination swiper-pagination swiper-pagination-white\"><\/div><\/div><\/div>","protected":false},"excerpt":{"rendered":"<p>Andar en bicicleta en Valencia, Espa\u00f1a, a medida que el verano se acerca a su m\u00e1ximo apogeo, presenta sus propios desaf\u00edos.<\/p>","protected":false},"author":2,"featured_media":1100,"comment_status":"open","ping_status":"closed","sticky":false,"template":"","format":"standard","meta":{"advanced_seo_description":"Bicycling in Valencia can present some challenges. Know where your next water stop is.","jetpack_seo_html_title":"Summer heat and bicycling in Spain","jetpack_seo_noindex":false,"jetpack_post_was_ever_published":false,"_jetpack_newsletter_access":"","_jetpack_dont_email_post_to_subs":false,"_jetpack_newsletter_tier_id":0,"_jetpack_memberships_contains_paywalled_content":false,"_jetpack_memberships_contains_paid_content":false,"footnotes":"","jetpack_publicize_message":"","jetpack_publicize_feature_enabled":true,"jetpack_social_post_already_shared":false,"jetpack_social_options":{"image_generator_settings":{"template":"highway","default_image_id":0,"enabled":false},"version":2}},"categories":[1,10],"tags":[78,75,79,76],"class_list":["post-1083","post","type-post","status-publish","format-standard","has-post-thumbnail","hentry","category-daily-life","category-bike","tag-bicyling-in-spain","tag-summer-in-spain","tag-summer-in-valencia","tag-weather-in-valencia"],"jetpack_publicize_connections":[],"jetpack_featured_media_url":"https:\/\/mlr04w2evrow.i.optimole.com\/cb:O59K.20376\/w:1200\/h:900\/q:mauto\/f:best\/id:10f557d8d287f5f7b61d5eac14c52cdd\/https:\/\/www.valenciablue.com\/cyclists-against-the-sun-featuredcreated-with-gimp-8.jpg","jetpack-related-posts":[{"id":615,"url":"https:\/\/www.valenciablue.com\/es\/bicycling-in-the-valencian-countryside\/","url_meta":{"origin":1083,"position":0},"title":"En bicicleta por el campo valenciano","author":"Admin","date":"20\/09\/2024","format":false,"excerpt":"Los temas de mis im\u00e1genes suelen ser objetos cotidianos. Me intrigan, por ejemplo, las estructuras que se encuentran en medio de las rotondas cuando uno entra a la ciudad.","rel":"","context":"En \u00abDaily life\u00bb","block_context":{"text":"Daily life","link":"https:\/\/www.valenciablue.com\/es\/category\/daily-life\/"},"img":{"alt_text":"Spanish word \"Vamos\" spraypainted on brick wall behind bicycle.","src":"https:\/\/mlr04w2evrow.i.optimole.com\/cb:O59K.20376\/w:auto\/h:auto\/q:mauto\/f:best\/https:\/\/i0.wp.com\/mlr04w2evrow.i.optimole.com\/w%3A1200\/h%3A900\/q%3Amauto\/process%3A643\/id%3A101275d86da7307415db500d3cbd905d\/https%3A\/\/www.valenciablue.com\/vamos-and-bicycle.jpg?resize=350%2C200&ssl=1","width":350,"height":200,"srcset":"https:\/\/mlr04w2evrow.i.optimole.com\/cb:O59K.20376\/w:auto\/h:auto\/q:mauto\/f:best\/https:\/\/i0.wp.com\/mlr04w2evrow.i.optimole.com\/w%3A1200\/h%3A900\/q%3Amauto\/process%3A643\/id%3A101275d86da7307415db500d3cbd905d\/https%3A\/\/www.valenciablue.com\/vamos-and-bicycle.jpg?resize=350%2C200&ssl=1 1x, https:\/\/mlr04w2evrow.i.optimole.com\/cb:O59K.20376\/w:auto\/h:auto\/q:mauto\/f:best\/https:\/\/i0.wp.com\/mlr04w2evrow.i.optimole.com\/w%3A1200\/h%3A900\/q%3Amauto\/process%3A643\/id%3A101275d86da7307415db500d3cbd905d\/https%3A\/\/www.valenciablue.com\/vamos-and-bicycle.jpg?resize=525%2C300&ssl=1 1.5x, https:\/\/mlr04w2evrow.i.optimole.com\/cb:O59K.20376\/w:auto\/h:auto\/q:mauto\/f:best\/https:\/\/i0.wp.com\/mlr04w2evrow.i.optimole.com\/w%3A1200\/h%3A900\/q%3Amauto\/process%3A643\/id%3A101275d86da7307415db500d3cbd905d\/https%3A\/\/www.valenciablue.com\/vamos-and-bicycle.jpg?resize=700%2C400&ssl=1 2x, https:\/\/mlr04w2evrow.i.optimole.com\/cb:O59K.20376\/w:auto\/h:auto\/q:mauto\/f:best\/https:\/\/i0.wp.com\/mlr04w2evrow.i.optimole.com\/w%3A1200\/h%3A900\/q%3Amauto\/process%3A643\/id%3A101275d86da7307415db500d3cbd905d\/https%3A\/\/www.valenciablue.com\/vamos-and-bicycle.jpg?resize=1050%2C600&ssl=1 3x"},"classes":[]},{"id":1287,"url":"https:\/\/www.valenciablue.com\/es\/christmas-fusion-or-how-old-meets-new-in-spain\/","url_meta":{"origin":1083,"position":1},"title":"Fusi\u00f3n navide\u00f1a o c\u00f3mo lo antiguo se encuentra con lo nuevo en Espa\u00f1a","author":"Admin","date":"22\/12\/2025","format":false,"excerpt":"No se trata de una observaci\u00f3n del tipo &quot;esto o aquello es mejor&quot;. Es solo que, bueno, la Navidad en Espa\u00f1a es diferente a la de Estados Unidos.","rel":"","context":"En \u00abDaily life\u00bb","block_context":{"text":"Daily life","link":"https:\/\/www.valenciablue.com\/es\/category\/daily-life\/"},"img":{"alt_text":"Strings of Christmas lights hang in front of a bell tower in Valencia, Spain.","src":"https:\/\/mlr04w2evrow.i.optimole.com\/cb:O59K.20376\/w:auto\/h:auto\/q:mauto\/f:best\/https:\/\/i0.wp.com\/mlr04w2evrow.i.optimole.com\/w%3A1200\/h%3A900\/q%3Amauto\/process%3A1288\/id%3A2ed4b6d6a1f680aa834926cd758244e6\/https%3A\/\/www.valenciablue.com\/featured-lights-bell-tower.jpg?resize=350%2C200&ssl=1","width":350,"height":200,"srcset":"https:\/\/mlr04w2evrow.i.optimole.com\/cb:O59K.20376\/w:auto\/h:auto\/q:mauto\/f:best\/https:\/\/i0.wp.com\/mlr04w2evrow.i.optimole.com\/w%3A1200\/h%3A900\/q%3Amauto\/process%3A1288\/id%3A2ed4b6d6a1f680aa834926cd758244e6\/https%3A\/\/www.valenciablue.com\/featured-lights-bell-tower.jpg?resize=350%2C200&ssl=1 1x, https:\/\/mlr04w2evrow.i.optimole.com\/cb:O59K.20376\/w:auto\/h:auto\/q:mauto\/f:best\/https:\/\/i0.wp.com\/mlr04w2evrow.i.optimole.com\/w%3A1200\/h%3A900\/q%3Amauto\/process%3A1288\/id%3A2ed4b6d6a1f680aa834926cd758244e6\/https%3A\/\/www.valenciablue.com\/featured-lights-bell-tower.jpg?resize=525%2C300&ssl=1 1.5x, https:\/\/mlr04w2evrow.i.optimole.com\/cb:O59K.20376\/w:auto\/h:auto\/q:mauto\/f:best\/https:\/\/i0.wp.com\/mlr04w2evrow.i.optimole.com\/w%3A1200\/h%3A900\/q%3Amauto\/process%3A1288\/id%3A2ed4b6d6a1f680aa834926cd758244e6\/https%3A\/\/www.valenciablue.com\/featured-lights-bell-tower.jpg?resize=700%2C400&ssl=1 2x, https:\/\/mlr04w2evrow.i.optimole.com\/cb:O59K.20376\/w:auto\/h:auto\/q:mauto\/f:best\/https:\/\/i0.wp.com\/mlr04w2evrow.i.optimole.com\/w%3A1200\/h%3A900\/q%3Amauto\/process%3A1288\/id%3A2ed4b6d6a1f680aa834926cd758244e6\/https%3A\/\/www.valenciablue.com\/featured-lights-bell-tower.jpg?resize=1050%2C600&ssl=1 3x"},"classes":[]},{"id":672,"url":"https:\/\/www.valenciablue.com\/es\/see-it-on-the-map-rotondas-around-valencia\/","url_meta":{"origin":1083,"position":2},"title":"Verlo en el mapa: Rotondas alrededor de Valencia","author":"Admin","date":"09\/10\/2024","format":false,"excerpt":"Las fotos geoetiquetadas se tomaron del 13 de julio de 2022 al 20 de agosto de 2024.","rel":"","context":"En \u00abDaily life\u00bb","block_context":{"text":"Daily life","link":"https:\/\/www.valenciablue.com\/es\/category\/daily-life\/"},"img":{"alt_text":"Picture of the arch situated in Valencia, Spain called \"Plaza de la Puerta del Mar\"","src":"https:\/\/mlr04w2evrow.i.optimole.com\/cb:O59K.20376\/w:auto\/h:auto\/q:mauto\/f:best\/https:\/\/i0.wp.com\/mlr04w2evrow.i.optimole.com\/w%3A1200\/h%3A900\/q%3Amauto\/process%3A680\/id%3Ae76c65ed03b842c8951c95a61a34b827\/https%3A\/\/www.valenciablue.com\/featured-4x3-image-plaza-de-la-puerta-del-mar-valencia.jpg?resize=350%2C200&ssl=1","width":350,"height":200,"srcset":"https:\/\/mlr04w2evrow.i.optimole.com\/cb:O59K.20376\/w:auto\/h:auto\/q:mauto\/f:best\/https:\/\/i0.wp.com\/mlr04w2evrow.i.optimole.com\/w%3A1200\/h%3A900\/q%3Amauto\/process%3A680\/id%3Ae76c65ed03b842c8951c95a61a34b827\/https%3A\/\/www.valenciablue.com\/featured-4x3-image-plaza-de-la-puerta-del-mar-valencia.jpg?resize=350%2C200&ssl=1 1x, https:\/\/mlr04w2evrow.i.optimole.com\/cb:O59K.20376\/w:auto\/h:auto\/q:mauto\/f:best\/https:\/\/i0.wp.com\/mlr04w2evrow.i.optimole.com\/w%3A1200\/h%3A900\/q%3Amauto\/process%3A680\/id%3Ae76c65ed03b842c8951c95a61a34b827\/https%3A\/\/www.valenciablue.com\/featured-4x3-image-plaza-de-la-puerta-del-mar-valencia.jpg?resize=525%2C300&ssl=1 1.5x, https:\/\/mlr04w2evrow.i.optimole.com\/cb:O59K.20376\/w:auto\/h:auto\/q:mauto\/f:best\/https:\/\/i0.wp.com\/mlr04w2evrow.i.optimole.com\/w%3A1200\/h%3A900\/q%3Amauto\/process%3A680\/id%3Ae76c65ed03b842c8951c95a61a34b827\/https%3A\/\/www.valenciablue.com\/featured-4x3-image-plaza-de-la-puerta-del-mar-valencia.jpg?resize=700%2C400&ssl=1 2x, https:\/\/mlr04w2evrow.i.optimole.com\/cb:O59K.20376\/w:auto\/h:auto\/q:mauto\/f:best\/https:\/\/i0.wp.com\/mlr04w2evrow.i.optimole.com\/w%3A1200\/h%3A900\/q%3Amauto\/process%3A680\/id%3Ae76c65ed03b842c8951c95a61a34b827\/https%3A\/\/www.valenciablue.com\/featured-4x3-image-plaza-de-la-puerta-del-mar-valencia.jpg?resize=1050%2C600&ssl=1 3x"},"classes":[]},{"id":509,"url":"https:\/\/www.valenciablue.com\/es\/embracing-the-golden-years-retiring-in-spain\/","url_meta":{"origin":1083,"position":3},"title":"Abrazando los a\u00f1os dorados: Jubilarse en Espa\u00f1a","author":"Admin","date":"26\/06\/2024","format":false,"excerpt":"La edad me est\u00e1 acechando. Intento mantenerme activa y estar en Espa\u00f1a sin duda me ayuda a lograr ese objetivo. Pero en alg\u00fan momento voy a necesitar ayuda.","rel":"","context":"En \u00abDaily life\u00bb","block_context":{"text":"Daily life","link":"https:\/\/www.valenciablue.com\/es\/category\/daily-life\/"},"img":{"alt_text":"Elderly couple walking down the street with the pictured tinted in yellow.","src":"https:\/\/mlr04w2evrow.i.optimole.com\/cb:O59K.20376\/w:auto\/h:auto\/q:mauto\/f:best\/https:\/\/i0.wp.com\/mlr04w2evrow.i.optimole.com\/w%3A1200\/h%3A900\/q%3Amauto\/process%3A540\/id%3Acea24497ee3394344fa57c523fa7b4a1\/https%3A\/\/www.valenciablue.com\/elderly-couple-gold-1200x900-1.jpg?resize=350%2C200&ssl=1","width":350,"height":200,"srcset":"https:\/\/mlr04w2evrow.i.optimole.com\/cb:O59K.20376\/w:auto\/h:auto\/q:mauto\/f:best\/https:\/\/i0.wp.com\/mlr04w2evrow.i.optimole.com\/w%3A1200\/h%3A900\/q%3Amauto\/process%3A540\/id%3Acea24497ee3394344fa57c523fa7b4a1\/https%3A\/\/www.valenciablue.com\/elderly-couple-gold-1200x900-1.jpg?resize=350%2C200&ssl=1 1x, https:\/\/mlr04w2evrow.i.optimole.com\/cb:O59K.20376\/w:auto\/h:auto\/q:mauto\/f:best\/https:\/\/i0.wp.com\/mlr04w2evrow.i.optimole.com\/w%3A1200\/h%3A900\/q%3Amauto\/process%3A540\/id%3Acea24497ee3394344fa57c523fa7b4a1\/https%3A\/\/www.valenciablue.com\/elderly-couple-gold-1200x900-1.jpg?resize=525%2C300&ssl=1 1.5x, https:\/\/mlr04w2evrow.i.optimole.com\/cb:O59K.20376\/w:auto\/h:auto\/q:mauto\/f:best\/https:\/\/i0.wp.com\/mlr04w2evrow.i.optimole.com\/w%3A1200\/h%3A900\/q%3Amauto\/process%3A540\/id%3Acea24497ee3394344fa57c523fa7b4a1\/https%3A\/\/www.valenciablue.com\/elderly-couple-gold-1200x900-1.jpg?resize=700%2C400&ssl=1 2x, https:\/\/mlr04w2evrow.i.optimole.com\/cb:O59K.20376\/w:auto\/h:auto\/q:mauto\/f:best\/https:\/\/i0.wp.com\/mlr04w2evrow.i.optimole.com\/w%3A1200\/h%3A900\/q%3Amauto\/process%3A540\/id%3Acea24497ee3394344fa57c523fa7b4a1\/https%3A\/\/www.valenciablue.com\/elderly-couple-gold-1200x900-1.jpg?resize=1050%2C600&ssl=1 3x"},"classes":[]},{"id":701,"url":"https:\/\/www.valenciablue.com\/es\/were-safe-but-the-loss-of-life-is-heartbreaking\/","url_meta":{"origin":1083,"position":4},"title":"Estamos a salvo, pero la p\u00e9rdida de vidas es desgarradora.","author":"Admin","date":"31\/10\/2024","format":false,"excerpt":"Existe cierta confusi\u00f3n sobre qu\u00e9 zonas de Valencia est\u00e1n afectadas.","rel":"","context":"En \u00abDaily life\u00bb","block_context":{"text":"Daily life","link":"https:\/\/www.valenciablue.com\/es\/category\/daily-life\/"},"img":{"alt_text":"Cropped map of areas affected by flooding in Valencia Community, 2024-10-30","src":"https:\/\/mlr04w2evrow.i.optimole.com\/cb:O59K.20376\/w:auto\/h:auto\/q:mauto\/f:best\/https:\/\/i0.wp.com\/mlr04w2evrow.i.optimole.com\/w%3A804\/h%3A603\/q%3Amauto\/process%3A704\/id%3Ad887c6ce07d2760fac63d7d29a0b3e8a\/https%3A\/\/www.valenciablue.com\/populations-most-affected_4x3.png?resize=350%2C200&ssl=1","width":350,"height":200,"srcset":"https:\/\/mlr04w2evrow.i.optimole.com\/cb:O59K.20376\/w:auto\/h:auto\/q:mauto\/f:best\/https:\/\/i0.wp.com\/mlr04w2evrow.i.optimole.com\/w%3A804\/h%3A603\/q%3Amauto\/process%3A704\/id%3Ad887c6ce07d2760fac63d7d29a0b3e8a\/https%3A\/\/www.valenciablue.com\/populations-most-affected_4x3.png?resize=350%2C200&ssl=1 1x, https:\/\/mlr04w2evrow.i.optimole.com\/cb:O59K.20376\/w:auto\/h:auto\/q:mauto\/f:best\/https:\/\/i0.wp.com\/mlr04w2evrow.i.optimole.com\/w%3A804\/h%3A603\/q%3Amauto\/process%3A704\/id%3Ad887c6ce07d2760fac63d7d29a0b3e8a\/https%3A\/\/www.valenciablue.com\/populations-most-affected_4x3.png?resize=525%2C300&ssl=1 1.5x, https:\/\/mlr04w2evrow.i.optimole.com\/cb:O59K.20376\/w:auto\/h:auto\/q:mauto\/f:best\/https:\/\/i0.wp.com\/mlr04w2evrow.i.optimole.com\/w%3A804\/h%3A603\/q%3Amauto\/process%3A704\/id%3Ad887c6ce07d2760fac63d7d29a0b3e8a\/https%3A\/\/www.valenciablue.com\/populations-most-affected_4x3.png?resize=700%2C400&ssl=1 2x"},"classes":[]},{"id":1167,"url":"https:\/\/www.valenciablue.com\/es\/paternalism-still-pops-up-unexpectedly-in-spain\/","url_meta":{"origin":1083,"position":5},"title":"El paternalismo sigue apareciendo inesperadamente en Espa\u00f1a","author":"Admin","date":"17\/08\/2025","format":false,"excerpt":"Normalmente no frecuento los ba\u00f1os de mujeres, pero a simple vista not\u00e9 una disparidad entre las instalaciones de hombres y mujeres.","rel":"","context":"En \u00abDaily life\u00bb","block_context":{"text":"Daily life","link":"https:\/\/www.valenciablue.com\/es\/category\/daily-life\/"},"img":{"alt_text":"A man and woman's silhouette marking the entrance on a restroom door.","src":"https:\/\/mlr04w2evrow.i.optimole.com\/cb:O59K.20376\/w:auto\/h:auto\/q:mauto\/f:best\/https:\/\/i0.wp.com\/mlr04w2evrow.i.optimole.com\/w%3A1200\/h%3A900\/q%3Amauto\/process%3A1181\/id%3A52387369a9c1617658d31cdea51931b8\/https%3A\/\/www.valenciablue.com\/man-woman-sign-4x3-1.jpg?resize=350%2C200&ssl=1","width":350,"height":200,"srcset":"https:\/\/mlr04w2evrow.i.optimole.com\/cb:O59K.20376\/w:auto\/h:auto\/q:mauto\/f:best\/https:\/\/i0.wp.com\/mlr04w2evrow.i.optimole.com\/w%3A1200\/h%3A900\/q%3Amauto\/process%3A1181\/id%3A52387369a9c1617658d31cdea51931b8\/https%3A\/\/www.valenciablue.com\/man-woman-sign-4x3-1.jpg?resize=350%2C200&ssl=1 1x, https:\/\/mlr04w2evrow.i.optimole.com\/cb:O59K.20376\/w:auto\/h:auto\/q:mauto\/f:best\/https:\/\/i0.wp.com\/mlr04w2evrow.i.optimole.com\/w%3A1200\/h%3A900\/q%3Amauto\/process%3A1181\/id%3A52387369a9c1617658d31cdea51931b8\/https%3A\/\/www.valenciablue.com\/man-woman-sign-4x3-1.jpg?resize=525%2C300&ssl=1 1.5x, https:\/\/mlr04w2evrow.i.optimole.com\/cb:O59K.20376\/w:auto\/h:auto\/q:mauto\/f:best\/https:\/\/i0.wp.com\/mlr04w2evrow.i.optimole.com\/w%3A1200\/h%3A900\/q%3Amauto\/process%3A1181\/id%3A52387369a9c1617658d31cdea51931b8\/https%3A\/\/www.valenciablue.com\/man-woman-sign-4x3-1.jpg?resize=700%2C400&ssl=1 2x, https:\/\/mlr04w2evrow.i.optimole.com\/cb:O59K.20376\/w:auto\/h:auto\/q:mauto\/f:best\/https:\/\/i0.wp.com\/mlr04w2evrow.i.optimole.com\/w%3A1200\/h%3A900\/q%3Amauto\/process%3A1181\/id%3A52387369a9c1617658d31cdea51931b8\/https%3A\/\/www.valenciablue.com\/man-woman-sign-4x3-1.jpg?resize=1050%2C600&ssl=1 3x"},"classes":[]}],"jetpack_shortlink":"https:\/\/wp.me\/pftBvt-ht","jetpack_sharing_enabled":true,"jetpack_likes_enabled":true,"_links":{"self":[{"href":"https:\/\/www.valenciablue.com\/es\/wp-json\/wp\/v2\/posts\/1083","targetHints":{"allow":["GET"]}}],"collection":[{"href":"https:\/\/www.valenciablue.com\/es\/wp-json\/wp\/v2\/posts"}],"about":[{"href":"https:\/\/www.valenciablue.com\/es\/wp-json\/wp\/v2\/types\/post"}],"author":[{"embeddable":true,"href":"https:\/\/www.valenciablue.com\/es\/wp-json\/wp\/v2\/users\/2"}],"replies":[{"embeddable":true,"href":"https:\/\/www.valenciablue.com\/es\/wp-json\/wp\/v2\/comments?post=1083"}],"version-history":[{"count":8,"href":"https:\/\/www.valenciablue.com\/es\/wp-json\/wp\/v2\/posts\/1083\/revisions"}],"predecessor-version":[{"id":1119,"href":"https:\/\/www.valenciablue.com\/es\/wp-json\/wp\/v2\/posts\/1083\/revisions\/1119"}],"wp:featuredmedia":[{"embeddable":true,"href":"https:\/\/www.valenciablue.com\/es\/wp-json\/wp\/v2\/media\/1100"}],"wp:attachment":[{"href":"https:\/\/www.valenciablue.com\/es\/wp-json\/wp\/v2\/media?parent=1083"}],"wp:term":[{"taxonomy":"category","embeddable":true,"href":"https:\/\/www.valenciablue.com\/es\/wp-json\/wp\/v2\/categories?post=1083"},{"taxonomy":"post_tag","embeddable":true,"href":"https:\/\/www.valenciablue.com\/es\/wp-json\/wp\/v2\/tags?post=1083"}],"curies":[{"name":"gracias","href":"https:\/\/api.w.org\/{rel}","templated":true}]}}